{"id":173338,"date":"2025-10-13T06:24:14","date_gmt":"2025-10-13T06:24:14","guid":{"rendered":"https:\/\/www.europesays.com\/es\/173338\/"},"modified":"2025-10-13T06:24:14","modified_gmt":"2025-10-13T06:24:14","slug":"abucheos-a-sanchez-en-el-desfile-del-12-de-octubre-y-salida-anticipada-del-palacio-real","status":"publish","type":"post","link":"https:\/\/www.europesays.com\/es\/173338\/","title":{"rendered":"Abucheos a S\u00e1nchez en el desfile del 12 de octubre y salida anticipada del Palacio Real"},"content":{"rendered":"<p>\n                    Publicado                 12\/10\/2025 &#8211; 18:04 CEST<br \/>\n                \u2022Ultima actualizaci\u00f3n<br \/>\n                                     18:26\n                                        <\/p>\n<p>          <img decoding=\"async\" class=\"c-ad__placeholder__logo\" src=\"https:\/\/static.euronews.com\/website\/images\/logos\/logo-euronews-stacked-outlined-72x72-grey-9.svg\" width=\"72\" height=\"72\" alt=\"\" loading=\"lazy\"\/><br \/>\n          PUBLICIDAD<\/p>\n<p>Las suaves temperaturas del centro de Madrid, en contraste con la lluvia que <a href=\"https:\/\/es.euronews.com\/my-europe\/2024\/10\/12\/asi-ha-sido-el-desfile-del-dia-de-la-fiesta-nacional-y-dia-de-la-hispanidad-en-madrid\" rel=\"nofollow noopener\" target=\"_blank\">casi cancela el acto el a\u00f1o pasado<\/a>, permitieron que miles de ciudadanos con banderas de Espa\u00f1a pudieran centrar su atenci\u00f3n en el <a href=\"https:\/\/es.euronews.com\/2025\/10\/12\/en-imagenes-desfile-del-12-de-octubre-dia-de-la-hispanidad-2025\" rel=\"nofollow noopener\" target=\"_blank\">desfile militar del 12 de octubre<\/a>. Sin embargo, no todos los presentes mostraron el mismo entusiasmo ante todas las autoridades.<\/p>\n<p><strong>Pedro S\u00e1nchez fue recibido con una sonora protesta<\/strong> a su llegada a la tribuna de autoridades en la plaza de C\u00e1novas del Castillo, poco despu\u00e9s de las 11:00. Entre los gritos m\u00e1s destacados se escucharon \u00ab\u00a1Fuera!\u00bb y expresiones m\u00e1s contundentes de rechazo.<\/p>\n<p>Los <strong>abucheos, insultos y pitidos<\/strong> se intensificaron especialmente cuando el presidente salud\u00f3 a la Familia Real: primero al rey Felipe VI, despu\u00e9s a la reina Letizia y finalmente a las infantas Leonor, vestida con el uniforme del Ej\u00e9rcito del Aire y del Espacio, y Sof\u00eda con una capa cubriendo un elegante vestido negro. Tras los saludos protocolarios, Sus Majestades y S\u00e1nchez escucharon juntos el himno nacional.<\/p>\n<p>Salida anticipada y pol\u00e9mica<\/p>\n<p>El presidente <strong>abandon\u00f3 la recepci\u00f3n en el Palacio Real poco antes de las 14:00<\/strong>, tras permanecer apenas unos minutos en el acto al que asistieron m\u00e1s de mil invitados. Despu\u00e9s de saludar brevemente a los Reyes y a sus hijas, S\u00e1nchez se march\u00f3 de la celebraci\u00f3n.<\/p>\n<p>Desde la Moncloa justificaron la salida anticipada alegando que el presidente deb\u00eda prepararse para su <a href=\"https:\/\/es.euronews.com\/2025\/10\/11\/pedro-sanchez-asistira-a-la-cumbre-de-lideres-mundiales-en-egipto-para-conmemorar-el-fin-d\" rel=\"nofollow noopener\" target=\"_blank\">viaje a Sharm El-Sheikh (Egipto)<\/a>, donde asistir\u00eda a la ceremonia de firma del acuerdo para poner fin a la guerra en Gaza. No obstante, la decisi\u00f3n gener\u00f3 reacciones diversas. <strong>\u00d3scar Puente<\/strong>, ministro de Transportes, coment\u00f3 en tono de \u00abbroma\u00bb que \u00abquerr\u00e1 comer con su familia\u00bb, mientras que <strong>Alberto N\u00fa\u00f1ez Feij\u00f3o<\/strong>, l\u00edder del PP, cuestion\u00f3 la marcha del presidente: \u00ab\u00bfS\u00e1nchez se ha marchado? \u00bfNo le gusta el D\u00eda de la hispanidad?\u00bb.<\/p>\n<p>Horas antes del desfile, S\u00e1nchez hab\u00eda felicitado el <a href=\"https:\/\/es.euronews.com\/2025\/10\/12\/asi-es-el-desfile-militar-de-la-fiesta-nacional-2025-en-madrid-con-casi-4000-efectivos\" rel=\"nofollow noopener\" target=\"_blank\">D\u00eda de la Fiesta Nacional<\/a> mediante un v\u00eddeo en la red social X, mostr\u00e1ndose orgulloso \u00abde nuestro pa\u00eds, de su gente, de su solidaridad y diversidad, de su riqueza cultural y su patrimonio natural\u00bb.<\/p>\n","protected":false},"excerpt":{"rendered":"Publicado 12\/10\/2025 &#8211; 18:04 CEST \u2022Ultima actualizaci\u00f3n 18:26 PUBLICIDAD Las suaves temperaturas del centro de Madrid, en contraste&hellip;\n","protected":false},"author":2,"featured_media":173339,"comment_status":"","ping_status":"","sticky":false,"template":"","format":"standard","meta":{"footnotes":""},"categories":[8],"tags":[17,18,49644,25,24,13,14,49209,11,19,20,205,9,10,15,16,2959,23,12,21,22],"class_list":{"0":"post-173338","1":"post","2":"type-post","3":"status-publish","4":"format-standard","5":"has-post-thumbnail","7":"category-espana","8":"tag-breaking-news","9":"tag-breakingnews","10":"tag-desfile-militar","11":"tag-es","12":"tag-espana","13":"tag-featured-news","14":"tag-featurednews","15":"tag-fiesta-nacional","16":"tag-headlines","17":"tag-latest-news","18":"tag-latestnews","19":"tag-madrid","20":"tag-news","21":"tag-noticias","22":"tag-noticias-destacadas","23":"tag-noticiasdestacadas","24":"tag-pedro-sanchez","25":"tag-spain","26":"tag-titulares","27":"tag-ultimas-noticias","28":"tag-ultimasnoticias"},"share_on_mastodon":{"url":"","error":""},"_links":{"self":[{"href":"https:\/\/www.europesays.com\/es\/wp-json\/wp\/v2\/posts\/173338","targetHints":{"allow":["GET"]}}],"collection":[{"href":"https:\/\/www.europesays.com\/es\/wp-json\/wp\/v2\/posts"}],"about":[{"href":"https:\/\/www.europesays.com\/es\/wp-json\/wp\/v2\/types\/post"}],"author":[{"embeddable":true,"href":"https:\/\/www.europesays.com\/es\/wp-json\/wp\/v2\/users\/2"}],"replies":[{"embeddable":true,"href":"https:\/\/www.europesays.com\/es\/wp-json\/wp\/v2\/comments?post=173338"}],"version-history":[{"count":0,"href":"https:\/\/www.europesays.com\/es\/wp-json\/wp\/v2\/posts\/173338\/revisions"}],"wp:featuredmedia":[{"embeddable":true,"href":"https:\/\/www.europesays.com\/es\/wp-json\/wp\/v2\/media\/173339"}],"wp:attachment":[{"href":"https:\/\/www.europesays.com\/es\/wp-json\/wp\/v2\/media?parent=173338"}],"wp:term":[{"taxonomy":"category","embeddable":true,"href":"https:\/\/www.europesays.com\/es\/wp-json\/wp\/v2\/categories?post=173338"},{"taxonomy":"post_tag","embeddable":true,"href":"https:\/\/www.europesays.com\/es\/wp-json\/wp\/v2\/tags?post=173338"}],"curies":[{"name":"wp","href":"https:\/\/api.w.org\/{rel}","templated":true}]}}