{"id":173342,"date":"2025-10-13T06:27:19","date_gmt":"2025-10-13T06:27:19","guid":{"rendered":"https:\/\/www.europesays.com\/es\/173342\/"},"modified":"2025-10-13T06:27:19","modified_gmt":"2025-10-13T06:27:19","slug":"jonathan-estebanez-peta-se-proclama-campeon-del-xxv-campeonato-de-espana-goyesco-de-recortes-en-zaragoza","status":"publish","type":"post","link":"https:\/\/www.europesays.com\/es\/173342\/","title":{"rendered":"Jonathan Est\u00e9banez \u201cPeta\u201d se proclama campe\u00f3n del XXV Campeonato de Espa\u00f1a Goyesco de Recortes en Zaragoza"},"content":{"rendered":"<p>            <a href=\"https:\/\/www.lascosasdeltoro.com\/wp-content\/uploads\/2025\/10\/Jonathan-Estebanez-Peta-se-proclama-campeon-del-XXV-Campeonato-de-Espana-Goyesco-de-Recortes-en-Zaragoza.jpg\" data-caption=\"\" rel=\"nofollow noopener\" target=\"_blank\"><img loading=\"lazy\" decoding=\"async\" width=\"696\" height=\"1044\" class=\"entry-thumb td-modal-image\" src=\"https:\/\/www.europesays.com\/es\/wp-content\/uploads\/2025\/10\/Jonathan-Estebanez-Peta-se-proclama-campeon-del-XXV-Campeonato-de-Espana-Goyesco-de-Recortes-en-Zara.jpeg\"   alt=\"\" title=\"Jonathan Est\u00e9banez \u201cPeta\u201d se proclama campe\u00f3n del XXV Campeonato de Espa\u00f1a Goyesco de Recortes en Zaragoza\"\/><\/a><\/p>\n<p><strong>Hoy, D\u00eda de la Hispanidad<\/strong>, la plaza de toros de Zaragoza acogi\u00f3 al\u00a0<strong>XXV Campeonato de Espa\u00f1a Goyesco de Recortes con Toros. \u00a0<\/strong>Se lidiaron toros de la ganader\u00eda\u00a0<strong>S\u00e1nchez Herrero<\/strong>, bien presentados y con un comportamiento exigente.\u00a0<\/p>\n<p>El gran vencedor fue\u00a0<strong>Jonathan Est\u00e9banez \u201cPeta\u201d<\/strong>, de\u00a0<strong>Arganda del Rey (Madrid)<\/strong>, quien brill\u00f3 con una actuaci\u00f3n llena de poder\u00edo, temple y ajuste, proclam\u00e1ndose\u00a0<strong>campe\u00f3n de Espa\u00f1a<\/strong>. En segundo lugar se clasific\u00f3\u00a0<strong>Juan Carlos Garc\u00eda \u201cJuancar\u201d<\/strong>, de\u00a0<strong>La Puebla de Montalb\u00e1n (Toledo)<\/strong>, mientras que\u00a0<strong>Sa\u00fal Pardo<\/strong>, de\u00a0<strong>Paniza (Zaragoza)<\/strong>, complet\u00f3 el podio con una destacada actuaci\u00f3n ante su p\u00fablico.<\/p>\n<p>La ma\u00f1ana tuvo su parte amarga con el\u00a0<strong>percance sufrido por Sa\u00fal Pardo<\/strong>, que fue alcanzado por uno de los toros y\u00a0<strong>sufri\u00f3 una cornada<\/strong>\u00a0durante su turno. El recortador fue atendido de inmediato por los servicios m\u00e9dicos de la plaza y trasladado al hospital, donde se encuentra\u00a0<strong>fuera de peligro<\/strong>.<\/p>\n<p><a href=\"#\"><img decoding=\"async\" src=\"https:\/\/www.lascosasdeltoro.com\/wp-content\/uploads\/2016\/10\/rec728.jpg\"\/><\/a>        <\/p>\n","protected":false},"excerpt":{"rendered":"Hoy, D\u00eda de la Hispanidad, la plaza de toros de Zaragoza acogi\u00f3 al\u00a0XXV Campeonato de Espa\u00f1a Goyesco de&hellip;\n","protected":false},"author":2,"featured_media":173343,"comment_status":"","ping_status":"","sticky":false,"template":"","format":"standard","meta":{"footnotes":""},"categories":[277],"tags":[373,168,25,24,23,167,374],"class_list":{"0":"post-173342","1":"post","2":"type-post","3":"status-publish","4":"format-standard","5":"has-post-thumbnail","7":"category-toreo","8":"tag-bullfighting","9":"tag-deportes","10":"tag-es","11":"tag-espana","12":"tag-spain","13":"tag-sports","14":"tag-toreo"},"share_on_mastodon":{"url":"","error":""},"_links":{"self":[{"href":"https:\/\/www.europesays.com\/es\/wp-json\/wp\/v2\/posts\/173342","targetHints":{"allow":["GET"]}}],"collection":[{"href":"https:\/\/www.europesays.com\/es\/wp-json\/wp\/v2\/posts"}],"about":[{"href":"https:\/\/www.europesays.com\/es\/wp-json\/wp\/v2\/types\/post"}],"author":[{"embeddable":true,"href":"https:\/\/www.europesays.com\/es\/wp-json\/wp\/v2\/users\/2"}],"replies":[{"embeddable":true,"href":"https:\/\/www.europesays.com\/es\/wp-json\/wp\/v2\/comments?post=173342"}],"version-history":[{"count":0,"href":"https:\/\/www.europesays.com\/es\/wp-json\/wp\/v2\/posts\/173342\/revisions"}],"wp:featuredmedia":[{"embeddable":true,"href":"https:\/\/www.europesays.com\/es\/wp-json\/wp\/v2\/media\/173343"}],"wp:attachment":[{"href":"https:\/\/www.europesays.com\/es\/wp-json\/wp\/v2\/media?parent=173342"}],"wp:term":[{"taxonomy":"category","embeddable":true,"href":"https:\/\/www.europesays.com\/es\/wp-json\/wp\/v2\/categories?post=173342"},{"taxonomy":"post_tag","embeddable":true,"href":"https:\/\/www.europesays.com\/es\/wp-json\/wp\/v2\/tags?post=173342"}],"curies":[{"name":"wp","href":"https:\/\/api.w.org\/{rel}","templated":true}]}}