{"id":173372,"date":"2025-10-13T06:50:15","date_gmt":"2025-10-13T06:50:15","guid":{"rendered":"https:\/\/www.europesays.com\/es\/173372\/"},"modified":"2025-10-13T06:50:15","modified_gmt":"2025-10-13T06:50:15","slug":"morante-dedica-una-faena-a-diaz-ayuso-y-a-abascal","status":"publish","type":"post","link":"https:\/\/www.europesays.com\/es\/173372\/","title":{"rendered":"Morante dedica una faena a D\u00edaz Ayuso y a Abascal"},"content":{"rendered":"<p class=\"paragraph\">Alrededor de <b>23.000 aficionados<\/b> hicieron que la plaza de toros de Las Ventas tuviera que colgar el cartel de \u00abNo hay billetes\u00bb este domingo. Dentro del ruedo se celebraba el festival homenaje y pro monumento al torero <b>Antonio Chenel, Anto\u00f1ete, <\/b>organizado por uno de sus m\u00e1s fervientes admiradores: <b>Morante de la Puebla<\/b>.<\/p>\n<p class=\"paragraph\">Anto\u00f1ete era oficialmente, por tanto, el homenajeado, pero en el festival taurino se col\u00f3 un homenaje fuera de programa: el que le dedic\u00f3 el anfitri\u00f3n a la presidenta de la Comunidad de Madrid, <b>Isabel D\u00edaz Ayuso<\/b>. \u00abVa por usted y por todo lo que defiende. Es usted una valiente\u00bb, le dijo Morante.<\/p>\n<p class=\"paragraph\"><b>Esperanza Aguirre<\/b>, expresidenta de la Comunidad de Madrid, se hizo eco de este comentado gesto que le dedic\u00f3 el diestro a D\u00edaz Ayuso, y subi\u00f3 a su perfil de X las palabras de Morante.<\/p>\n<p class=\"paragraph\">Los problemas han llegado para Morante con el segundo toro del lote. Al <b>comienzo de la faena de muleta<\/b>, <a href=\"https:\/\/www.eldebate.com\/cultura\/20251012\/susto-morante-puebla-ventas_343823.html\" rel=\"nofollow noopener\" target=\"_blank\">el astado alcanz\u00f3 al diestro, que lo volte\u00f3<\/a>, aunque sin llegar a cogerle.<\/p>\n<p class=\"paragraph\">El torero ha ca\u00eddo mal, sobre el cuello y, al volver a caminar junto a su cuadrilla, se le ha visto <b>algo conmocionado<\/b>, apoy\u00e1ndose en la barrera. Sin embargo, Morante se repuso y termin\u00f3 la faena, que dedic\u00f3 al presidente de Vox, Santiago Abascal.<\/p>\n<p class=\"paragraph\">La jornada de hoy va a quedar marcada tanto para los all\u00ed presentes como para todos<b> los amantes del mundo taurino<\/b>: para sorpresa de todos, <a href=\"https:\/\/www.eldebate.com\/cultura\/20251012\/morante-puebla-retira-sorpresa-ventas-sufrir-voltereta-cortar-dos-orejas_343824.html\" rel=\"nofollow noopener\" target=\"_blank\">Morante se ha cortado la coleta<\/a> y ha anunciado su retirada visiblemente emocionado.<\/p>\n<p class=\"paragraph\">La temporada de 2025 pasar\u00e1 a la historia por el regreso y la retirada de Morante, un torero singular, estudioso de sus &#8216;mayores&#8217; y de la Fiesta, que volvi\u00f3 a los ruedos <b>tras una larga ausencia<\/b> forzada por una depresi\u00f3n.<\/p>\n","protected":false},"excerpt":{"rendered":"Alrededor de 23.000 aficionados hicieron que la plaza de toros de Las Ventas tuviera que colgar el cartel&hellip;\n","protected":false},"author":2,"featured_media":173373,"comment_status":"","ping_status":"","sticky":false,"template":"","format":"standard","meta":{"footnotes":""},"categories":[277],"tags":[373,168,25,24,23,167,374],"class_list":{"0":"post-173372","1":"post","2":"type-post","3":"status-publish","4":"format-standard","5":"has-post-thumbnail","7":"category-toreo","8":"tag-bullfighting","9":"tag-deportes","10":"tag-es","11":"tag-espana","12":"tag-spain","13":"tag-sports","14":"tag-toreo"},"share_on_mastodon":{"url":"","error":""},"_links":{"self":[{"href":"https:\/\/www.europesays.com\/es\/wp-json\/wp\/v2\/posts\/173372","targetHints":{"allow":["GET"]}}],"collection":[{"href":"https:\/\/www.europesays.com\/es\/wp-json\/wp\/v2\/posts"}],"about":[{"href":"https:\/\/www.europesays.com\/es\/wp-json\/wp\/v2\/types\/post"}],"author":[{"embeddable":true,"href":"https:\/\/www.europesays.com\/es\/wp-json\/wp\/v2\/users\/2"}],"replies":[{"embeddable":true,"href":"https:\/\/www.europesays.com\/es\/wp-json\/wp\/v2\/comments?post=173372"}],"version-history":[{"count":0,"href":"https:\/\/www.europesays.com\/es\/wp-json\/wp\/v2\/posts\/173372\/revisions"}],"wp:featuredmedia":[{"embeddable":true,"href":"https:\/\/www.europesays.com\/es\/wp-json\/wp\/v2\/media\/173373"}],"wp:attachment":[{"href":"https:\/\/www.europesays.com\/es\/wp-json\/wp\/v2\/media?parent=173372"}],"wp:term":[{"taxonomy":"category","embeddable":true,"href":"https:\/\/www.europesays.com\/es\/wp-json\/wp\/v2\/categories?post=173372"},{"taxonomy":"post_tag","embeddable":true,"href":"https:\/\/www.europesays.com\/es\/wp-json\/wp\/v2\/tags?post=173372"}],"curies":[{"name":"wp","href":"https:\/\/api.w.org\/{rel}","templated":true}]}}