{"id":173374,"date":"2025-10-13T06:51:10","date_gmt":"2025-10-13T06:51:10","guid":{"rendered":"https:\/\/www.europesays.com\/es\/173374\/"},"modified":"2025-10-13T06:51:10","modified_gmt":"2025-10-13T06:51:10","slug":"graves-problemas-para-ilia-topuria","status":"publish","type":"post","link":"https:\/\/www.europesays.com\/es\/173374\/","title":{"rendered":"Graves problemas para Ilia Topuria"},"content":{"rendered":"<p class=\"parrafo\"><strong>Ilia Topuria<\/strong> estuvo el s\u00e1bado en el Estadio Mart\u00ednez Valero con motivo del partido disputado entre las selecciones de Espa\u00f1a y Georgia. Durante el encuentro, Ilia Topuria, que lleg\u00f3 a Alicante siendo un adolescente, fue aclamado por los aficionados. Un momento de felicidad ante una situaci\u00f3n complicada. <\/p>\n<p class=\"parrafo\">Todav\u00eda <a href=\"https:\/\/www.estadiodeportivo.com\/ufc\/rival-topuria-carga-contra-las-mujeres-deporte-hombres-20251010-515815.html\" target=\"_blank\" class=\"intext-link\" rel=\"nofollow noopener\">sin conocer qui\u00e9n ser\u00e1 su rival en su primera defensa del cintur\u00f3n de campe\u00f3n de peso Ligero en la UFC<\/a>, El Matador est\u00e1 pasando un problema personal bastante importante, como es la <strong>ruptura de su relaci\u00f3n con Giorgina Uzcategui,<\/strong> madre de su hija. <\/p>\n<p><a class=\"elementos-rel-t2\" href=\"https:\/\/www.estadiodeportivo.com\/ufc\/rival-topuria-carga-contra-las-mujeres-deporte-hombres-20251010-515815.html\" title=\"El rival de Topuria carga contra las mujeres: &quot;Es un deporte de hombres...&quot;\" rel=\"nofollow noopener\" target=\"_blank\">El rival de Topuria carga contra las mujeres: \u00abEs un deporte de hombres&#8230;\u00bb<img decoding=\"async\" src=\"https:\/\/www.europesays.com\/es\/wp-content\/uploads\/2025\/10\/b6ea9056-438c-488d-a4ec-0be9c286febf_320x180.jpeg\" alt=\"El rival de Topuria carga contra las mujeres: &quot;Es un deporte de hombres...&quot;\"\/><\/a>EL FINAL DE TOPURIA Y UZCATEGUI<\/p>\n<p class=\"parrafo\">Despu\u00e9s de m\u00e1s de cuatro a\u00f1os juntos y una hija en com\u00fan, la pareja ha decidido acabar con la relaci\u00f3n. Mientras que <strong>el entorno de Topuria afirma que no habla \u00abde otra cosa que no sea deporte\u00bb<\/strong>, el de la venezolana no se pronuncia, m\u00e1s all\u00e1 de lo que publica en redes sociales, donde ha borrado fotos con el luchador de la UFC y ambos han tenido un vaiv\u00e9n de dejarse de seguir y volverse a seguir en Instagram. <\/p>\n<p><img decoding=\"async\" src=\"https:\/\/www.europesays.com\/es\/wp-content\/uploads\/2025\/10\/fa3b0b93-daa7-4fab-8ad8-9d4e88c3ad66_800x1000.jpeg\" loading=\"lazy\"\/><\/p>\n<p class=\"parrafo\">Giorgina se ha limitado a publicar una foto con su hija que acompa\u00f1a con el texto: \u00abEl amor que te abre los ojos y el alma\u00bb. La segunda publicaci\u00f3n est\u00e1 relacionada con su fe, la cual est\u00e1 muy presente en su perfil y en su vida.<strong> \u00abSi tuviera que elegir .. una y mil veces elegir\u00eda ser una hija de Cristo.<\/strong> Porque sobre todas las cosas, guarda mi coraz\u00f3n y en su infinita misericordia me ense\u00f1a a perdonar, me abraza con su presencia toda poderosa y me permite cerrar mis ojos y abrirle mi alma para que siempre, siempre.. habite en m\u00ed\u00bb, escribe. <\/p>\n<p class=\"parrafo\">La pareja se cas\u00f3 en privado, tanto por lo civil como por la iglesia, estando siempre juntos desde que se conocieron en Miami. Topuria siempre ha dicho que su sue\u00f1o m\u00e1s importante era \u00abel de formar una familia\u00bb, y quienes conocen al luchador aseguran que Giorgina ha sido clave en su estabilidad fuera del oct\u00e1gono. <\/p>\n<p><img decoding=\"async\" src=\"https:\/\/www.europesays.com\/es\/wp-content\/uploads\/2025\/10\/ea95634e-f389-4dbe-86da-9b54789b9dda_800x533.jpeg\" loading=\"lazy\"\/>GIORGINA UZCATEGUI, PREPARADA<\/p>\n<p class=\"parrafo\">Formada en Administraci\u00f3n y Direcci\u00f3n de Empresas en el Miami Dade College, con un postgrado por la Universidad de Suffolk de Boston, <strong>Giorgina Uzcategui tiene una empresa de energ\u00edas renovables en Estados Unidos y hasta la fecha llevaba la marca del que era su marido<\/strong>, habiendo funcionado tanto en lo personal como en lo profesional juntos. <\/p>\n<p class=\"parrafo\">Adem\u00e1s, Giorgina tambi\u00e9n es creadora de contenido, ya que en redes sociales acumula casi un mill\u00f3n de seguidores.<\/p>\n","protected":false},"excerpt":{"rendered":"Ilia Topuria estuvo el s\u00e1bado en el Estadio Mart\u00ednez Valero con motivo del partido disputado entre las selecciones&hellip;\n","protected":false},"author":2,"featured_media":173375,"comment_status":"","ping_status":"","sticky":false,"template":"","format":"standard","meta":{"footnotes":""},"categories":[276],"tags":[741,168,25,24,284,742,1523,744,23,167,343],"class_list":{"0":"post-173374","1":"post","2":"type-post","3":"status-publish","4":"format-standard","5":"has-post-thumbnail","7":"category-ufc","8":"tag-al-toque","9":"tag-deportes","10":"tag-es","11":"tag-espana","12":"tag-estadio-deportivo","13":"tag-estar-al-dia","14":"tag-ilia-topuria","15":"tag-polideportivo","16":"tag-spain","17":"tag-sports","18":"tag-ufc"},"share_on_mastodon":{"url":"","error":""},"_links":{"self":[{"href":"https:\/\/www.europesays.com\/es\/wp-json\/wp\/v2\/posts\/173374","targetHints":{"allow":["GET"]}}],"collection":[{"href":"https:\/\/www.europesays.com\/es\/wp-json\/wp\/v2\/posts"}],"about":[{"href":"https:\/\/www.europesays.com\/es\/wp-json\/wp\/v2\/types\/post"}],"author":[{"embeddable":true,"href":"https:\/\/www.europesays.com\/es\/wp-json\/wp\/v2\/users\/2"}],"replies":[{"embeddable":true,"href":"https:\/\/www.europesays.com\/es\/wp-json\/wp\/v2\/comments?post=173374"}],"version-history":[{"count":0,"href":"https:\/\/www.europesays.com\/es\/wp-json\/wp\/v2\/posts\/173374\/revisions"}],"wp:featuredmedia":[{"embeddable":true,"href":"https:\/\/www.europesays.com\/es\/wp-json\/wp\/v2\/media\/173375"}],"wp:attachment":[{"href":"https:\/\/www.europesays.com\/es\/wp-json\/wp\/v2\/media?parent=173374"}],"wp:term":[{"taxonomy":"category","embeddable":true,"href":"https:\/\/www.europesays.com\/es\/wp-json\/wp\/v2\/categories?post=173374"},{"taxonomy":"post_tag","embeddable":true,"href":"https:\/\/www.europesays.com\/es\/wp-json\/wp\/v2\/tags?post=173374"}],"curies":[{"name":"wp","href":"https:\/\/api.w.org\/{rel}","templated":true}]}}