{"id":173409,"date":"2025-10-13T07:20:13","date_gmt":"2025-10-13T07:20:13","guid":{"rendered":"https:\/\/www.europesays.com\/es\/173409\/"},"modified":"2025-10-13T07:20:13","modified_gmt":"2025-10-13T07:20:13","slug":"dean-huijsen-talisman-en-la-victoria-del-malaga-frente-al-deportivo","status":"publish","type":"post","link":"https:\/\/www.europesays.com\/es\/173409\/","title":{"rendered":"Dean Huijsen, talism\u00e1n en la victoria del M\u00e1laga frente al Deportivo"},"content":{"rendered":"<p><a class=\"v-mdl-ath__fig-a\" href=\"https:\/\/www.diariosur.es\/autor\/jorge-garrido-6979.html\" title=\"Jorge Garrido\" rel=\"nofollow noopener\" target=\"_blank\"><br \/>\n<img decoding=\"async\" class=\"v-mdl-ath__img\" src=\"https:\/\/www.europesays.com\/es\/wp-content\/uploads\/2025\/10\/autor-6979-foto-1.jpeg\" alt=\"Jorge Garrido\"\/><br \/>\n<\/a><\/p>\n<p class=\"v-mdl-ath__p v-mdl-ath__p--6\">\nDomingo, 12 de octubre 2025<\/p>\n<p>| Actualizado 13\/10\/2025 00:08h.<\/p>\n<p class=\"v-p\">Dean Huijsen, actual defensa de la selecci\u00f3n espa\u00f1ola y el Real Madrid y canterano del M\u00e1laga, no quiso perderse la crucial victoria del cuadro de  &#8230; Martiricos frente al Deportivo. El zaguero marbell\u00ed, que ya es un habitual en las convocatorias de Luis De la Fuente, tuvo que marcharse de la concentraci\u00f3n con La Roja por unas molestias musculares y acudi\u00f3 a La Rosaleda con su padre a presenciar el encuentro. Se sent\u00f3 en el palco, detr\u00e1s de los directivos blanquiazules, como el administrador judicial, Jos\u00e9 Mar\u00eda Mu\u00f1oz, o el director deportivo, Loren Juarros. Tras el descanso, se puso la camiseta blanquiazul de esta temporada y despu\u00e9s bajo al vestuario para celebrar el vital triunfo con los futbolistas.<\/p>\n<p class=\"v-p\">Esta es la en\u00e9sima muestra de malaguismo de Huijsen. Ya fue &#8216;cazado&#8217; hace un par de a\u00f1os viendo a su exequipo, cuando el M\u00e1laga militaba en Primera RFEF, y ha reiterado en numerosas ocasiones en entrevistas que es un fiel seguidor blanquiazul, incluso llegando a decir que su sue\u00f1o es jugar alg\u00fan d\u00eda con el primer equipo en La Rosaleda.<\/p>\n<p class=\"v-p\">Huijsen naci\u00f3 en \u00c1msterdam, pero su familia se traslad\u00f3 a Marbella cuando \u00e9l ten\u00eda cuatro a\u00f1os. Su padre Donny tambi\u00e9n fue futbolista, aunque jugaba de delantero. Fich\u00f3 por la cantera del M\u00e1laga con 10 a\u00f1os, y Pellicer lo subi\u00f3 a entrenar con el primer equipo en m\u00e1s de una ocasi\u00f3n. Con 16 firm\u00f3 por la Juventus de Tur\u00edn, que lo cedi\u00f3 a la Roma poco despu\u00e9s. Pero fue la temporada pasada en el Bournemouth de Andoni Iraola donde explot\u00f3, siendo convocado con la selecci\u00f3n espa\u00f1ola absoluta en marzo y haci\u00e9ndose indispensable para De la Fuente desde entonces. <\/p>\n<p class=\"v-crt__t\"> L\u00edmite de sesiones alcanzadas<\/p>\n<p class=\"v-crt__p\">El acceso al contenido Premium est\u00e1 abierto por cortes\u00eda del establecimiento donde te encuentras, pero ahora mismo hay demasiados usuarios conectados a las vez.<\/p>\n<p class=\"v-crt__p\">Por favor, int\u00e9ntalo pasados unos minutos.<\/p>\n<p>\nVolver a intentar\n<\/p>\n<p class=\"v-crt__t\">Sesi\u00f3n cerrada<\/p>\n<p class=\"v-crt__p\">Al iniciar sesi\u00f3n desde un dispositivo distinto, por seguridad, se cerr\u00f3 la \u00faltima sesi\u00f3n en este.<\/p>\n<p class=\"v-crt__p\">Para continuar disfrutando de su suscripci\u00f3n digital, inicie sesi\u00f3n en este dispositivo.<\/p>\n<p>\nEste contenido es exclusivo para suscriptores\n<\/p>\n<p class=\"text\">\u00bfTienes una suscripci\u00f3n? <a href=\"https:\/\/secure.diariosur.es\/identidad\/inicio#vca=suscribete&amp;vso=diariosur&amp;vmc=on&amp;vli=cdn-ce-link-login\" class=\"login\" data-voc-vtm-id=\"comienzoSuscripcionON\" data-voc-vtm-info=\"cdn-ce-link-login\" rel=\"nofollow noopener\" target=\"_blank\">Inicia sesi\u00f3n<\/a><\/p>\n<p>Reporta un error<\/p>\n","protected":false},"excerpt":{"rendered":"Domingo, 12 de octubre 2025 | Actualizado 13\/10\/2025 00:08h. Dean Huijsen, actual defensa de la selecci\u00f3n espa\u00f1ola y&hellip;\n","protected":false},"author":2,"featured_media":173410,"comment_status":"","ping_status":"","sticky":false,"template":"","format":"standard","meta":{"footnotes":""},"categories":[268],"tags":[16528,168,25,24,280,282,39008,3855,1045,5838,8325,281,23,167],"class_list":{"0":"post-173409","1":"post","2":"type-post","3":"status-publish","4":"format-standard","5":"has-post-thumbnail","7":"category-futbol","8":"tag-dean","9":"tag-deportes","10":"tag-es","11":"tag-espana","12":"tag-football","13":"tag-futbol","14":"tag-huijsen","15":"tag-malaga","16":"tag-partido","17":"tag-perderse","18":"tag-quiso","19":"tag-soccer","20":"tag-spain","21":"tag-sports"},"share_on_mastodon":{"url":"","error":""},"_links":{"self":[{"href":"https:\/\/www.europesays.com\/es\/wp-json\/wp\/v2\/posts\/173409","targetHints":{"allow":["GET"]}}],"collection":[{"href":"https:\/\/www.europesays.com\/es\/wp-json\/wp\/v2\/posts"}],"about":[{"href":"https:\/\/www.europesays.com\/es\/wp-json\/wp\/v2\/types\/post"}],"author":[{"embeddable":true,"href":"https:\/\/www.europesays.com\/es\/wp-json\/wp\/v2\/users\/2"}],"replies":[{"embeddable":true,"href":"https:\/\/www.europesays.com\/es\/wp-json\/wp\/v2\/comments?post=173409"}],"version-history":[{"count":0,"href":"https:\/\/www.europesays.com\/es\/wp-json\/wp\/v2\/posts\/173409\/revisions"}],"wp:featuredmedia":[{"embeddable":true,"href":"https:\/\/www.europesays.com\/es\/wp-json\/wp\/v2\/media\/173410"}],"wp:attachment":[{"href":"https:\/\/www.europesays.com\/es\/wp-json\/wp\/v2\/media?parent=173409"}],"wp:term":[{"taxonomy":"category","embeddable":true,"href":"https:\/\/www.europesays.com\/es\/wp-json\/wp\/v2\/categories?post=173409"},{"taxonomy":"post_tag","embeddable":true,"href":"https:\/\/www.europesays.com\/es\/wp-json\/wp\/v2\/tags?post=173409"}],"curies":[{"name":"wp","href":"https:\/\/api.w.org\/{rel}","templated":true}]}}