{"id":173413,"date":"2025-10-13T07:23:12","date_gmt":"2025-10-13T07:23:12","guid":{"rendered":"https:\/\/www.europesays.com\/es\/173413\/"},"modified":"2025-10-13T07:23:12","modified_gmt":"2025-10-13T07:23:12","slug":"arte-y-solidaridad-se-unen-en-reflejo-de-un-compromiso-un-libro-ilustrado-con-el-que-solan-de-cabras-y-la-asociacion-espanola-contra-el-cancer-apoyan-a-quienes-luchan-contra-el-canc","status":"publish","type":"post","link":"https:\/\/www.europesays.com\/es\/173413\/","title":{"rendered":"Arte y solidaridad se unen en \u2018Reflejo de un compromiso\u2019, un libro ilustrado con el que Sol\u00e1n de Cabras y la Asociaci\u00f3n Espa\u00f1ola Contra el C\u00e1ncer apoyan a quienes luchan contra el c\u00e1ncer de mama"},"content":{"rendered":"<p>Desde hace doce a\u00f1os, <strong>Sol\u00e1n de Cabras<\/strong> mantiene una estrecha alianza con la <strong>Asociaci\u00f3n Espa\u00f1ola Contra el C\u00e1ncer,<\/strong> la cual busca dar visibilidad y apoyo a quienes viven cerca de esta realidad. Un proyecto que se materializa en esta ocasi\u00f3n en <a class=\"external-link\" data-event-click=\"{&quot;element&quot;:&quot;ExternalLink&quot;,&quot;outgoingURL&quot;:&quot;https:\/\/solandecabras.es\/reflejodeuncompromiso\/&quot;}\" href=\"https:\/\/solandecabras.es\/reflejodeuncompromiso\/\" rel=\"sponsored nofollow noopener\" target=\"_blank\">Reflejo de un compromiso<\/a>, un libro ilustrado que rinde homenaje a quienes acompa\u00f1an, cuidan, investigan y est\u00e1n presentes en la lucha contra esta enfermedad. La obra, concebida como un trabajo coral, re\u00fane el talento de siete artistas nacionales (<strong>Ana Jar\u00e9n, Carla Fuentes, \u00c1lex de Marcos, Amaia Arrazola, Carmen Garc\u00eda Huerta, Cinta Arribas<\/strong> y <strong>Pau Sanz i Vila<\/strong>), quienes, a trav\u00e9s de sus ilustraciones invitan a mirar el mundo con empat\u00eda y sensibilidad. En definitiva, escuchar, acompa\u00f1ar, concienciar, apoyar, investigar, sanar y ser una misma son los ejes que articulan esta iniciativa; un homenaje a todas las personas, instituciones y entidades que, de forma directa o indirecta, apoyan en la lucha contra el c\u00e1ncer de mama.<\/p>\n<p>El proyecto, apadrinado por la actriz <strong>Macarena Garc\u00eda<\/strong>, se materializa en un libro editado junto a <strong>La F\u00e1brica<\/strong>, que se erige como un s\u00edmbolo solidario que trasciende sus p\u00e1ginas. El <strong>100% de los beneficios<\/strong> obtenidos con su venta se destinar\u00e1 \u00edntegramente a la <strong>Asociaci\u00f3n Espa\u00f1ola Contra el C\u00e1ncer<\/strong>, reforzando el esfuerzo colectivo y promoviendo una mirada esperanzadora en la sociedad. El libro <strong>ya est\u00e1 disponible<\/strong> para su compra en la <strong>tienda online de Mahou San Miguel<\/strong> y, a partir del <strong>17 de octubre<\/strong>, podr\u00e1 encontrarse tambi\u00e9n en <strong>La Casa del Libro<\/strong>, <strong>Amazon<\/strong> y las <strong>librer\u00edas de La F\u00e1brica<\/strong>, as\u00ed como pr\u00f3ximamente en <strong>El Corte Ingl\u00e9s<\/strong> y <strong>Fnac<\/strong>.<\/p>\n<p>Sol\u00e1n de Cabras presenta tambi\u00e9n, como cada a\u00f1o, una de sus acciones m\u00e1s representativas: <strong>la edici\u00f3n especial de su ic\u00f3nica botella,<\/strong> en la que su azul habitual es sustituido por un rosa vibrante y repleto de significado. Esta vez, el dise\u00f1o se inspira concretamente en el lazo que simboliza la causa, aunque rodeado de gotas de agua.<\/p>\n<p><img decoding=\"async\" alt=\"Cortes\u00eda de Soln de Cabras\" loading=\"lazy\" class=\"ResponsiveImageContainer-eNxvmU cfBbTk responsive-image__image\"   src=\"https:\/\/www.europesays.com\/es\/wp-content\/uploads\/2025\/10\/Reflejo%20de%20un%20compromiso%20(5).jpg\"\/><\/p>\n<p>Cortes\u00eda de Sol\u00e1n de Cabras<\/p>\n<p>Cortes\u00eda de Sol\u00e1n de Cabras<\/p>\n<p>De esta manera, Sol\u00e1n de Cabras y la Asociaci\u00f3n conmemoran m\u00e1s de una d\u00e9cada de trabajo conjunto enfocado en visibilizar, concienciar y acompa\u00f1ar a pacientes y familias desde un enfoque humano y esperanzador. <strong>Una alianza que ha destinado m\u00e1s de 2,5 millones a la causa<\/strong> y que ha buscado m\u00faltiples aliados como LALIGA, Iberia, el Atl\u00e9tico de Madrid o el Real Madrid para afianzar este proyecto social.<\/p>\n<p><a class=\"external-link\" data-event-click=\"{&quot;element&quot;:&quot;ExternalLink&quot;,&quot;outgoingURL&quot;:&quot;https:\/\/solandecabras.es\/reflejodeuncompromiso\/&quot;}\" href=\"https:\/\/solandecabras.es\/reflejodeuncompromiso\/\" rel=\"sponsored nofollow noopener\" target=\"_blank\">Reflejo de un compromiso<\/a> no solo celebra la creatividad de los artistas y la solidaridad, sino que se convierte adem\u00e1s en <strong>un recordatorio de que incluso los gestos peque\u00f1os pueden generar grandes cambios.<\/strong> El arte se convierte aqu\u00ed en un veh\u00edculo de esperanza y de empat\u00eda, y refleja el compromiso de una sociedad m\u00e1s consciente y unida frente al c\u00e1ncer de mama.<\/p>\n","protected":false},"excerpt":{"rendered":"Desde hace doce a\u00f1os, Sol\u00e1n de Cabras mantiene una estrecha alianza con la Asociaci\u00f3n Espa\u00f1ola Contra el C\u00e1ncer,&hellip;\n","protected":false},"author":2,"featured_media":173414,"comment_status":"","ping_status":"","sticky":false,"template":"","format":"standard","meta":{"footnotes":""},"categories":[172],"tags":[229,224,146,147,25,24,225,23],"class_list":{"0":"post-173413","1":"post","2":"type-post","3":"status-publish","4":"format-standard","5":"has-post-thumbnail","7":"category-libros","8":"tag-arte","9":"tag-books","10":"tag-entertainment","11":"tag-entretenimiento","12":"tag-es","13":"tag-espana","14":"tag-libros","15":"tag-spain"},"share_on_mastodon":{"url":"","error":""},"_links":{"self":[{"href":"https:\/\/www.europesays.com\/es\/wp-json\/wp\/v2\/posts\/173413","targetHints":{"allow":["GET"]}}],"collection":[{"href":"https:\/\/www.europesays.com\/es\/wp-json\/wp\/v2\/posts"}],"about":[{"href":"https:\/\/www.europesays.com\/es\/wp-json\/wp\/v2\/types\/post"}],"author":[{"embeddable":true,"href":"https:\/\/www.europesays.com\/es\/wp-json\/wp\/v2\/users\/2"}],"replies":[{"embeddable":true,"href":"https:\/\/www.europesays.com\/es\/wp-json\/wp\/v2\/comments?post=173413"}],"version-history":[{"count":0,"href":"https:\/\/www.europesays.com\/es\/wp-json\/wp\/v2\/posts\/173413\/revisions"}],"wp:featuredmedia":[{"embeddable":true,"href":"https:\/\/www.europesays.com\/es\/wp-json\/wp\/v2\/media\/173414"}],"wp:attachment":[{"href":"https:\/\/www.europesays.com\/es\/wp-json\/wp\/v2\/media?parent=173413"}],"wp:term":[{"taxonomy":"category","embeddable":true,"href":"https:\/\/www.europesays.com\/es\/wp-json\/wp\/v2\/categories?post=173413"},{"taxonomy":"post_tag","embeddable":true,"href":"https:\/\/www.europesays.com\/es\/wp-json\/wp\/v2\/tags?post=173413"}],"curies":[{"name":"wp","href":"https:\/\/api.w.org\/{rel}","templated":true}]}}