{"id":173417,"date":"2025-10-13T07:25:06","date_gmt":"2025-10-13T07:25:06","guid":{"rendered":"https:\/\/www.europesays.com\/es\/173417\/"},"modified":"2025-10-13T07:25:06","modified_gmt":"2025-10-13T07:25:06","slug":"mi-hijo-esta-obsesionado-y-me-contagio-esa-obsesion","status":"publish","type":"post","link":"https:\/\/www.europesays.com\/es\/173417\/","title":{"rendered":"Mi hijo est\u00e1 obsesionado y me contagi\u00f3 esa obsesi\u00f3n"},"content":{"rendered":"<p><strong>Cillian Murphy<\/strong> es un verdadero mel\u00f3mano y, si bien tiene inclinaci\u00f3n por el rock m\u00e1s cl\u00e1sico \u2014como The Beatles, <a href=\"https:\/\/indiehoy.com\/historias\/los-3-mejores-discos-de-u2-segun-indie-hoy\/\" target=\"_blank\" rel=\"noreferrer noopener nofollow\">U2<\/a>, The Velvet Underground y <a href=\"https:\/\/indiehoy.com\/historias\/la-letra-que-lou-reed-cambio-para-no-ofender-a-nadie\/\" target=\"_blank\" rel=\"noreferrer noopener nofollow\">Lou Reed<\/a>\u2014 tambi\u00e9n est\u00e1 abierto a descubrir nueva m\u00fasica y disfrutar de propuestas actuales. En una reciente entrevista realizada en el marco del estreno de Steve, la nueva pel\u00edcula de Netflix en la que es protagonista e interpreta a un director de escuela, el actor irland\u00e9s mencion\u00f3 a <strong><a href=\"https:\/\/indiehoy.com\/descubrir\/geese-post-punk-del-lejano-oeste\/\" target=\"_blank\" rel=\"noreferrer noopener nofollow\">Geese<\/a><\/strong>, una de las bandas del momento, a la que lleg\u00f3 gracias a su hijo.<\/p>\n<p>\u201c<strong>\u00c9l est\u00e1 obsesionado con ellos y me ha contagiado esa obsesi\u00f3n. Su frontman, Cameron Winter, tambi\u00e9n sac\u00f3 un disco incre\u00edble<\/strong>\u201d, coment\u00f3 sobre la banda neoyorquina que combina indie, folk y punk rock. El grupo se form\u00f3 en 2016, cuando sus miembros eran compa\u00f1eros del club de m\u00fasica del colegio y se cansaron de tocar covers. Decididos a crear su propia m\u00fasica, lanzaron su primer \u00e1lbum, A Beautiful Memory, en 2018, aunque luego lo retiraron. Su disco m\u00e1s reciente, Getting Killed, ha alcanzado mayor popularidad y la banda atraviesa uno de sus mejores momentos creativos y compositivos.<\/p>\n<p>Sobre este \u00e1lbum, Lucas Santomero <a href=\"https:\/\/indiehoy.com\/noticias\/9-discos-nuevos-para-escuchar-hoy-benito-cerati-reybruja-cate-le-bon-mas\/\" target=\"_blank\" rel=\"noreferrer noopener nofollow\">escribi\u00f3 para Indie Hoy<\/a>: \u00abGrabado en apenas 10 d\u00edas en Los \u00c1ngeles bajo la gu\u00eda de Kenneth Blume,\u00a0<strong>Getting Killed, el tercer disco de\u00a0Geese, suena ca\u00f3tico y visceral.<\/strong> El \u00e1lbum mezcla guitarras chirriantes contra el pulso sutil de cajas de ritmos, mientras entre medio aparecen canciones que contrastan con estallidos repetitivos. Es un collage que oscila entre la ternura desarmante y una furia cada vez m\u00e1s descarnada\u00bb. <\/p>\n<p><strong>El disco favorito de Cillian Murphy<\/strong><\/p>\n<p>En una reciente entrevista con NME, Murphy tambi\u00e9n <a href=\"https:\/\/indiehoy.com\/historias\/cillian-murphy-elige-su-disco-favorito-lo-escucho-una-y-otra-vez-y-otra-vez-y-otra-vez\/\" target=\"_blank\" rel=\"noreferrer noopener nofollow\">habl\u00f3 de sus gustos musicales<\/a> e\u00a0hizo referencia a\u00a0<a href=\"https:\/\/indiehoy.com\/historias\/los-5-mejores-discos-de-the-beatles\/\" target=\"_blank\" rel=\"noreferrer noopener nofollow\">Abbey Road<\/a>, el disco de\u00a0<a href=\"https:\/\/indiehoy.com\/noticias\/sean-ono-lennon-revelo-por-que-su-padre-termino-resentido-con-the-beatles\/\" target=\"_blank\" rel=\"noreferrer noopener nofollow\">The Beatles<\/a>\u00a0estrenado en 1969. \u201cCuando era muy joven\u2026 sol\u00edamos ir a la biblioteca municipal y, de hecho, alquil\u00e1bamos casetes. Recuerdo haber alquilado\u00a0Abbey Road\u00a0de los Beatles porque mi padre ten\u00eda los grandes \u00e9xitos en casete.\u00a0Lo escucho una y otra vez, y otra vez, y otra vez\u201d, dijo. Adem\u00e1s, habl\u00f3 espec\u00edficamente de su parte favorita: \u201cLa segunda mitad es todo ese collage de McCartney, con un virtuosismo incre\u00edble. S\u00ed. Y siempre se sent\u00eda como si estuvieras viajando a trav\u00e9s de algo\u201d.<\/p>\n","protected":false},"excerpt":{"rendered":"Cillian Murphy es un verdadero mel\u00f3mano y, si bien tiene inclinaci\u00f3n por el rock m\u00e1s cl\u00e1sico \u2014como The&hellip;\n","protected":false},"author":2,"featured_media":173418,"comment_status":"","ping_status":"","sticky":false,"template":"","format":"standard","meta":{"footnotes":""},"categories":[170],"tags":[41123,146,147,25,24,184,185,23],"class_list":{"0":"post-173417","1":"post","2":"type-post","3":"status-publish","4":"format-standard","5":"has-post-thumbnail","7":"category-musica","8":"tag-cillian-murphy","9":"tag-entertainment","10":"tag-entretenimiento","11":"tag-es","12":"tag-espana","13":"tag-music","14":"tag-musica","15":"tag-spain"},"share_on_mastodon":{"url":"","error":""},"_links":{"self":[{"href":"https:\/\/www.europesays.com\/es\/wp-json\/wp\/v2\/posts\/173417","targetHints":{"allow":["GET"]}}],"collection":[{"href":"https:\/\/www.europesays.com\/es\/wp-json\/wp\/v2\/posts"}],"about":[{"href":"https:\/\/www.europesays.com\/es\/wp-json\/wp\/v2\/types\/post"}],"author":[{"embeddable":true,"href":"https:\/\/www.europesays.com\/es\/wp-json\/wp\/v2\/users\/2"}],"replies":[{"embeddable":true,"href":"https:\/\/www.europesays.com\/es\/wp-json\/wp\/v2\/comments?post=173417"}],"version-history":[{"count":0,"href":"https:\/\/www.europesays.com\/es\/wp-json\/wp\/v2\/posts\/173417\/revisions"}],"wp:featuredmedia":[{"embeddable":true,"href":"https:\/\/www.europesays.com\/es\/wp-json\/wp\/v2\/media\/173418"}],"wp:attachment":[{"href":"https:\/\/www.europesays.com\/es\/wp-json\/wp\/v2\/media?parent=173417"}],"wp:term":[{"taxonomy":"category","embeddable":true,"href":"https:\/\/www.europesays.com\/es\/wp-json\/wp\/v2\/categories?post=173417"},{"taxonomy":"post_tag","embeddable":true,"href":"https:\/\/www.europesays.com\/es\/wp-json\/wp\/v2\/tags?post=173417"}],"curies":[{"name":"wp","href":"https:\/\/api.w.org\/{rel}","templated":true}]}}