{"id":173481,"date":"2025-10-13T08:07:08","date_gmt":"2025-10-13T08:07:08","guid":{"rendered":"https:\/\/www.europesays.com\/es\/173481\/"},"modified":"2025-10-13T08:07:08","modified_gmt":"2025-10-13T08:07:08","slug":"ana-belen-responde-alto-y-claro-a-si-es-compatible-ganar-mucho-dinero-y-ser-progresista","status":"publish","type":"post","link":"https:\/\/www.europesays.com\/es\/173481\/","title":{"rendered":"Ana Bel\u00e9n responde alto y claro a si es compatible ganar mucho dinero y ser progresista"},"content":{"rendered":"<p><a href=\"https:\/\/www.huffingtonpost.es\/virales\/ana-belen-necesita-frase-y-que-frase-resumir-esta-pasando-espana.html\" rel=\"nofollow noopener\" target=\"_blank\">La cantante Ana Bel\u00e9n fue entrevistada este domingo<\/a> en el estreno de la segunda temporada de Al cielo con ella, que conduce la humorista Henar \u00c1lvarez en La 2, y respondi\u00f3 a si, en su opini\u00f3n, es <b>compatible ganar mucho dinero y tener una ideolog\u00eda progresista.\u00a0<\/b><\/p>\n<p>\u00abCreo que no es complicado, <b>solo basta con abrir los ojos y mirar a lo que hay alrededor, enfrente o en el barrio de al lado.<\/b> Tambi\u00e9n basta con que abras un peri\u00f3dico, escuches y veas las noticias y todo lo que est\u00e1 pasando, entonces no es complicado\u00bb, ha asegurado la artista madrile\u00f1a.\u00a0<\/p>\n<p>Adem\u00e1s, tambi\u00e9n ha sido preguntada por si siente que en algunas cosas se ha ido para atr\u00e1s y se ha producido un retroceso: \u00ab<b>No es que lo siento, es que lo veo y es evidente.<\/b> Damos por hecho tantas cosas que se han luchado, que ha habido mucha gente que ha puesto tanto y se ha dejado mucho y pensamos que esto es fiesta y que ya lo tenemos, pero no. No es que no lo veamos en un entorno cercano, que puede ser en nuestra ciudad o pa\u00eds, es que es a nivel mundial\u00bb.\u00a0<\/p>\n<p>Ana Bel\u00e9n ha afirmado que ella conf\u00eda mucho en \u00abla buena gente\u00bb y ha asegurado que \u00abhay mucha gente buena y<b> es importante saber que est\u00e1n ah\u00ed y que son referentes\u00bb<\/b>. \u00abEso tiene que ver con algo que pensamos que no es importante, pero que s\u00ed que lo es y es la memoria. \u00bfQui\u00e9nes marcaron el camino hace a\u00f1os? \u00bfQui\u00e9nes han sido referentes para llegar a donde hemos llegado? Eso es importante\u00bb, ha a\u00f1adido.<\/p>\n<p>La invitada ha reconocido que nunca se ha callado, pero que a la vez ha tenido la suerte de <b>coincidir en el tiempo con \u00abpersonas insuperables\u00bb.<\/b><\/p>\n<p>Por \u00faltimo, ha dejado una reflexi\u00f3n sobre la educaci\u00f3n, ya que las nuevas generaciones aunque no hayan vivido todo lo anterior aprenden <b>\u00abcon el comportamiento que vean y respiren en casa\u00bb<\/b>. \u00abTiene mucho que ver la educaci\u00f3n que se da a nuestros estudiantes, peque\u00f1os, medianos, adolescentes o universitarios, es muy importante\u00bb, ha rematado.\u00a0<\/p>\n","protected":false},"excerpt":{"rendered":"La cantante Ana Bel\u00e9n fue entrevistada este domingo en el estreno de la segunda temporada de Al cielo&hellip;\n","protected":false},"author":2,"featured_media":173482,"comment_status":"","ping_status":"","sticky":false,"template":"","format":"standard","meta":{"footnotes":""},"categories":[174],"tags":[17306,255,146,147,25,24,256,518,23,807],"class_list":{"0":"post-173481","1":"post","2":"type-post","3":"status-publish","4":"format-standard","5":"has-post-thumbnail","7":"category-famosos","8":"tag-ana-belen","9":"tag-celebrities","10":"tag-entertainment","11":"tag-entretenimiento","12":"tag-es","13":"tag-espana","14":"tag-famosos","15":"tag-rtve","16":"tag-spain","17":"tag-television"},"share_on_mastodon":{"url":"","error":""},"_links":{"self":[{"href":"https:\/\/www.europesays.com\/es\/wp-json\/wp\/v2\/posts\/173481","targetHints":{"allow":["GET"]}}],"collection":[{"href":"https:\/\/www.europesays.com\/es\/wp-json\/wp\/v2\/posts"}],"about":[{"href":"https:\/\/www.europesays.com\/es\/wp-json\/wp\/v2\/types\/post"}],"author":[{"embeddable":true,"href":"https:\/\/www.europesays.com\/es\/wp-json\/wp\/v2\/users\/2"}],"replies":[{"embeddable":true,"href":"https:\/\/www.europesays.com\/es\/wp-json\/wp\/v2\/comments?post=173481"}],"version-history":[{"count":0,"href":"https:\/\/www.europesays.com\/es\/wp-json\/wp\/v2\/posts\/173481\/revisions"}],"wp:featuredmedia":[{"embeddable":true,"href":"https:\/\/www.europesays.com\/es\/wp-json\/wp\/v2\/media\/173482"}],"wp:attachment":[{"href":"https:\/\/www.europesays.com\/es\/wp-json\/wp\/v2\/media?parent=173481"}],"wp:term":[{"taxonomy":"category","embeddable":true,"href":"https:\/\/www.europesays.com\/es\/wp-json\/wp\/v2\/categories?post=173481"},{"taxonomy":"post_tag","embeddable":true,"href":"https:\/\/www.europesays.com\/es\/wp-json\/wp\/v2\/tags?post=173481"}],"curies":[{"name":"wp","href":"https:\/\/api.w.org\/{rel}","templated":true}]}}