{"id":173484,"date":"2025-10-13T08:09:09","date_gmt":"2025-10-13T08:09:09","guid":{"rendered":"https:\/\/www.europesays.com\/es\/173484\/"},"modified":"2025-10-13T08:09:09","modified_gmt":"2025-10-13T08:09:09","slug":"casa-del-libro-busca-un-director-y-10-empleados-para-su-nueva-tienda-en-lleida","status":"publish","type":"post","link":"https:\/\/www.europesays.com\/es\/173484\/","title":{"rendered":"Casa del Libro busca un director y 10 empleados para su nueva tienda en Lleida"},"content":{"rendered":"<p class=\"paragraph\">La cadena de librer\u00edas <b>Casa del Libro<\/b>, del grupo Planeta, est\u00e1 buscando personal para el nuevo local que tiene previsto abrir en Lleida. <b><a href=\"https:\/\/www.segre.com\/es\/cultura\/251012\/abre-nueva-tienda-lleida-casa-libro-aterriza-local-historico-habia-cadena-ropa_982603.html\" title=\"Abre una nueva tienda en Lleida: Casa del Libro aterriza en el local hist\u00f3rico donde hab\u00eda una cadena de ropa\" target=\"_blank\" rel=\"nofollow noopener\">Como avanz\u00f3 SEGRE ayer<\/a><\/b>, esta firma proyecta inaugurar en breve un nuevo local en la plaza Paeria, en pleno Eix Comercial, en los bajos del edificio hist\u00f3rico de la antigua Banca Llorens, &#8216;desocupado&#8217; desde hace unos meses por su anterior inquilino, la marca de ropa Benetton.\u00a0<\/p>\n<p>            <a href=\"#\" title=\"\"><\/p>\n<p>                    <img loading=\"lazy\" decoding=\"async\" data-index=\"\" width=\"140\" height=\"140\" alt=\"Local al costat de la Paeria on preveu obrir la Casa del Libro.\" data-full=\"[object Object]\" data-original=\"[object Object]\" src=\"https:\/\/imagenes.segre.com\/files\/related_image\/uploads\/2025\/10\/12\/68eb5e303d8b7.jpeg\" data-full-src=\"https:\/\/www.europesays.com\/es\/wp-content\/uploads\/2025\/10\/68eb5e303d8b7.jpeg\"\/><\/p>\n<p>            <\/a><\/p>\n<p class=\"paragraph\">Desde mediados del pasado mes de septiembre ya colgaron un anuncio en la plataforma digital Infojobs para el puesto de director del local y, la semana pasada, tambi\u00e9n otro para cubrir las 10 plazas previstas de dependiente. El reclamo ha suscitado un enorme inter\u00e9s y, ayer por la tarde, las inscripciones para trabajar como empleado en este establecimiento superaban las 580 demandas, mientras que para el puesto de director se hab\u00edan inscrito 43 personas.<\/p>\n<p class=\"paragraph\">Para optar al cargo de responsable de la nueva tienda, a las \u00f3rdenes de la direcci\u00f3n regional de la empresa, se requieren al menos 4 a\u00f1os de experiencia, unos estudios m\u00ednimos de grado y hablar catal\u00e1n, ya sea como nativo o biling\u00fce.\u00a0<\/p>\n<p class=\"paragraph\">Para esta oferta de trabajo, con contrato indefinido y jornada completa, en Infojobs no detallan el salario, al contrario de la dirigida a los dependientes, que s\u00ed especifica un sueldo anual bruto de entre 15.000 y 17.000 euros.\u00a0<\/p>\n<p class=\"paragraph\">En este caso, tambi\u00e9n se pide estudios m\u00ednimos de grado y una experiencia de al menos un a\u00f1o, con disponibilidad para trabajar a tiempo parcial y en turno de ma\u00f1ana, tarde y rotativos. Tambi\u00e9n anuncian diversos beneficios sociales, como un porcentaje sobre objetivos y descuentos en productos y servicios del grupo empresarial.<\/p>\n<p>La cadena de librer\u00edas m\u00e1s grande de Espa\u00f1a, con m\u00e1s de 70 tiendas<\/p>\n<p class=\"paragraph\">Casa del Libro, cuya tienda original naci\u00f3 en la madrile\u00f1a Gran V\u00eda en 1923, paso a formar parte del grupo Planeta en 1992 y, desde 1999, inici\u00f3 su expansi\u00f3n como &#8216;marca&#8217; por todo el pa\u00eds, donde ya cuenta con m\u00e1s de setenta establecimientos en las principales ciudades espa\u00f1olas.\u00a0<\/p>\n<p class=\"paragraph\">En Catalunya, Lleida ser\u00e1 la tercera ciudad despu\u00e9s de las librer\u00edas de esta cadena en Barcelona y Tarragona. Ahora abrir\u00e1 en el hist\u00f3rico edificio de la antigua banca fundada por Mag\u00ed Llorens, construido en 1930.<\/p>\n","protected":false},"excerpt":{"rendered":"La cadena de librer\u00edas Casa del Libro, del grupo Planeta, est\u00e1 buscando personal para el nuevo local que&hellip;\n","protected":false},"author":2,"featured_media":173156,"comment_status":"","ping_status":"","sticky":false,"template":"","format":"standard","meta":{"footnotes":""},"categories":[172],"tags":[224,146,147,25,24,225,23],"class_list":{"0":"post-173484","1":"post","2":"type-post","3":"status-publish","4":"format-standard","5":"has-post-thumbnail","7":"category-libros","8":"tag-books","9":"tag-entertainment","10":"tag-entretenimiento","11":"tag-es","12":"tag-espana","13":"tag-libros","14":"tag-spain"},"share_on_mastodon":{"url":"","error":""},"_links":{"self":[{"href":"https:\/\/www.europesays.com\/es\/wp-json\/wp\/v2\/posts\/173484","targetHints":{"allow":["GET"]}}],"collection":[{"href":"https:\/\/www.europesays.com\/es\/wp-json\/wp\/v2\/posts"}],"about":[{"href":"https:\/\/www.europesays.com\/es\/wp-json\/wp\/v2\/types\/post"}],"author":[{"embeddable":true,"href":"https:\/\/www.europesays.com\/es\/wp-json\/wp\/v2\/users\/2"}],"replies":[{"embeddable":true,"href":"https:\/\/www.europesays.com\/es\/wp-json\/wp\/v2\/comments?post=173484"}],"version-history":[{"count":0,"href":"https:\/\/www.europesays.com\/es\/wp-json\/wp\/v2\/posts\/173484\/revisions"}],"wp:featuredmedia":[{"embeddable":true,"href":"https:\/\/www.europesays.com\/es\/wp-json\/wp\/v2\/media\/173156"}],"wp:attachment":[{"href":"https:\/\/www.europesays.com\/es\/wp-json\/wp\/v2\/media?parent=173484"}],"wp:term":[{"taxonomy":"category","embeddable":true,"href":"https:\/\/www.europesays.com\/es\/wp-json\/wp\/v2\/categories?post=173484"},{"taxonomy":"post_tag","embeddable":true,"href":"https:\/\/www.europesays.com\/es\/wp-json\/wp\/v2\/tags?post=173484"}],"curies":[{"name":"wp","href":"https:\/\/api.w.org\/{rel}","templated":true}]}}