{"id":173507,"date":"2025-10-13T08:22:14","date_gmt":"2025-10-13T08:22:14","guid":{"rendered":"https:\/\/www.europesays.com\/es\/173507\/"},"modified":"2025-10-13T08:22:14","modified_gmt":"2025-10-13T08:22:14","slug":"morante-se-corta-la-coleta-tras-cortarle-las-dos-orejas-al-cuarto-toro-en-madrid","status":"publish","type":"post","link":"https:\/\/www.europesays.com\/es\/173507\/","title":{"rendered":"Morante se corta la coleta tras cortarle las dos orejas al cuarto toro en Madrid"},"content":{"rendered":"<p><strong>Morante de la Puebla, de 46 a\u00f1os, se ha cortado por sorpresa la coleta en la Plaza de las Ventas de Madrid,\u00a0<\/strong>tres d\u00e9cadas despu\u00e9s de tomar la alternativa y ante la incredulidad del p\u00fablico. Un momento lleno de emoci\u00f3n y l\u00e1grimas que el diestro de Sevilla ha compartido con su cuadrilla. <strong>El diestro sevillano deja una huella imborrable en el mundo del toreo.\u00a0<\/strong>Maestro del capote, calificado como &#8216;artista genial&#8217; o &#8216;torero de toreros&#8217;, est\u00e1 considerado por muchos <strong>uno de los diestros m\u00e1s grandes de la fiesta.\u00a0<\/strong>La retirada de los ruedos llega tras llevarse las dos orejas al cuarto toro de la corrida de la Hispanidad en la plaza de Las Ventas, en Madrid, de la que<strong> ha salido a hombros al final del festejo<\/strong>. Morante, que <strong>hab\u00eda sido volteado<\/strong> duramente por el toro cuando lo recib\u00eda de capa, se recuper\u00f3 para hacerle una faena de gran entrega, y no exenta de riesgos, y remat\u00f3 con una estocada de perfecta ejecuci\u00f3n, para cortar as\u00ed las que pueden ser las ultimas dos orejas de su carrera.<\/p>\n<p><img decoding=\"async\" src=\"https:\/\/www.europesays.com\/es\/wp-content\/uploads\/2025\/10\/1760297008862morante_en_las_ventas_1024.jpg\"\/><\/p>\n<p><strong>Morante naci\u00f3 en La Puebla del R\u00edo, Sevilla, el 2 de octubre de 1979<\/strong> y de ah\u00ed viene su nombre taurino. En 1995, debut\u00f3 como novillero en Madrid y el 29 de junio de 1997 tom\u00f3 la alternativa en Burgos con C\u00e9sar Rinc\u00f3n como testigo y Fernando Cepeda de padrino.\u00a0Premio Nacional de Tauromaquia 2021, fue memorable su faena en la feria de abril de 2023 en la que cort\u00f3 el primer rabo del siglo XXI concedido a un torero de a pie en la Maestranza de Sevilla desde hac\u00eda 52 a\u00f1os.<\/p>\n<p>\u00abHa sido un a\u00f1o hist\u00f3rico\u00bb.<strong>\u00a0Morante de la Puebla se sinceraba as\u00ed\u00a0<\/strong>en una entrevista en exclusiva para Canal Sur con\u00a0<strong>Jes\u00fas Bayort<\/strong>.\u00a0<strong>\u00abTal como estaba ha sido un milagro. Sigo con ese trastorno. Me ha tocado a m\u00ed, me toc\u00f3\u00bb<\/strong>, aseguraba en alusi\u00f3n a su enfermedad mental que le ha mantenido apartado de las plazas durante un tiempo. \u00abHa sido un a\u00f1o hist\u00f3rico por todos los triunfos que he podido cosechar En un tendido de las Ventas, habla de su futuro:<strong>\u00a0\u00bfNo se retira? \u201cNo no digo nada, mi edad no es la de un ni\u00f1o. Esperaremos a que termine le temporada y a veremos\u201d<\/strong>. Eso dec\u00eda el diestro en una temporada en la que reapareci\u00f3 en abril tras un a\u00f1o sin pisar el albero, en la que cosech\u00f3 \u00e9xito tras \u00e9xito y en la que sufri\u00f3 una cornada importante en Pontevedra.<\/p>\n<p><strong>EL \u00daLTIMO TORO DE MORANTE<\/strong><\/p>\n<p>Para seguir evidenciando la mejor esencia de la tauromaquia, el sevillano se entreg\u00f3 sin reservas a la verdad y a la trascendencia de este arte de locos. Porque si tuvo que machetear pronto con su reservado y parado primero, de 615 kilos y que brind\u00f3 a Isabel D\u00edaz Ayuso -y el cuarto a Santiago Abascal- sali\u00f3 ya a darlo todo con el que, solo \u00e9l pod\u00eda saberlo, <strong>iba a ser el \u00faltimo toro de su carrera.<\/strong><\/p>\n<p>Le bast\u00f3 con verle galopar de salida para decidirse a saludarlo con el cambio de rodillas de los Gallo, para despu\u00e9s torearle con unas peculiares y apretadas chicuelinas moviendo apenas medio capote, hasta que en una de ellas, de manera repentina, el serio toro de Garcigrande se le cruz\u00f3 y le volte\u00f3 seca y aparatosamente, dej\u00e1ndole inerte sobre la arena.<\/p>\n<p><img decoding=\"async\" src=\"https:\/\/www.europesays.com\/es\/wp-content\/uploads\/2025\/10\/1760297894921cogida_de_Morante_1024.jpg\"\/><\/p>\n<p>Con la plaza en un silencio conmocionado, los compa\u00f1eros le levantaron para atenderle junto a la barrera mientras se picaba al toro, dando tiempo a que Morante se recuperara y, sin aparentes lesiones, volviera a la cara, ya con la muleta en la mano y ahora para echar el resto, absolutamente dado a la mayor pureza posible.<\/p>\n<p>Relajado, toreando con las mu\u00f1ecas sueltas y la figura sin tensi\u00f3n alguna, el maestro no dio apenas importancia a los amagos y a los cabezazos defensivos que solt\u00f3 el toro, que le marc\u00f3 varias veces la taleguilla pero que acab\u00f3 imantado y hasta afligido ante los vuelos de su m\u00e1gica tela, manejados con la mayor pureza, que no fueron largos por el escaso recorrido del toro, pero estuvieron cargados de la m\u00e1s emotiva intensidad y de un asfixiante ajuste.<\/p>\n<p>Fue faena concisa, sin accesorios vanos, y tuvo, como colof\u00f3n perfecto, el redondo punto final de una estocada de magistral y perfecta ejecuci\u00f3n y no menos verdad. Cayeron, pues, las dos orejas, y despu\u00e9s de pasearlas en una pausada vuelta al ruedo, Morante se fue a los medios para desprenderse \u00e9l mismo de a\u00f1adido, en un momento a\u00fan m\u00e1s impresionante, inesperado y demoledor.<\/p>\n<p>Una masa de cientos de j\u00f3venes se ech\u00f3 al ruedo luego para sacarle a hombros en un despliegue de apasionamiento, mientras que, tambi\u00e9n en volandas, Fernando Roble\u00f1o se iba por la puerta de cuadrillas, con la plaza dividida en las ovaciones. No pudo irse as\u00ed el madrile\u00f1o hacia la calle de Alcal\u00e1 porque un pinchazo previo a la estocada, su punto flaco de siempre, evit\u00f3 que tambi\u00e9n se le concedieran los dos trofeos del quinto.<\/p>\n<p>Fue \u00e9ste un toro de gran calidad y mucho temple en sus arrancadas al que el otro veterano del cartel tore\u00f3 con un recreado reposo, en varias tandas de derechazos que desprendieron el temple y el regusto que no le permitieron tantos toros de ganader\u00edas duras como mat\u00f3 a lo largo de sus 25 temporadas como matador.<\/p>\n<p>&#8212;&#8212;&#8212;&#8212;&#8212;&#8212;&#8212;<br \/><strong>FICHA DEL FESTEJO:<\/strong><br \/><strong>Seis toros de Garcigrande<\/strong>, muy bien presentados, con seriedad y finas hechuras, adem\u00e1s de bien armados, que ofrecieron un juego dispar: por su calidad y hondura en la muleta destacaron el primero y especialmente el quinto, mientras que el resto tuvo menos raza y entrega en los enga\u00f1os, con embestidas cortas y sin empuje.<br \/><strong>Morante de la Puebla, de malva y oro<\/strong>: cuatro pinchazos y estocada (silencio); gran estocada (dos orejas). Sali\u00f3 a hombros despu\u00e9s de cortarse la coleta en se\u00f1al de retirada.<br \/><strong>Fernando Roble\u00f1o, de grana y oro<\/strong>, que anunci\u00f3 su retirada: tres pinchazos y estocada desprendida (silencio); pinchazo y estocada desprendida (oreja).<br \/><strong>Sergio Rodr\u00edguez, de blanco y oro<\/strong>, que confirmaba la alternativa: estocada desprendida (ovaci\u00f3n tras aviso); pinchazo y golletazo (silencio).<br \/>Rodr\u00edguez confirm\u00f3 la alternativa con el toro \u00abSaleroso\u00bb, n\u00ba 49, negro list\u00f3n, de 534 kilos.Y los de las retiradas de Morante y Roble\u00f1o fueron, respectivamente, \u00abTripulante\u00bb, n\u00ba 102, colorado ojo de perdiz, de 554 kilos, y \u00abTropical\u00bb, n\u00ba 95, negro list\u00f3n, con 583 kilos.<br \/>Entre las cuadrillas destac\u00f3 Iv\u00e1n Garc\u00eda con capote y banderillas, tercio en el que salud\u00f3 en el quinto toro. Tambi\u00e9n destaco El Legionario picando al tercero.<br \/><strong>Corrida de la Hispanidad, \u00faltimo festejo de la feria de Oto\u00f1o, con cartel de \u00abno hay billetes\u00bb(unos 23.000 espectadores) en tarde agradable y con algunas rachas de viento.<\/strong><\/p>\n","protected":false},"excerpt":{"rendered":"Morante de la Puebla, de 46 a\u00f1os, se ha cortado por sorpresa la coleta en la Plaza de&hellip;\n","protected":false},"author":2,"featured_media":173508,"comment_status":"","ping_status":"","sticky":false,"template":"","format":"standard","meta":{"footnotes":""},"categories":[277],"tags":[373,168,25,24,50009,23,167,374],"class_list":{"0":"post-173507","1":"post","2":"type-post","3":"status-publish","4":"format-standard","5":"has-post-thumbnail","7":"category-toreo","8":"tag-bullfighting","9":"tag-deportes","10":"tag-es","11":"tag-espana","12":"tag-morante-se-corta-la-coleta-tras-cortarle-las-dos-orejas-al-cuarto-toro-en-madrid","13":"tag-spain","14":"tag-sports","15":"tag-toreo"},"share_on_mastodon":{"url":"","error":""},"_links":{"self":[{"href":"https:\/\/www.europesays.com\/es\/wp-json\/wp\/v2\/posts\/173507","targetHints":{"allow":["GET"]}}],"collection":[{"href":"https:\/\/www.europesays.com\/es\/wp-json\/wp\/v2\/posts"}],"about":[{"href":"https:\/\/www.europesays.com\/es\/wp-json\/wp\/v2\/types\/post"}],"author":[{"embeddable":true,"href":"https:\/\/www.europesays.com\/es\/wp-json\/wp\/v2\/users\/2"}],"replies":[{"embeddable":true,"href":"https:\/\/www.europesays.com\/es\/wp-json\/wp\/v2\/comments?post=173507"}],"version-history":[{"count":0,"href":"https:\/\/www.europesays.com\/es\/wp-json\/wp\/v2\/posts\/173507\/revisions"}],"wp:featuredmedia":[{"embeddable":true,"href":"https:\/\/www.europesays.com\/es\/wp-json\/wp\/v2\/media\/173508"}],"wp:attachment":[{"href":"https:\/\/www.europesays.com\/es\/wp-json\/wp\/v2\/media?parent=173507"}],"wp:term":[{"taxonomy":"category","embeddable":true,"href":"https:\/\/www.europesays.com\/es\/wp-json\/wp\/v2\/categories?post=173507"},{"taxonomy":"post_tag","embeddable":true,"href":"https:\/\/www.europesays.com\/es\/wp-json\/wp\/v2\/tags?post=173507"}],"curies":[{"name":"wp","href":"https:\/\/api.w.org\/{rel}","templated":true}]}}