{"id":173523,"date":"2025-10-13T08:34:07","date_gmt":"2025-10-13T08:34:07","guid":{"rendered":"https:\/\/www.europesays.com\/es\/173523\/"},"modified":"2025-10-13T08:34:07","modified_gmt":"2025-10-13T08:34:07","slug":"la-profesion-esta-idealizada-no-somos-estrellas-somos-unos-obreros-del-rock","status":"publish","type":"post","link":"https:\/\/www.europesays.com\/es\/173523\/","title":{"rendered":"La profesi\u00f3n est\u00e1 idealizada; no somos estrellas, somos unos obreros del rock"},"content":{"rendered":"<p class=\"c-paragraph\"><a href=\"https:\/\/www.20minutos.es\/tags\/instituciones-empresas\/viva-suecia.html\" title=\"Viva Suecia\" rel=\"nofollow noopener\" target=\"_blank\">Viva Suecia<\/a>\u00a0avisa antes de empezar: \u00abVa a ser la mejor\/peor entrevista que hag\u00e1is\u00bb. Raz\u00f3n no les falta. Rafa Val (voz), Jess Fabric (bajo), Alberto Cant\u00faa (guitarra) y Fernando Campillo (bater\u00eda)\u00a0<b><b>son gamberros y vacilones<\/b><\/b>, pero sobre todo son amigos, y eso se nota porque entre ellos no hay filtros. Tanto es as\u00ed que hay fragmentos de esta entrevista imposibles de transcribir, ni siquiera de narrar (si tienen curiosidad, pueden consultar el v\u00eddeo \u00edntegro en nuestro canal de YouTube y re\u00edrse como lo hizo la redacci\u00f3n ese d\u00eda). Mientras, esto es lo que les podemos contar:<\/p>\n<p class=\"c-paragraph\">Hace casi 12 a\u00f1os, exactamente un 25 de diciembre, los cuatro de Murcia se juntaron para gestar lo que hoy es Viva Suecia, la banda de indie rock que luce cabeza de cartel en todos los festivales y que agota recintos como el Movistar Arena en horas. El pasado viernes, visitaron 20minutos\u00a0para presentar su quinto disco,\u00a0<b><b>Hecho en tiempos de paz<\/b><\/b>,\u00a0el \u00e1lbum del que \u00abm\u00e1s orgullosos\u00bb se sienten y en el que han sido \u00abm\u00e1s libres que nunca\u00bb porque se han atrevido a tocar lo que antes, bien por \u00abprejuicios o complicaciones t\u00e9cnicas\u00bb, no pod\u00edan. Pero tambi\u00e9n para\u00a0Hablar de nada\u00a0y de todo a la vez,\u00a0de sus inicios, de los\u00a0haters\u00a0y, por qu\u00e9 no, de la vida.\u00a0<\/p>\n<p class=\"c-interview__interview c-interview__question\"><b\/>\u00bfC\u00f3mo se hace un disco de paz en tiempos de guerra?<\/p>\n<p class=\"c-interview__interview c-interview__answer\">Rafa: La paz es muchas cosas. La paz es ausencia de guerras, pero tambi\u00e9n es olvidarte de los problemas en el trabajo y apreciar un libro o una peli. Hemos compuesto este disco en peque\u00f1os periodos de paz, en una casita en la sierra de Albacete, y eso nos ayuda a relacionarnos con nuestro entorno de una manera pac\u00edfica. Creo que es casi un acto obligatorio de civismo encontrar momentos de paz.<\/p>\n<p class=\"c-interview__interview c-interview__question\"><b\/>\u00bfEntonces el t\u00edtulo tiene m\u00e1s que ver con su historia que con el momento actual que vive el mundo?<\/p>\n<p class=\"c-interview__interview c-interview__answer\">\u200bAlberto: El t\u00edtulo nos apareci\u00f3 literalmente el d\u00eda del apag\u00f3n. Est\u00e1bamos con ensayos en Murcia cuando ocurri\u00f3 y, dando un paseo por el monte, encontramos en el Monasterio de Fuensanta una inscripci\u00f3n que pon\u00eda \u00abhecho en tiempo de paz\u00bb. Vimos que encajaba con todo lo que nos estaba pasando.<br \/>\u200b\u200bRafa: Tambi\u00e9n es una s\u00faplica. Adem\u00e1s, el d\u00eda que sale el disco, salta el alto el fuego en Gaza.<\/p>\n<p class=\"c-interview__interview c-interview__question\"><b\/>\u00bf&#8217;No hemos aprendido nada&#8217;?<\/p>\n<p class=\"c-interview__interview c-interview__answer\">Rafa: Absolutamente nada. Tambi\u00e9n hay una buena cantidad de conflictos armados en \u00c1frica, tambi\u00e9n hay milicias y guerrillas en Latinoam\u00e9rica&#8230;<br \/>\u200bAlberto: &#8230;Tambi\u00e9n hay gente repartiendo hostias en Twitter. Vivimos tiempos oscuros.<\/p>\n<p class=\"c-interview__interview c-interview__question\"><b\/>\u00bfViva Suecia tiene &#8216;haters&#8217;?<\/p>\n<p class=\"c-interview__interview c-interview__answer\">Rafa: Hombre&#8230; dime alguien que no los tenga.<br \/>\u200bAlberto: Creo que todo el mundo tiene haters, es una cosa terrible.<\/p>\n<p class=\"c-interview__interview c-interview__question\"><b\/>\u00bfY c\u00f3mo se lidia con un &#8216;hater&#8217;?<\/p>\n<p class=\"c-interview__interview c-interview__answer\">\u200bAlberto: Todo el mundo deber\u00eda, antes de poner un tuit de ese tipo, le\u00e9rselo a su madre. Y si tu madre te da el ok, lo pones&#8230;. \u200b<br \/>Rafa: &#8230;Y si tu madre te da un guantazo, has aprendido la lecci\u00f3n (risas).<\/p>\n<blockquote class=\"c-phrase__blockquote\"><p>Antes de publicar un tuit, todo el mundo deber\u00eda ense\u00f1\u00e1rselo a su madre<\/p><\/blockquote>\n<p class=\"c-interview__interview c-interview__question\">\u00bfPero c\u00f3mo act\u00faan ante algo as\u00ed?<\/p>\n<p class=\"c-interview__interview c-interview__answer\">Jess: Hay que diferenciar el hater del que realmente tiene algo importante que decir. A veces hay cr\u00edticas constructivas y tienen raz\u00f3n&#8230; A veces nosotros damos guerra tambi\u00e9n porque no estamos para recibir palos. No permitimos que nos afecte, no le damos posibilidad de defensa ni contestamos cuando hay odio por odio. Lo bloqueamos directamente. Pero si es una cr\u00edtica constructiva, nos sentamos. Hemos hecho mucho ejercicio de aprender. [&#8230;] Lo que ocurre es que hay una falta de humanidad tremenda. Vivimos a un ritmo impresionante y todos necesitamos desahogarnos, pero nos olvidamos de que nos desahogamos contra un muro que no es un muro, es una persona. Detr\u00e1s de esa cuenta, estamos nosotros.<\/p>\n<p class=\"c-interview__interview c-interview__question\">Con los a\u00f1os, \u00bfuno se vuelve inmune a la cr\u00edtica?<\/p>\n<p class=\"c-interview__interview c-interview__answer\">Rafa: No, qu\u00e9 va, jam\u00e1s. Duele todo. Nunca vamos a estar preparados para recibir una cr\u00edtica no constructiva. El que te diga que le resbala, no dice la verdad [&#8230;] Pero creo que se cumple lo de que \u00abcuanta m\u00e1s mierda te tiran, mejor te va\u00bb. Cuando sali\u00f3 nuestro anterior disco, nos llovieron much\u00edsimas cr\u00edticas, y ha sido el que nos aup\u00f3 definitivamente, as\u00ed que siempre que leo una cosa de estas pienso \u00abvale, estamos haciendo las cosas bien\u00bb.<\/p>\n<p class=\"c-interview__interview c-interview__question\"><b\/>El quinto disco llega en su momento m\u00e1s dulce. No s\u00e9 si esto a\u00f1ade una presi\u00f3n extra. \u00bfDa miedo defraudar?<\/p>\n<p class=\"c-interview__interview c-interview__answer\">Rafa: Yo creo que el mayor miedo es no saber devolver todo lo que recibimos. Todos podemos tener un concierto malo, pero si la gente se va con la sensaci\u00f3n de no haber recibido de vuelta la cantidad ingente de cari\u00f1o que han puesto en nosotros, eso s\u00ed me doler\u00eda.<br \/>\u200bAlberto: Estamos trabajando en el show m\u00e1s loco, caro, bestia, con los mejores profesionales que jam\u00e1s hemos tenido. Ahora mismo nos est\u00e1 costando la salud, pero creo que va a estar a la altura.<\/p>\n<p class=\"c-interview__interview c-interview__question\"><b\/>\u00bfEs posible tener los pies en la tierra cuando 17.000 personas corean a la vez sus canciones?<\/p>\n<p class=\"c-interview__interview c-interview__answer\">Jess: En ese momento es pr\u00e1cticamente imposible, pero en cuanto llegas a casa te los ponen. Estamos rodeados de gente que nos pone los pies en la tierra de manera muy f\u00e1cil.<\/p>\n<p class=\"c-interview__interview c-interview__question\"><b\/>No s\u00e9 si puedo creerles&#8230; Como, seg\u00fan ustedes, no hay que creer lo que dicen los cantantes&#8230;<\/p>\n<p class=\"c-interview__interview c-interview__answer\">Rafa: Cr\u00e9ete lo que te digan ellos (risas). Muchas veces pienso que si esa gente que canta a la vez viera c\u00f3mo naci\u00f3 la canci\u00f3n&#8230; en una casa, semidesnudos, alcoholizados, con el pelo churretoso, diciendo tonter\u00edas&#8230;<br \/>\u200bFernando: No necesitan saberlo, que lo imaginen.<br \/>\u200bRafa: Creo que es bonito que lo sepan porque nosotros no somos especiales. Todo el mundo est\u00e1 en casa en calzoncillos y nosotros tambi\u00e9n lo hacemos para componer. Las canciones salen del lado m\u00e1s humano y natural que tenemos y de alguna manera es lo que conecta con la gente.\u00a0<\/p>\n<blockquote class=\"c-phrase__blockquote\"><p>Es pr\u00e1cticamente imposible tener los pies en la tierra sobre el escenario, pero cuando llegas a casa te los ponen<\/p><\/blockquote>\n<p class=\"c-interview__interview c-interview__question\">\u00bfEs la profesi\u00f3n lo que esperaban o est\u00e1 idealizada?<\/p>\n<p class=\"c-interview__interview c-interview__answer\">Jess: Est\u00e1 bastante idealizada, sobre todo por el p\u00fablico. Hay dos maneras de actuar: o seguir la mentira y decir \u00abmira, soy una estrella\u00bb o decir somos unos obreros del rock. \u200b<br \/>Rafa: No somos nada cool, no somos nada estrellas y \u00faltimamente utilizamos la frase que nos viene muy bien \u00abla persona se ha comido al personaje\u00bb. Intentamos aparentar pose de rock y no nos sale bien porque somos subnormales.<br \/>\u200bAlberto: Madrugamos m\u00e1s que antes.<\/p>\n<p class=\"c-interview__interview c-interview__question\"><b\/>\u00bfO sea que lo de sexo, drogas y &#8216;rock and roll&#8217; es un mito?<\/p>\n<p class=\"c-interview__interview c-interview__answer\">Rafa: No, eso s\u00ed, pero lo de estrellas no. \u200b<br \/>Jess: \u00bfSexo? Eso ser\u00e1 para ti.<br \/>\u200bRafa: S\u00ed, contigo (risas).\u00a0<\/p>\n<p class=\"c-interview__interview c-interview__question\">Tengo entendido que estuvieron unos a\u00f1os compaginando sus trabajos hasta que apostaron por esto.\u00a0<\/p>\n<p class=\"c-interview__interview c-interview__answer\">Fernando: Pasaron unos cuatro a\u00f1os quiz\u00e1.<br \/>\u200bRafa: Yo fui el m\u00e1s valiente, lo dej\u00e9 primero. Es verdad que ellos lo tuvieron m\u00e1s dif\u00edcil porque ten\u00edan trabajos guais. Yo soy diplomado en Magisterio musical, aunque nunca ejerc\u00ed, y en esa \u00e9poca era camarero [&#8230;] En mi caso lo de dejarlo fue paulatino, empec\u00e9 a faltar al curro. Cuando llevaba dos meses sin ir a trabajar, pens\u00e9 \u00abanda, mira, soy m\u00fasico\u00bb y no me di ni cuenta.\u00a0<\/p>\n<p class=\"c-interview__interview c-interview__question\">\u00bfCu\u00e1les eran esos trabajos guais?<\/p>\n<p class=\"c-interview__interview c-interview__answer\">Alberto: Yo era empleado de banca.<br \/>\u200bJess: Yo trabajaba en una empresa p\u00fablica, en una petroqu\u00edmica.<\/p>\n<p class=\"c-interview__interview c-interview__question\">\u00bfY qu\u00e9 pensaron esas madres cuando les dijeron que lo dejaban?<\/p>\n<p class=\"c-interview__interview c-interview__answer\">Jess: Nuestros padres son nuestros mayores fans y nos empujaron. No entienden por qu\u00e9 tardamos tanto.<br \/>Alberto: En mi caso fue una conversaci\u00f3n con mi padre lo que me hizo dar el paso. Estaba en una ba\u00f1era en Salamanca, con una resaca terrible, con una depresi\u00f3n terrible porque ya no llegaba a todo. Estaba hecho polvo. Era la decadencia absoluta y fue en una conversaci\u00f3n por WhatsApp en la que me dijo \u00abpor qu\u00e9 no das el paso\u00bb. Fue importante porque me lo dijo \u00e9l, que tambi\u00e9n era empleado de banca.\u00a0<\/p>\n<blockquote class=\"c-phrase__blockquote\"><p>Dejemos de llamar normal a cosas que no lo son. No es normal que la gente que llega a la edad de Brad Pitt est\u00e9 como Brad Pitt<\/p><\/blockquote>\n<p class=\"c-interview__interview c-interview__question\"><b\/>Y aqu\u00ed est\u00e1n ahora, casi doce a\u00f1os despu\u00e9s, cant\u00e1ndole en este disco a la gente normal \u00bfPero hay alguien normal?<\/p>\n<p class=\"c-interview__interview c-interview__answer\">Rafa: Absolutamente nadie. Todos actuamos con mayor o menor grado de civismo, pero en la intimidad de nuestras casas todos tenemos mierda debajo de la alfombra, y es lo m\u00e1s normal, es lo que nos hace m\u00e1s humanos. Dejemos de llamar normal a cosas que no lo son. No es normal que la gente que llega a la edad de Brad Pitt est\u00e9 como Brad Pitt. No pretendamos ser superinteligentes, no pasa nada, todos somos hip\u00f3critas, tenemos muchas cosas malas y tenemos que aceptarlo y tenemos que asumir que nuestro superpoder es no ser normal.<\/p>\n<p class=\"c-interview__interview c-interview__question\">Tambi\u00e9n dedican una canci\u00f3n a la mala prensa. \u00bfEs el caso de Viva Suecia?<\/p>\n<p class=\"c-interview__interview c-interview__answer\"><b\/>Rafa: No podemos afirmar eso en su totalidad. Pero s\u00ed que es verdad que en algunas ocasiones ha pasado que hablas de todo tu trabajo y al final lo que m\u00e1s interesa es la cr\u00edtica. Pero al final eso supone una campa\u00f1a de publicidad para nosotros, as\u00ed que \u00abmucha mala prensa, pero buena publicidad\u00bb.<\/p>\n<p class=\"c-interview__interview c-interview__question\">\u00bfQu\u00e9 puede esperar la gente del nuevo disco?<\/p>\n<p class=\"c-interview__interview c-interview__answer\">Jess: Es del disco del que m\u00e1s orgulloso me siento. Siempre lo hemos estado, pero de este especialmente.<br \/>\u200bFernando: Ha sido muy divertido porque hemos tocado los palos que no nos atrev\u00edamos a tocar hace tres o cuatro a\u00f1os, con el anterior disco. Nos hemos sentido muy libres.<\/p>\n<p class=\"c-interview__interview c-interview__question\">\u00bfPor qu\u00e9 no os atrev\u00edais?<\/p>\n<p class=\"c-interview__interview c-interview__answer\">Fernando: Prejuicios, quiz\u00e1.\u00a0<br \/>\u200bRafa: A nivel t\u00e9cnico cre\u00edamos que no \u00edbamos a ser capaces de hacer este tipo de m\u00fasica, que es una m\u00fasica t\u00e9cnicamente un poco m\u00e1s complicada para nosotros y nos hemos convencido de que somos capaces. Es bonito que despu\u00e9s de doce a\u00f1os todav\u00eda sigamos oblig\u00e1ndonos a transitar caminos inh\u00f3spitos para la banda.\u00a0<\/p>\n<p class=\"c-interview__interview c-interview__question\">Tengo entendido que de vez en cuando sacan ratos para tocar en colegios, c\u00e1rceles&#8230;<\/p>\n<p class=\"c-interview__interview c-interview__answer\">Jess: Es muy emocionante. Cuando estuvimos en la c\u00e1rcel, ninguna de esas personas nos conoc\u00eda porque ten\u00edan otras inquietudes. Yo estuve en un colegio interno y me agarr\u00e9 a la m\u00fasica porque estaba encerrado. \u200b<br \/>Rafa: Vamos mucho a tocar a colegios, centros de salud mental, a cualquier sitio que nos llamen totalmente gratis porque creemos que la m\u00fasica es un gran veh\u00edculo para transmitir, conectar. Estamos orgullosos y lo hacemos. \u200bAlberto: Uno de los pilares de la sociedad sueca o n\u00f3rdica es la cultura y sobre todo la m\u00fasica. Esto es algo que en Espa\u00f1a inexplicablemente cada vez va a peor, no s\u00e9 qu\u00e9 est\u00e1 pasando.<\/p>\n<p class=\"c-interview__interview c-interview__question\">\u00bfEst\u00e1 mal planteada la m\u00fasica en Espa\u00f1a?<\/p>\n<p class=\"c-interview__interview c-interview__answer\">Rafa: Estamos obcecados con que el mundo laboral no tiene nada que ver con la creatividad y creo que es todo lo contrario. Luego, sin embargo, nos encanta ensalzar las figuras de gente creativa. \u00abNo, no intentes ser actor, lo vas a pasar mal, eres un muerto de hambre, perroflauta\u00bb, pero luego dicen \u00abme encanta Robert Redford\u00bb. Es un discurso un poco est\u00fapido. Deber\u00edamos fomentar la creatividad en todas las disciplinas. Yo odiaba la f\u00edsica y me he enamorado mucho despu\u00e9s. Si me la hubieran contado de otra manera, me habr\u00eda enamorado antes.<\/p>\n<blockquote class=\"c-phrase__blockquote\"><p>A veces damos guerra en Twitter, no estamos para recibir palos<\/p><\/blockquote>\n<p class=\"c-interview__interview c-interview__question\">\u00bfC\u00f3mo encaja la IA en todo eso? \u00bfCreen que es una amenaza para la m\u00fasica?<\/p>\n<p class=\"c-interview__interview c-interview__answer\">Jess: En absoluto, la IA no tiene sensibilidad. La IA puede hacer muchas cosas, pero no es una amenaza, hay que verla como una herramienta.\u00a0<br \/>\u200bRafa: Cuando te subes al escenario y hay 30.000 personas abajo cantando tus canciones, eso es imposible que lo haga la IA de ninguna de las maneras.<\/p>\n<p class=\"c-interview__interview c-interview__question\"><b\/>Para este disco quer\u00edan paz. \u00bfQu\u00e9 deseo tienen para el siguiente?<\/p>\n<p class=\"c-interview__interview c-interview__answer\">Rafa: Creo que lo que m\u00e1s deseamos todos es tiempo.<br \/>\u200bAlberto: S\u00ed, tiempo para estar con la gente que queremos.<\/p>\n<p class=\"c-interview__interview c-interview__question\"><b\/>Debe ser complicado encontrar el equilibrio.<\/p>\n<p class=\"c-interview__interview c-interview__answer\">\u200bJess: No se nos olvida que nosotros estamos disfrutando de esto porque hay gente que realmente sostiene nuestras vidas en casa.<br \/>\u200bAlberto: Es complejo, sobre todo de promo. Mi hermana estaba de parto ayer [mira a c\u00e1mara]. No borr\u00e9is esto (risas). Elena, te quiero mucho.\u00a0<\/p>\n<p>BIO<\/p>\n<ul class=\"c-card__list\">\n<li class=\"c-card__list__item\">La banda tiene en su discograf\u00eda cinco \u00e1lbumes de estudio: &#8216;La fuerza mayor&#8217; (2016), &#8216;Otros principios fundamentales&#8217; (2017), &#8216;El milagro&#8217; (2019), &#8216;El amor de la clase que sea&#8217; (2022) y &#8216;Hecho en tiempos de paz&#8217; (2025), que presentan\u00a0 el pr\u00f3ximo 31 de octubre en Madrid con lleno absoluto. Ese d\u00eda arrancar\u00e1 su nueva gira, que cuenta de momento con diez fechas confirmadas. En cinco de ellas ya han colgado el cartel de &#8216;sold out&#8217;.\u00a0<\/li>\n<\/ul>\n","protected":false},"excerpt":{"rendered":"Viva Suecia\u00a0avisa antes de empezar: \u00abVa a ser la mejor\/peor entrevista que hag\u00e1is\u00bb. Raz\u00f3n no les falta. Rafa&hellip;\n","protected":false},"author":2,"featured_media":173524,"comment_status":"","ping_status":"","sticky":false,"template":"","format":"standard","meta":{"footnotes":""},"categories":[170],"tags":[146,147,25,24,874,41939,184,185,20012,23,7218,10748],"class_list":{"0":"post-173523","1":"post","2":"type-post","3":"status-publish","4":"format-standard","5":"has-post-thumbnail","7":"category-musica","8":"tag-entertainment","9":"tag-entretenimiento","10":"tag-es","11":"tag-espana","12":"tag-esta","13":"tag-idealizada","14":"tag-music","15":"tag-musica","16":"tag-profesion","17":"tag-spain","18":"tag-suecia","19":"tag-viva"},"share_on_mastodon":{"url":"","error":""},"_links":{"self":[{"href":"https:\/\/www.europesays.com\/es\/wp-json\/wp\/v2\/posts\/173523","targetHints":{"allow":["GET"]}}],"collection":[{"href":"https:\/\/www.europesays.com\/es\/wp-json\/wp\/v2\/posts"}],"about":[{"href":"https:\/\/www.europesays.com\/es\/wp-json\/wp\/v2\/types\/post"}],"author":[{"embeddable":true,"href":"https:\/\/www.europesays.com\/es\/wp-json\/wp\/v2\/users\/2"}],"replies":[{"embeddable":true,"href":"https:\/\/www.europesays.com\/es\/wp-json\/wp\/v2\/comments?post=173523"}],"version-history":[{"count":0,"href":"https:\/\/www.europesays.com\/es\/wp-json\/wp\/v2\/posts\/173523\/revisions"}],"wp:featuredmedia":[{"embeddable":true,"href":"https:\/\/www.europesays.com\/es\/wp-json\/wp\/v2\/media\/173524"}],"wp:attachment":[{"href":"https:\/\/www.europesays.com\/es\/wp-json\/wp\/v2\/media?parent=173523"}],"wp:term":[{"taxonomy":"category","embeddable":true,"href":"https:\/\/www.europesays.com\/es\/wp-json\/wp\/v2\/categories?post=173523"},{"taxonomy":"post_tag","embeddable":true,"href":"https:\/\/www.europesays.com\/es\/wp-json\/wp\/v2\/tags?post=173523"}],"curies":[{"name":"wp","href":"https:\/\/api.w.org\/{rel}","templated":true}]}}