{"id":17354,"date":"2025-07-31T23:44:07","date_gmt":"2025-07-31T23:44:07","guid":{"rendered":"https:\/\/www.europesays.com\/es\/17354\/"},"modified":"2025-07-31T23:44:07","modified_gmt":"2025-07-31T23:44:07","slug":"descubiertas-las-pinturas-murales-de-la-capella-gitana-de-la-carcel-de-la-modelo-de-barcelona-tras-casi-30-anos-ocultas","status":"publish","type":"post","link":"https:\/\/www.europesays.com\/es\/17354\/","title":{"rendered":"Descubiertas las pinturas murales de la &#8216;Capella Gitana&#8217; de la c\u00e1rcel de La Modelo de Barcelona tras casi 30 a\u00f1os ocultas"},"content":{"rendered":"<p class=\"c-paragraph\">Nuevo avance en la recuperaci\u00f3n de las <b>pinturas de la &#8216;Capella Gitana&#8217;<\/b> de la prisi\u00f3n de La Modelo de Barcelona. Este mi\u00e9rcoles se ha conocido la evoluci\u00f3n de los trabajos de la <b>segunda fase del proceso de conservaci\u00f3n-restauraci\u00f3n para redescubrir las pinturas murales <\/b>que el artista gitano\u00a0<b>Helios G\u00f3mez<\/b> realiz\u00f3 en 1950\u00a0en homenaje a la Virgen de la Merced, patrona de los presos y de la capital catalana. En 1998, las pinturas quedaron ocultas bajo varias capas de pintura y yeso. En diciembre de 2024 se empez\u00f3 el proceso de conservaci\u00f3n-restauraci\u00f3n para dar una nueva vida a las pinturas,\u00a0ubicadas en la <b>celda n\u00famero 1 de la cuarta galer\u00eda <\/b>del centro penitenciario.\u00a0<\/p>\n<p class=\"c-paragraph\">Concretamente, los trabajos de descubrimiento de las pinturas han tenido una\u00a0<b><b>duraci\u00f3n aproximada de seis meses<\/b><\/b>. Las encargadas del proceso han sido dos restauradoras profesionales, que han contado con el apoyo parcial de otras dos profesionales m\u00e1s.\u00a0La actuaci\u00f3n ha sido<b><b>\u00a0\u00abmuy dificultosa, lenta y t\u00e9cnicamente compleja\u00bb<\/b><\/b>, porque las capas superpuestas eran duras, r\u00edgidas y estaban muy adheridas.\u00a0<\/p>\n<p class=\"c-paragraph\">Durante la fase de descubrimiento, ha emergido la decoraci\u00f3n de una b\u00f3veda, que hasta ahora se desconoc\u00eda. Tambi\u00e9n <b>se han descubierto unas estrellas<\/b> hechas con el papel que envolv\u00eda las chocolatinas que la familia le llevaba en prisi\u00f3n. La fase de descubrimiento continuar\u00e1 en el \u00faltimo trimestre del a\u00f1o en las partes bajas. Una vez acabe esta fase, quedar\u00e1 pendiente una tercera y \u00faltima:\u00a0<b><b><b><b><b><b><b><b>la restauraci\u00f3n y conservaci\u00f3n definitiva.<\/b><\/b><\/b><\/b><\/b><\/b><\/b><\/b><\/p>\n<p class=\"c-paragraph\">Helios G\u00f3mez recibi\u00f3 el encargo de decorar la celda durante su \u00faltimo encarcelamiento. El artista represent\u00f3 a la Virgen de la Merced, con\u00a0<b><b>presos a sus pies y un grupo de \u00e1ngeles m\u00fasicos.<\/b><\/b>\u00a0Todos los personajes, incluida la Virgen con el Ni\u00f1o,\u00a0<b><b>est\u00e1n representados como gitanos<\/b><\/b>, con la piel oscura caracter\u00edstica de la etnia gitana que el artista siempre reivindic\u00f3. En 1998, las pinturas quedaron ocultas bajo varias capas de pintura y yeso.\u00a0<\/p>\n<p>\u00abEs un tesoro patrimonial\u00bb<\/p>\n<p class=\"c-paragraph\">En una visita este jueves a la prisi\u00f3n, el alcalde de Barcelona, Jaume Collboni, ha celebrado el avance de la recuperaci\u00f3n de las pinturas. \u00abEs un <b>tesoro patrimonial <\/b>que hab\u00eda quedado oculto durante demasiado tiempo\u00bb, ha dicho. Tambi\u00e9n han asistido la consellera de Derechos Sociales e Inclusi\u00f3n, M\u00f2nica Mart\u00ednez Bravo; la consellera de Igualdad y Feminismo, <b>Eva Menor<\/b>, y el hijo del artista, <b>Gabriel G\u00f3mez<\/b>.\u00a0<\/p>\n<p class=\"c-paragraph\">\u00abLas pinturas tienen un gran valor patrimonial por ser un gran exponente del patrimonio de la represi\u00f3n\u00bb, ha dicho Hen\u00e1ndez. Asimismo, ha anunciado que, una vez acabe todo el proceso de conservaci\u00f3n-restauraci\u00f3n, su departamento trabajar\u00e1 para declarar la &#8216;Capella Gitana- como<b>\u00a0B\u00e9 Cultural d&#8217;Inter\u00e8s Nacional.\u00a0<\/b><\/p>\n<p class=\"c-paragraph\">El hijo del pintor\u00a0ha valorado la restauraci\u00f3n de las pinturas murales de su padre porque hablan de <b>\u00ablucha social\u00bb y reivindican la etnia gitana.<\/b><\/p>\n<p>Las pinturas se podr\u00e1n visitar\u00a0<\/p>\n<p class=\"c-paragraph\">La directora del Centre de Restauraci\u00f3 de B\u00e9ns Mobles de Catalunya, <b>Mireia Mestre<\/b>, ha explicado que en 2026 se har\u00e1 un proceso de recuperaci\u00f3n, y que<b> a finales de 2026 o principios de 2027 podr\u00e1n comenzar las visitas<\/b>, pero ha remarcado que depender\u00e1 del proceso de remodelaci\u00f3n de La Model.\u00a0<\/p>\n","protected":false},"excerpt":{"rendered":"Nuevo avance en la recuperaci\u00f3n de las pinturas de la &#8216;Capella Gitana&#8217; de la prisi\u00f3n de La Modelo&hellip;\n","protected":false},"author":2,"featured_media":17355,"comment_status":"","ping_status":"","sticky":false,"template":"","format":"standard","meta":{"footnotes":""},"categories":[173],"tags":[229,233,231,230,11091,11090,232,234,146,147,25,24,11092,8255,5480,23],"class_list":{"0":"post-17354","1":"post","2":"type-post","3":"status-publish","4":"format-standard","5":"has-post-thumbnail","7":"category-arte-y-diseno","8":"tag-arte","9":"tag-arte-y-diseno","10":"tag-arts","11":"tag-arts-and-design","12":"tag-capella","13":"tag-descubiertas","14":"tag-design","15":"tag-diseno","16":"tag-entertainment","17":"tag-entretenimiento","18":"tag-es","19":"tag-espana","20":"tag-gitana","21":"tag-murales","22":"tag-pinturas","23":"tag-spain"},"share_on_mastodon":{"url":"","error":""},"_links":{"self":[{"href":"https:\/\/www.europesays.com\/es\/wp-json\/wp\/v2\/posts\/17354","targetHints":{"allow":["GET"]}}],"collection":[{"href":"https:\/\/www.europesays.com\/es\/wp-json\/wp\/v2\/posts"}],"about":[{"href":"https:\/\/www.europesays.com\/es\/wp-json\/wp\/v2\/types\/post"}],"author":[{"embeddable":true,"href":"https:\/\/www.europesays.com\/es\/wp-json\/wp\/v2\/users\/2"}],"replies":[{"embeddable":true,"href":"https:\/\/www.europesays.com\/es\/wp-json\/wp\/v2\/comments?post=17354"}],"version-history":[{"count":0,"href":"https:\/\/www.europesays.com\/es\/wp-json\/wp\/v2\/posts\/17354\/revisions"}],"wp:featuredmedia":[{"embeddable":true,"href":"https:\/\/www.europesays.com\/es\/wp-json\/wp\/v2\/media\/17355"}],"wp:attachment":[{"href":"https:\/\/www.europesays.com\/es\/wp-json\/wp\/v2\/media?parent=17354"}],"wp:term":[{"taxonomy":"category","embeddable":true,"href":"https:\/\/www.europesays.com\/es\/wp-json\/wp\/v2\/categories?post=17354"},{"taxonomy":"post_tag","embeddable":true,"href":"https:\/\/www.europesays.com\/es\/wp-json\/wp\/v2\/tags?post=17354"}],"curies":[{"name":"wp","href":"https:\/\/api.w.org\/{rel}","templated":true}]}}