{"id":173559,"date":"2025-10-13T08:56:08","date_gmt":"2025-10-13T08:56:08","guid":{"rendered":"https:\/\/www.europesays.com\/es\/173559\/"},"modified":"2025-10-13T08:56:08","modified_gmt":"2025-10-13T08:56:08","slug":"supervivientes-all-stars-descoloco-con-el-expulsado-por-sorpasso-y-unas-nominaciones-decisivas-con-punalada","status":"publish","type":"post","link":"https:\/\/www.europesays.com\/es\/173559\/","title":{"rendered":"&#8216;Supervivientes All Stars&#8217; descoloc\u00f3 con el expulsado por &#8216;sorpasso&#8217; y unas nominaciones decisivas con \u00abpu\u00f1alada\u00bb"},"content":{"rendered":"<p class=\"article-text\">\n        <strong>Telecinco <\/strong>emiti\u00f3 este domingo 12 de octubre una nueva edici\u00f3n de su <strong>Conexi\u00f3n Honduras<\/strong> con <strong>una expulsi\u00f3n que pill\u00f3 por sorpresa<\/strong> a los concursantes. Tras lo anunciado a la audiencia por <strong>Jorge Javier V\u00e1zquez<\/strong> d\u00edas atr\u00e1s,<strong> Sandra Barneda<\/strong> fue la encargada de comunicar el \u00faltimo eliminado del reality en una gala dominical que tambi\u00e9n tuvo <strong>nominaciones decisivas<\/strong>.\n    <\/p>\n<p>    <a href=\"https:\/\/www.eldiario.es\/vertele\/entrevistas\/supervivientes-all-stars-secretos-medicos-historico-doc-ocultan-sintomas-secuela-mas-comun-telecinco-mediaset-jorge-cerame_1_12670849.html\" data-mrf-recirculation=\"saber-mas\" data-dl-event=\"saber-mas\" rel=\"nofollow noopener\" target=\"_blank\"><\/p>\n<p class=\"know-more__title\">Los secretos m\u00e9dicos de &#8216;Supervivientes&#8217;, por su hist\u00f3rico &#8216;Doc&#8217;: de los que \u00abocultan s\u00edntomas\u00bb a la secuela m\u00e1s com\u00fan<\/p>\n<p>            <img decoding=\"async\" class=\"lazy\" loading=\"lazy\" data-src=\"https:\/\/static.eldiario.es\/clip\/cfd04058-14ca-4019-8f23-b469b05d4f87_16-9-aspect-ratio_default_0.jpg\" src=\"data:image\/svg+xml,%3Csvg xmlns=\" http:=\"\" viewbox=\"0 0 880 495\" alt=\"Los secretos m\u00e9dicos de 'Supervivientes', por su hist\u00f3rico 'Doc': de los que &quot;ocultan s\u00edntomas&quot; a la secuela m\u00e1s com\u00fan\"\/><\/p>\n<p>                        <\/a><\/p>\n<p class=\"article-text\">\n        La emisi\u00f3n, marcada por el recuerdo a una compa\u00f1era del equipo recientemente fallecida, arranc\u00f3 con cuatro nominados, por primera vez todos hombres: <strong>Noel Bayarri, Carlos Alba, Rub\u00e9n Torres y Tony Spina<\/strong>. Sin embargo, pronto los dos \u00faltimos salieron del peligro y dejaron en la cuerda floja a otros dos robinsones que se enfrentaron a una <strong>votaci\u00f3n final que dio un vuelco<\/strong>.\n    <\/p>\n<p class=\"article-text\">\n        As\u00ed lo anunci\u00f3 la propia Barneda en un momento de la noche, cuando Noel y Carlos eran los dos se\u00f1alados. Los porcentajes ciegos estaban al inicio de la gala en 45.2%, 23.2%, 18.6% y 13%, pero cuando se quedaron dos<strong> se vivi\u00f3 el famoso &#8216;sorpasso&#8217; hasta dejarlos en un 45% vs un 55%<\/strong>.\n    <\/p>\n<p class=\"article-text\">\n        \u201cEl p\u00fablico esta noche est\u00e1 completamente volcado, <strong>est\u00e1 votando masivamente<\/strong>\u201d, coment\u00f3 la presentadora a los dos nominados, comunicando <strong>el cierre de las votaciones 45 minutos antes <\/strong>de anunciar cu\u00e1l hab\u00eda sido la decisi\u00f3n del p\u00fablico.\n    <\/p>\n<p class=\"article-text\">\n        La audiencia determin\u00f3 que el<strong> expulsado fuese Noel Bayarri<\/strong>, dejando en shock a todos en la Palapa. \u201cEstaba agust\u00edsimo, era una nominaci\u00f3n dur\u00edsima. Se pod\u00eda ir cualquiera y me ha tocado a m\u00ed\u201d, lament\u00f3. Preguntado por<strong> Laura Madrue\u00f1o<\/strong> si estaba decepcionado, el canario asinti\u00f3: \u201c<strong>Ya no queda mucho y quer\u00eda seguir hasta el final<\/strong>. Pero estoy orgulloso del concurso que he hecho\u201d.\n    <\/p>\n<blockquote class=\"twitter-tweet\" data-lang=\"es\"><p><a href=\"https:\/\/twitter.com\/X\/status\/1977512178975490149?ref_src=twsrc%5Etfw\" rel=\"nofollow noopener\" target=\"_blank\"><\/p><\/blockquote>\n<p class=\"article-text\">\n        \u201cHa sido un placer volver a tenerte aqu\u00ed diez a\u00f1os despu\u00e9s\u201d, le dijo Madrue\u00f1o, dando as\u00ed por cerrado el concurso de Noel tras 38 d\u00edas en Honduras. Aunque antes de salir de la Palapa, el ya exconcursante tuvo la oportunidad de <strong>dar un punto extra en la nominaci\u00f3n a Adara<\/strong>, quien \u00e9l mismo decidi\u00f3, d\u00e1ndole el &#8216;beso de judas&#8217;.\n    <\/p>\n<p>    Los nuevos nominados, con la \u201cpu\u00f1alada\u201d de Torres a Gloria<\/p>\n<p class=\"article-text\">\n        Tras la expulsi\u00f3n tuvieron lugar unas nominaciones decisivas que estuvieron marcadas por l<strong>a \u201cpu\u00f1alada\u201d de Torres a Gloria Camila<\/strong>, como \u00e9l mismo defini\u00f3 su nominaci\u00f3n directa.\n    <\/p>\n<p class=\"article-text\">\n        Uno a uno, los concursantes fueron dando sus puntos hasta determinar a <strong>Iv\u00e1n Gonz\u00e1lez, Miri P\u00e9rez-Cabrero y Adara Molinero<\/strong> como los se\u00f1alados por el grupo. Fue posteriormente el l\u00edder de &#8216;Playa Leyenda&#8217; Rub\u00e9n Torres quien determin\u00f3 el \u00faltimo nombre en salir a la palestra.\n    <\/p>\n<p>            <img decoding=\"async\" class=\"lazy\" loading=\"lazy\" data-src=\"https:\/\/static.eldiario.es\/clip\/60fe76d0-c2cb-414b-acc0-2059013e50df_16-9-discover-aspect-ratio_default_0.jpg\" src=\"data:image\/svg+xml,%3Csvg xmlns=\" http:=\"\" viewbox=\"0 0 1200 675\" alt=\"Rub\u00e9n Torres durante su nominaci\u00f3n como l\u00edder\"\/><\/p>\n<p class=\"article-text\">\n        \u201c<strong>Es una pu\u00f1alada de Judas. Lo s\u00e9, lo asumo<\/strong>. Pero escuch\u00e9 el otro d\u00eda en la playa algo de que se picaron, diciendo &#8216;a ver qui\u00e9n sale de entre t\u00fa y yo a la palestra&#8217;, as\u00ed que Gloria Camila, lo siento\u201d, dijo el ex de La isla de las tentaciones. Se refer\u00eda a un reto entre la hija de Ortega Cano e Iv\u00e1n, que teorizaron sobre qui\u00e9n se ir\u00eda en caso de estar los dos nominados.\n    <\/p>\n<p>    <a href=\"https:\/\/www.eldiario.es\/vertele\/audiencias-tv\/domingo-12-octubre-2025-desfile-fiesta-nacional-arrasa-manana-supervivientes-all-stars-domina-noche-record_1_12678379.html\" data-mrf-recirculation=\"saber-mas-abajo\" data-dl-event=\"saber-mas-abajo\" rel=\"nofollow noopener\" target=\"_blank\"><\/p>\n<p class=\"know-more__title\">El desfile de la Fiesta Nacional (39.3%) arrasa por la ma\u00f1ana y &#8216;Supervivientes&#8217; (13.9%) domina la noche con otro r\u00e9cord\n<\/p>\n<p>            <img decoding=\"async\" class=\"lazy\" loading=\"lazy\" data-src=\"https:\/\/static.eldiario.es\/clip\/e3821e86-393e-46d5-b1de-7694930762df_16-9-aspect-ratio_default_0.jpg\" src=\"data:image\/svg+xml,%3Csvg xmlns=\" http:=\"\" viewbox=\"0 0 880 495\" alt=\"El desfile de la Fiesta Nacional (39.3%) arrasa por la ma\u00f1ana y 'Supervivientes' (13.9%) domina la noche con otro r\u00e9cord\"\/><\/p>\n<p>                        <\/a><\/p>\n<p class=\"article-text\">\n        \u201cAl resto no les voy a votar. Adem\u00e1s, Gloria Camila es la \u00fanica persona a la que no he votado\u201d, argument\u00f3 Torres. \u201cSab\u00eda que pod\u00eda pasar. <strong>Pensaba, de hecho, que Iv\u00e1n me iba a nominar<\/strong>\u201d, lament\u00f3 la se\u00f1alada.\n    <\/p>\n<p>                                    <script async src=\"https:\/\/platform.twitter.com\/widgets.js\" charset=\"utf-8\"><\/script><\/p>\n","protected":false},"excerpt":{"rendered":"Telecinco emiti\u00f3 este domingo 12 de octubre una nueva edici\u00f3n de su Conexi\u00f3n Honduras con una expulsi\u00f3n que&hellip;\n","protected":false},"author":2,"featured_media":173560,"comment_status":"","ping_status":"","sticky":false,"template":"","format":"standard","meta":{"footnotes":""},"categories":[171],"tags":[11286,30766,50020,146,147,25,24,7625,16721,24673,50021,23,11287,3947,214],"class_list":{"0":"post-173559","1":"post","2":"type-post","3":"status-publish","4":"format-standard","5":"has-post-thumbnail","7":"category-tv","8":"tag-all","9":"tag-decisivas","10":"tag-descoloco","11":"tag-entertainment","12":"tag-entretenimiento","13":"tag-es","14":"tag-espana","15":"tag-expulsado","16":"tag-nominaciones","17":"tag-punalada","18":"tag-sorpasso","19":"tag-spain","20":"tag-stars","21":"tag-supervivientes","22":"tag-tv"},"share_on_mastodon":{"url":"","error":""},"_links":{"self":[{"href":"https:\/\/www.europesays.com\/es\/wp-json\/wp\/v2\/posts\/173559","targetHints":{"allow":["GET"]}}],"collection":[{"href":"https:\/\/www.europesays.com\/es\/wp-json\/wp\/v2\/posts"}],"about":[{"href":"https:\/\/www.europesays.com\/es\/wp-json\/wp\/v2\/types\/post"}],"author":[{"embeddable":true,"href":"https:\/\/www.europesays.com\/es\/wp-json\/wp\/v2\/users\/2"}],"replies":[{"embeddable":true,"href":"https:\/\/www.europesays.com\/es\/wp-json\/wp\/v2\/comments?post=173559"}],"version-history":[{"count":0,"href":"https:\/\/www.europesays.com\/es\/wp-json\/wp\/v2\/posts\/173559\/revisions"}],"wp:featuredmedia":[{"embeddable":true,"href":"https:\/\/www.europesays.com\/es\/wp-json\/wp\/v2\/media\/173560"}],"wp:attachment":[{"href":"https:\/\/www.europesays.com\/es\/wp-json\/wp\/v2\/media?parent=173559"}],"wp:term":[{"taxonomy":"category","embeddable":true,"href":"https:\/\/www.europesays.com\/es\/wp-json\/wp\/v2\/categories?post=173559"},{"taxonomy":"post_tag","embeddable":true,"href":"https:\/\/www.europesays.com\/es\/wp-json\/wp\/v2\/tags?post=173559"}],"curies":[{"name":"wp","href":"https:\/\/api.w.org\/{rel}","templated":true}]}}