{"id":173614,"date":"2025-10-13T09:29:07","date_gmt":"2025-10-13T09:29:07","guid":{"rendered":"https:\/\/www.europesays.com\/es\/173614\/"},"modified":"2025-10-13T09:29:07","modified_gmt":"2025-10-13T09:29:07","slug":"errores-y-aciertos-en-el-besamanos-del-dia-de-la-hispanidad","status":"publish","type":"post","link":"https:\/\/www.europesays.com\/es\/173614\/","title":{"rendered":"errores y aciertos en el besamanos del D\u00eda de la Hispanidad"},"content":{"rendered":"<p class=\"c-paragraph\">Tras un desfile marcado por el sol y por los estilismos m\u00e1s especiales de la reina Letizia y sus hijas, los invitados m\u00e1s destacados en este <b>D\u00eda de la Hispanidad 2025 <\/b>han acudido al<b> Palacio Real<\/b> para celebrar el tradicional <b>besamanos<\/b>, en el que, como ordena el protocolo, estrechan sus respetos a los anfitriones de este d\u00eda de la Fiesta Nacional: Felipe VI, la reina, la princesa y la infanta. Una jornada, de nuevo, marcada por los estilismos m\u00e1s especiales de las invitadas, pero tambi\u00e9n por <b>una ausencia <\/b>m\u00e1s que destacada, la de <b>Santiago Abascal y su mujer, Lidia Bedman<\/b> que, por disidencias con Pedro S\u00e1nchez, decidieron disfrutar de este d\u00eda entre el p\u00fablico, sin acudir a la tribuna ni tampoco al besamanos, seg\u00fan expres\u00f3 el l\u00edder de VOX en su cuenta de Instagram.<\/p>\n<p class=\"c-paragraph\">Otros invitados esperados como <b>Teresa Urquijo<\/b> y Jos\u00e9 Luis Mart\u00ednez-Almeida, sin embargo, no se hicieron de rogar y saludaron a la Familia Real en palacio. No fueron los \u00fanicos y, por tanto, te contamos cu\u00e1les fueron nuestros estilismos preferidos de las invitadas al besamanos en este D\u00eda de la Hispanidad 2025, cont\u00e1ndote cu\u00e1les son, para nosotras, las mejor y las peor vestidas de la jornada.<\/p>\n<p>Los mejores &#8216;looks&#8217; de las invitadas al besamanos del D\u00eda de la Hispanidad<\/p>\n<p class=\"c-paragraph\">Fiel a su estilo cl\u00e1sico y a su amor por los estampados,<b> Teresa Urquijo <\/b>apost\u00f3 por un caft\u00e1n dorado, con estampados en tonos rosas por todas las mangas, Lo combin\u00f3 con un clutch a tono y recogi\u00f3 su cabello en una coleta peinada con ondas.<\/p>\n<p class=\"c-paragraph\"><b>Carmen Calvo <\/b>confi\u00f3 en el binomio blanco y negro y apost\u00f3 por un pantal\u00f3n palazzo blanco, con una franja lateral negro, a tono con su blusa, que luci\u00f3 de manera informal jugando con su escote. Un estilismo elegante y vers\u00e1til a partes iguales que, sin duda, se ha coronado como nuestro favorito.<\/p>\n<p class=\"c-paragraph\"><b>Francina Armengol <\/b>se decant\u00f3 por un vestido azul con largo midi. La presidenta del Congreso eligi\u00f3 un modelo ajustado, con escote en pico, cintura drapeada y print de colores, que le daba un toque divertido.<\/p>\n<p class=\"c-paragraph\"><b>Mar\u00eda Chivite<\/b>, la presidenta de Navarra, apost\u00f3 por un vestido satinado en color azul beb\u00e9. Un modelo muy primaveral con el que puso un toque de color a la velada, decorado con drapeados por todo el cuerpo y volantes.<\/p>\n<p class=\"c-paragraph\">Fiel a la elegancia que la caracteriza, <b>Manuela Villena<\/b> eligi\u00f3 un dos piezas con pantal\u00f3n negro y blusa asim\u00e9trica en color crudo, decorada con volantes y un maxi lazo a contraste en el hombro, que le daba un toque rom\u00e1ntico.<\/p>\n<p class=\"c-paragraph\"><b>Mar\u00eda del Mar Blanco<\/b> apost\u00f3 por un vestido de tweed en color lila. Un modelo estilo gabardina, con doble botonadura y un original escote en pico con maxi solapas, que aportaban luz a su rostro.<\/p>\n<p class=\"c-paragraph\"><b>Isabel Jim\u00e9nez<\/b>, con un dise\u00f1o muy sencillo, prefiri\u00f3 la naturalidad eligiendo un vestido blanco asim\u00e9trico, con manguita larga y drapeados en el vientre. Lo combin\u00f3 con un cluth en color nude y unos salones bicolor.<\/p>\n<p class=\"c-paragraph\">Tambi\u00e9n por el blanco apost\u00f3 <b>Ana Rosa Quintana<\/b>, haciendo un gui\u00f1o a Letizia con un dos piezas que decor\u00f3 con un top de encaje. Un estilismo acertado pero, tal vez, muy poco arriesgado para la ocasi\u00f3n.<\/p>\n<p class=\"c-paragraph\"><b>Dolores Delgado<\/b> apost\u00f3 por un vestido tipo t\u00fanica de color negro con bordados orientales a colores. Un &#8216;look&#8217; elegante y relajado que combin\u00f3 con unos zapatos negros de tac\u00f3n y un bolsito blanco.<\/p>\n<p class=\"c-paragraph\"><b>Marta Carazo <\/b>escogi\u00f3 un un dos piezas con top negro y una original faldita con animal print. La secretaria de la reina Letizia combin\u00f3 su &#8216;look&#8217; con unos zapatitos kitten heels destalonados y un bolso de hombro marr\u00f3n.<\/p>\n<p class=\"c-paragraph\"><b>Mar\u00eda Jos\u00e9 S\u00e1enz de Buruaga <\/b>eligi\u00f3 un vestido en color azul navy muy sofisticado. Un modelo largo, con falda plisada y un clutch a contraste, con el que la presidenta de Cantabria deslumbr\u00f3 en el Pacio Real.<\/p>\n<p class=\"c-paragraph\">Estas son algunas de las invitadas mejor vestidas en el besamanos del Palacio Real del D\u00eda de la Hispanidad.<\/p>\n","protected":false},"excerpt":{"rendered":"Tras un desfile marcado por el sol y por los estilismos m\u00e1s especiales de la reina Letizia y&hellip;\n","protected":false},"author":2,"featured_media":173615,"comment_status":"","ping_status":"","sticky":false,"template":"","format":"standard","meta":{"footnotes":""},"categories":[8],"tags":[880,50025,17,18,50024,25,24,13,14,11,19,20,9,10,15,16,50026,23,49806,12,21,22],"class_list":{"0":"post-173614","1":"post","2":"type-post","3":"status-publish","4":"format-standard","5":"has-post-thumbnail","7":"category-espana","8":"tag-ana-rosa-quintana","9":"tag-besamanos","10":"tag-breaking-news","11":"tag-breakingnews","12":"tag-desfile-hispanidad","13":"tag-es","14":"tag-espana","15":"tag-featured-news","16":"tag-featurednews","17":"tag-headlines","18":"tag-latest-news","19":"tag-latestnews","20":"tag-news","21":"tag-noticias","22":"tag-noticias-destacadas","23":"tag-noticiasdestacadas","24":"tag-palacio-real","25":"tag-spain","26":"tag-teresa-urquijo","27":"tag-titulares","28":"tag-ultimas-noticias","29":"tag-ultimasnoticias"},"share_on_mastodon":{"url":"","error":""},"_links":{"self":[{"href":"https:\/\/www.europesays.com\/es\/wp-json\/wp\/v2\/posts\/173614","targetHints":{"allow":["GET"]}}],"collection":[{"href":"https:\/\/www.europesays.com\/es\/wp-json\/wp\/v2\/posts"}],"about":[{"href":"https:\/\/www.europesays.com\/es\/wp-json\/wp\/v2\/types\/post"}],"author":[{"embeddable":true,"href":"https:\/\/www.europesays.com\/es\/wp-json\/wp\/v2\/users\/2"}],"replies":[{"embeddable":true,"href":"https:\/\/www.europesays.com\/es\/wp-json\/wp\/v2\/comments?post=173614"}],"version-history":[{"count":0,"href":"https:\/\/www.europesays.com\/es\/wp-json\/wp\/v2\/posts\/173614\/revisions"}],"wp:featuredmedia":[{"embeddable":true,"href":"https:\/\/www.europesays.com\/es\/wp-json\/wp\/v2\/media\/173615"}],"wp:attachment":[{"href":"https:\/\/www.europesays.com\/es\/wp-json\/wp\/v2\/media?parent=173614"}],"wp:term":[{"taxonomy":"category","embeddable":true,"href":"https:\/\/www.europesays.com\/es\/wp-json\/wp\/v2\/categories?post=173614"},{"taxonomy":"post_tag","embeddable":true,"href":"https:\/\/www.europesays.com\/es\/wp-json\/wp\/v2\/tags?post=173614"}],"curies":[{"name":"wp","href":"https:\/\/api.w.org\/{rel}","templated":true}]}}