{"id":173630,"date":"2025-10-13T09:40:11","date_gmt":"2025-10-13T09:40:11","guid":{"rendered":"https:\/\/www.europesays.com\/es\/173630\/"},"modified":"2025-10-13T09:40:11","modified_gmt":"2025-10-13T09:40:11","slug":"el-divertido-momento-de-los-premios-talento-fashion-en-el-que-tamara-falco-y-otras-invitadas-cantaron-al-ritmo-de-sara-perche-ti-amo","status":"publish","type":"post","link":"https:\/\/www.europesays.com\/es\/173630\/","title":{"rendered":"El divertido momento de los Premios Talento Fashion en el que Tamara Falc\u00f3 y otras invitadas cantaron al ritmo de &#8216;Sar\u00e0 perch\u00e9 ti amo&#8217;"},"content":{"rendered":"<p id=\"ea2uxY-ede\" data-wc=\"123\">La moda se celebra bailando. La noche del mi\u00e9rcoles, el Palacio de Santa Coloma, sede del Consulado General de Italia en<strong data-end=\"673\" data-start=\"632\">\u00a0<\/strong>Madrid, brill\u00f3 como escenario de <a class=\"hm-link hf-link\" href=\"https:\/\/www.hola.com\/fashion\/20251009860544\/premios-fashion-2025\/\" rel=\"noopener nofollow\" target=\"_blank\" data-mrf-recirculation=\"article-body-link\">la IV edici\u00f3n de los Premios Talento Fashion<\/a>. Una velada en la que la creatividad, el estilo y la alegr\u00eda fueron los grandes protagonistas, en un homenaje a quienes marcan el rumbo de la industria con su talento y su visi\u00f3n. En Fashion, <strong data-end=\"1023\" data-start=\"955\">recuperamos la canci\u00f3n Sar\u00e0 perch\u00e9 ti amo (Ser\u00e1 porque te amo)<\/strong>, del m\u00edtico grupo italiano <strong data-end=\"1070\" data-start=\"1051\">Ricchi e Poveri<\/strong>, como banda sonora de esta cita. Convertida en un himno en los a\u00f1os 80, su ritmo alegre y su letra optimista nos parecieron la forma perfecta de celebrar <strong data-end=\"1280\" data-start=\"1225\">una noche m\u00e1gica marcada por la influencia italiana<\/strong>.<\/p>\n<p id=\"ehl1tZVDDZSo\" data-wc=\"84\">El v\u00eddeo resume ese esp\u00edritu festivo que define los premios, una edici\u00f3n en la que Italia tuvo su protagonismo. Desde el escenario, hasta el reconocimiento a <strong data-end=\"1574\" data-start=\"1554\">Alberta Ferretti<\/strong>, galardonada con el <strong data-end=\"1636\" data-start=\"1595\">Premio a la Trayectoria Internacional<\/strong>, todo respir\u00f3 elegancia, complicidad y pasi\u00f3n por la moda. Entre los invitados, <strong data-end=\"1736\" data-start=\"1720\">Tamara Falc\u00f3<\/strong>, <strong data-end=\"1756\" data-start=\"1738\">Sara Carbonero<\/strong>, <strong data-end=\"1794\" data-start=\"1758\">Lady Amelia y Lady Eliza Spencer<\/strong>, <strong>Alexandra Pereira<\/strong>, <strong data-end=\"1834\" data-start=\"1815\">Eugenia Osborne<\/strong> o <strong data-end=\"1854\" data-start=\"1837\">Lul\u00fa Figueroa<\/strong> compartieron con nosotros su entusiasmo por una moda que se vive, se disfruta y, esta vez, \u00a1tambi\u00e9n se baila!<\/p>\n","protected":false},"excerpt":{"rendered":"La moda se celebra bailando. La noche del mi\u00e9rcoles, el Palacio de Santa Coloma, sede del Consulado General&hellip;\n","protected":false},"author":2,"featured_media":173631,"comment_status":"","ping_status":"","sticky":false,"template":"","format":"standard","meta":{"footnotes":""},"categories":[174],"tags":[425,255,146,147,25,24,256,10,48367,23],"class_list":{"0":"post-173630","1":"post","2":"type-post","3":"status-publish","4":"format-standard","5":"has-post-thumbnail","7":"category-famosos","8":"tag-hola-fashion","9":"tag-celebrities","10":"tag-entertainment","11":"tag-entretenimiento","12":"tag-es","13":"tag-espana","14":"tag-famosos","15":"tag-noticias","16":"tag-premios-fashion","17":"tag-spain"},"share_on_mastodon":{"url":"","error":""},"_links":{"self":[{"href":"https:\/\/www.europesays.com\/es\/wp-json\/wp\/v2\/posts\/173630","targetHints":{"allow":["GET"]}}],"collection":[{"href":"https:\/\/www.europesays.com\/es\/wp-json\/wp\/v2\/posts"}],"about":[{"href":"https:\/\/www.europesays.com\/es\/wp-json\/wp\/v2\/types\/post"}],"author":[{"embeddable":true,"href":"https:\/\/www.europesays.com\/es\/wp-json\/wp\/v2\/users\/2"}],"replies":[{"embeddable":true,"href":"https:\/\/www.europesays.com\/es\/wp-json\/wp\/v2\/comments?post=173630"}],"version-history":[{"count":0,"href":"https:\/\/www.europesays.com\/es\/wp-json\/wp\/v2\/posts\/173630\/revisions"}],"wp:featuredmedia":[{"embeddable":true,"href":"https:\/\/www.europesays.com\/es\/wp-json\/wp\/v2\/media\/173631"}],"wp:attachment":[{"href":"https:\/\/www.europesays.com\/es\/wp-json\/wp\/v2\/media?parent=173630"}],"wp:term":[{"taxonomy":"category","embeddable":true,"href":"https:\/\/www.europesays.com\/es\/wp-json\/wp\/v2\/categories?post=173630"},{"taxonomy":"post_tag","embeddable":true,"href":"https:\/\/www.europesays.com\/es\/wp-json\/wp\/v2\/tags?post=173630"}],"curies":[{"name":"wp","href":"https:\/\/api.w.org\/{rel}","templated":true}]}}