{"id":173656,"date":"2025-10-13T10:00:12","date_gmt":"2025-10-13T10:00:12","guid":{"rendered":"https:\/\/www.europesays.com\/es\/173656\/"},"modified":"2025-10-13T10:00:12","modified_gmt":"2025-10-13T10:00:12","slug":"estuvo-a-punto-de-torear-este-verano-en-alcala-de-henares","status":"publish","type":"post","link":"https:\/\/www.europesays.com\/es\/173656\/","title":{"rendered":"estuvo a punto de torear este verano en Alcal\u00e1 de Henares"},"content":{"rendered":"<p class=\"ft-text\"><a class=\"ft-link ft-link--decoration\" href=\"https:\/\/www.epe.es\/es\/madrid\/20251012\/adios-torero-historico-madrid-puerta-grande-morante-122552110\" target=\"_blank\" rel=\"nofollow noopener\"><strong>Morante de la Puebla<\/strong><\/a><a class=\"ft-link ft-link--decoration\" href=\"https:\/\/www.epe.es\/es\/madrid\/20251012\/adios-torero-historico-madrid-puerta-grande-morante-122552110\" target=\"_blank\" rel=\"nofollow noopener\"> anunci\u00f3 en la tarde del pasado domingo su retirada<\/a>, para sorpresa de todos. Despu\u00e9s de su corrida en <strong>Las Ventas<\/strong>, en la que sufri\u00f3 una voltereta y cort\u00f3 dos orejas, se acerc\u00f3 hasta el centro de la plaza para <strong>cortarse la coleta<\/strong>, forma tradicional de los diestros de anunciar que se retiran. Y muchos no lo recordar\u00e1n, pero este pasado verano <a class=\"ft-link ft-link--decoration\" href=\"https:\/\/www.epe.es\/es\/madrid\/alcala-de-henares\/20250828\/programacion-taurina-ferias-fiestas-alcala-henares-morante-puebla-121010207\" target=\"_blank\" rel=\"nofollow noopener\">ten\u00eda prevista una corrida en <\/a><a class=\"ft-link ft-link--decoration\" href=\"https:\/\/www.epe.es\/es\/madrid\/alcala-de-henares\/20250828\/programacion-taurina-ferias-fiestas-alcala-henares-morante-puebla-121010207\" target=\"_blank\" rel=\"nofollow noopener\"><strong>Alcal\u00e1 de Henares<\/strong><\/a>, <strong>aunque finalmente tuvo que ser sustituido<\/strong>.<\/p>\n<p>Morante de la Puebla y su relaci\u00f3n con Alcal\u00e1 de Henares<\/p>\n<p class=\"ft-text\">En las Ferias y Fiestas de la ciudad celebradas durante el pasado verano, <strong>volvieron las corridas de toros a Alcal\u00e1<\/strong>, <a class=\"ft-link ft-link--decoration\" href=\"https:\/\/www.epe.es\/es\/madrid\/alcala-de-henares\/20250715\/ferias-fiestas-2025-alcala-henares-119705546\" target=\"_blank\" rel=\"nofollow noopener\">como ya adelant\u00f3 a <\/a><a class=\"ft-link ft-link--decoration\" href=\"https:\/\/www.epe.es\/es\/madrid\/alcala-de-henares\/20250715\/ferias-fiestas-2025-alcala-henares-119705546\" target=\"_blank\" rel=\"nofollow noopener\">EL PERI\u00d3DICO DE ESPA\u00d1A <\/a><a class=\"ft-link ft-link--decoration\" href=\"https:\/\/www.epe.es\/es\/madrid\/alcala-de-henares\/20250715\/ferias-fiestas-2025-alcala-henares-119705546\" target=\"_blank\" rel=\"nofollow noopener\">el concejal de Fiestas, Antonio Salda\u00f1a<\/a>.<\/p>\n<p class=\"ft-text\">Y lo hizo a lo grande, con nombres de prestigio del mundo del toreo como Marco P\u00e9rez o Sebasti\u00e1n Castella. Aunque el plato fuerte que ten\u00edan preparado desde el ayuntamiento era <strong>Morante de la Puebla<\/strong>, que iba a torear el <strong>viernes 29 de agosto<\/strong>, pero tuvo que cancelar la cita<strong> tras sufrir una cornada en Pontevedra el 10 de agosto<\/strong>, lo que le supuso tres semanas de recuperaci\u00f3n. Le sustituy\u00f3 el franc\u00e9s Castella.<\/p>\n<p class=\"ft-text\">Por lo que, de no haber sufrido este percance en tierras gallegas, el torero de 46 a\u00f1os hubiera dado a Alcal\u00e1 de Henares el privilegio de ser uno de los \u00faltimos lugares que disfrutara de su espect\u00e1culo sobre el albero.<\/p>\n<p class=\"ft-text\">Despu\u00e9s de cancelar su corrida en la ciudad complutense, <strong>ha toreado en hasta 13 ocasiones m\u00e1s<\/strong>: Melilla, Aranjuez, Villanueva del Arzobispo, Don Benito, Navalcarnero, Salamanca, Almod\u00f3var del Campo, repiti\u00f3 en Salamanca, Logro\u00f1o, Sevilla, \u00dabeda, Zafra, y el pasado domingo en Las Ventas (Madrid).<\/p>\n<p><img decoding=\"async\" src=\"https:\/\/www.europesays.com\/es\/wp-content\/uploads\/2025\/10\/8e8efeb0-cb9d-4f36-8b74-816719639669_alta-libre-aspect-ratio_default_0.jpg\" width=\"1200\" height=\"800\" alt=\"La ciudad se ha llenado de publicidad con el cartel que disfrutar\u00e1n los alcala\u00ednos durante estos d\u00edas\" class=\"ft-helper-img-rd\" loading=\"lazy\" hasdataaida=\"true\"\/><\/p>\n<p class=\"ft-helper-fontColor-quaternary ft-helper-fontSize-body-S ft-helper-spacer-t-xxs\">As\u00ed era el cartel de toros de las Ferias y Fiestas de Alcal\u00e1, con Morante como estrella  \/ Loyjor<\/p>\n<p class=\"ft-text\"><strong>Pero la ciudad alcala\u00edna s\u00ed ha podido disfrutar del diestro sevillano<\/strong>. El domingo<strong> 29 de agosto de 2021 <\/strong>fue la \u00faltima vez que la ciudad cervantina disfrut\u00f3 de Morante de la Puebla, corrida en la que<strong> pase\u00f3 dos orejas <\/strong>por la plaza de toros de la ciudad.<\/p>\n<p>\u00bfDe d\u00f3nde viene la expresi\u00f3n de &#8216;cortarse la coleta&#8217; como retiro de los toreros?<\/p>\n<p class=\"ft-text\">Se desconoce con exactitud cu\u00e1ndo comenzaron los toreros a usar coleta como un complemento m\u00e1s de sus rituales, pero<strong> las primeras im\u00e1genes datan del siglo XVIII<\/strong>.<\/p>\n<p class=\"ft-text\">Y fue a partir del siglo XIX cuando este dicho cogi\u00f3 fuerza: la mayor\u00eda ya no se dejaban el pelo largo, y comenzaron a usar una <strong>coleta postiza llamada casta\u00f1eta<\/strong>. Esta, era cortada cuando abandonaban el toreo y de ah\u00ed viene la expresi\u00f3n de cortarse la coleta. Una forma de anunciar el retiro del mundo de la tauromaquia que <strong>se asemeja a otros dichos<\/strong> como &#8216;colgar las botas&#8217; en el f\u00fatbol o &#8216;colgar los guantes&#8217; en el boxeo.<\/p>\n","protected":false},"excerpt":{"rendered":"Morante de la Puebla anunci\u00f3 en la tarde del pasado domingo su retirada, para sorpresa de todos. Despu\u00e9s&hellip;\n","protected":false},"author":2,"featured_media":173657,"comment_status":"","ping_status":"","sticky":false,"template":"","format":"standard","meta":{"footnotes":""},"categories":[277],"tags":[12633,373,168,25,24,1392,23,167,374,444],"class_list":{"0":"post-173656","1":"post","2":"type-post","3":"status-publish","4":"format-standard","5":"has-post-thumbnail","7":"category-toreo","8":"tag-alcala-de-henares","9":"tag-bullfighting","10":"tag-deportes","11":"tag-es","12":"tag-espana","13":"tag-morante-de-la-puebla","14":"tag-spain","15":"tag-sports","16":"tag-toreo","17":"tag-toros"},"share_on_mastodon":{"url":"","error":""},"_links":{"self":[{"href":"https:\/\/www.europesays.com\/es\/wp-json\/wp\/v2\/posts\/173656","targetHints":{"allow":["GET"]}}],"collection":[{"href":"https:\/\/www.europesays.com\/es\/wp-json\/wp\/v2\/posts"}],"about":[{"href":"https:\/\/www.europesays.com\/es\/wp-json\/wp\/v2\/types\/post"}],"author":[{"embeddable":true,"href":"https:\/\/www.europesays.com\/es\/wp-json\/wp\/v2\/users\/2"}],"replies":[{"embeddable":true,"href":"https:\/\/www.europesays.com\/es\/wp-json\/wp\/v2\/comments?post=173656"}],"version-history":[{"count":0,"href":"https:\/\/www.europesays.com\/es\/wp-json\/wp\/v2\/posts\/173656\/revisions"}],"wp:featuredmedia":[{"embeddable":true,"href":"https:\/\/www.europesays.com\/es\/wp-json\/wp\/v2\/media\/173657"}],"wp:attachment":[{"href":"https:\/\/www.europesays.com\/es\/wp-json\/wp\/v2\/media?parent=173656"}],"wp:term":[{"taxonomy":"category","embeddable":true,"href":"https:\/\/www.europesays.com\/es\/wp-json\/wp\/v2\/categories?post=173656"},{"taxonomy":"post_tag","embeddable":true,"href":"https:\/\/www.europesays.com\/es\/wp-json\/wp\/v2\/tags?post=173656"}],"curies":[{"name":"wp","href":"https:\/\/api.w.org\/{rel}","templated":true}]}}