{"id":173688,"date":"2025-10-13T10:22:09","date_gmt":"2025-10-13T10:22:09","guid":{"rendered":"https:\/\/www.europesays.com\/es\/173688\/"},"modified":"2025-10-13T10:22:09","modified_gmt":"2025-10-13T10:22:09","slug":"alicante-sede-de-la-fase-final-de-la-copa-de-s-m-el-rey-2026","status":"publish","type":"post","link":"https:\/\/www.europesays.com\/es\/173688\/","title":{"rendered":"Alicante, sede de la fase final de la Copa de S. M. el Rey 2026"},"content":{"rendered":"<p>La <strong>Copa de S. M. el Rey 2026<\/strong> ya conoce su sede de cara a <strong>la fase final<\/strong> del 5 al 7 de junio: <strong>Alicante<\/strong>. El anuncio se produce fruto del acuerdo alcanzado entre la <strong>Real Federaci\u00f3n Espa\u00f1ola de Balonmano<\/strong>, el <strong>Ayuntamiento de Alicante<\/strong>, <strong>Generalitat Valenciana<\/strong> y <strong>Diputaci\u00f3n Provincial de Alicante<\/strong>.<\/p>\n<p>Alicante, uno de los principales semilleros de talento del balonmano en Espa\u00f1a, se confirma de esta forma como la sede de la fase final del evento copero, algo que sucede por <strong>segunda vez en su historia<\/strong>, ya que en 2018 hizo su estreno en el Pitiu Rochel con una edici\u00f3n en la que se impuso, a la postre, el <strong>Bar\u00e7a<\/strong>.<\/p>\n<p>Los azulgranas cuentan con una plaza para esta fase final en calidad de vigente campe\u00f3n. <strong>Horneo E\u00d3N Alicante<\/strong>, equipo que ascend\u00eda a la m\u00e1xima categor\u00eda del balonmano masculino espa\u00f1ol el pasado mes de mayo, ser\u00e1 el segundo conjunto que garantiza su participaci\u00f3n como anfitri\u00f3n del torneo.<\/p>\n<p><strong>ALICANTE Y BALONMANO, UN BINOMIO \u00daNICO<br \/><\/strong>Alicante dispone de una rica tradici\u00f3n de balonmano que se remonta al siglo XX, marcada indudablemente por el dominio del hist\u00f3rico <strong>Calpisa<\/strong>, uno de los clubes m\u00e1s laureados de Espa\u00f1a en la d\u00e9cada de los 70, ya que se hizo con diversos t\u00edtulos de liga y Copa del Rey, alcanzando su mayor gesta al conquistar la <strong>Recopa de Europa<\/strong> en 1980.<\/p>\n<p>Paralelamente, la cantera alicantina se consolidar\u00eda como una de las m\u00e1s prol\u00edficas de Espa\u00f1a gracias, fundamentalmente, a la labor formativa del <strong>Colegio Agustinos<\/strong>, donde el <strong>Padre \u00c1ngel Escapa<\/strong> introdujo el balonmano en 1972, dando origen al Club Deportivo Agustinos: todo un referente de nuestro deporte desde 1979.<\/p>\n<p>Albergar la fase final de la Copa de S. M. el Rey es el \u00faltimo paso de esta localidad por volver a asumir un rol protagonista en el balonmano espa\u00f1ol, ya que se suma al retorno de Alicante \u201333 a\u00f1os despu\u00e9s\u2013 a la Divisi\u00f3n de Honor Masculina de la mano del <strong>Horneo E\u00d3N Alicante<\/strong>, quien toma el testigo de tantas p\u00e1ginas de historia en la \u00e9lite de nuestro deporte y que han tenido como protagonista la ciudad de Alicante.<\/p>\n<p><strong>MA\u00d1ANA, SORTEO DE LA PRIMERA RONDA<br \/><\/strong>Ahora que ya est\u00e1 confirmada la sede de la fase final de la Copa de S. M. el Rey 2026, el Departamento de Competiciones de la Real Federaci\u00f3n Espa\u00f1ola de Balonmano ha comunicado la <strong>fecha y hora del sorteo de la primera ronda<\/strong>: ma\u00f1ana martes, <strong>14 de octubre, a las 13:00 h.<\/strong><\/p>\n<p><strong>24 equipos<\/strong> entran en liza en dicha fase: todos los participantes en Divisi\u00f3n de Honor Plata Masculina, as\u00ed como un total de 8 equipos de Divisi\u00f3n de Honor Masculina, repartidos todos ellos en dos bombos:<\/p>\n<p><strong>Bombo 1<\/strong> | Fertiberia Puerto Sagunto, Bar\u00e7a Atl\u00e8tic, Balonmano Alcobendas, Trops M\u00e1laga, Trasmapi Gobycar Citubo Eivissa, Cisne Colegio Los Sauces, Fundaci\u00f3n Agustinos Alicante, Cajasol Sevilla Pro\u00edn, Attica 21 Hotels OAR Coru\u00f1a, Contazara Zaragoza, Balonmano Soria, Conf\u00eda Base Oviedo<\/p>\n<p><strong>Bombo 2<\/strong> | Viveros Herol Nava, Tubos Aranda Villa de Aranda, REBI Cuenca, Frigor\u00edficos del Morrazo, Cajasol AX Puente Genil, Bada Huesca, Sanicentro Guadalajara, Caser\u00edo Ciudad Real, Anaitasuna, Servigroup Benidorm, UBU San Pablo Burgos, Blendio Sinf\u00edn Santander<\/p>\n<p>El objetivo es conformar 12 cruces que se deben resolver a <strong>partido \u00fanico<\/strong> el <strong>5 de noviembre<\/strong>, en casa de los equipos del Bombo 1.<\/p>\n<p><strong>DOMINIO AZULGRANA \u00a0<br \/><\/strong>El torneo del KO tiene un gran dominador, el <strong>Bar\u00e7a<\/strong>, que atesora 29 t\u00edtulos coperos, seguido del <strong>Atl\u00e9tico Madrid<\/strong>, con 10; <strong>Calpisa<\/strong>, con 5 entorchados; y Granollers y Ciudad Real, con 3. \u00a0Bidasoa Ir\u00fan, Teka Cantabria, San Antonio, Valladolid, Bm. Atl\u00e9tico Valladolid y Selecci\u00f3n de Madrid, suman 2 t\u00edtulos; y cierran el podio de campeones, Ademar Le\u00f3n, Alzira, Marcol, Sabadell, y las Selecciones de Guip\u00fazcoa y Barcelona, con un t\u00edtulo.<\/p>\n<p>\u00a0<\/p>\n<p>Fotograf\u00eda:\u00a0<strong>RFEBM \u2013 J.L. Recio<\/strong><\/p>\n","protected":false},"excerpt":{"rendered":"La Copa de S. M. el Rey 2026 ya conoce su sede de cara a la fase final&hellip;\n","protected":false},"author":2,"featured_media":173689,"comment_status":"","ping_status":"","sticky":false,"template":"","format":"standard","meta":{"footnotes":""},"categories":[278],"tags":[376,168,25,24,375,23,167],"class_list":{"0":"post-173688","1":"post","2":"type-post","3":"status-publish","4":"format-standard","5":"has-post-thumbnail","7":"category-balonmano","8":"tag-balonmano","9":"tag-deportes","10":"tag-es","11":"tag-espana","12":"tag-handball","13":"tag-spain","14":"tag-sports"},"share_on_mastodon":{"url":"","error":""},"_links":{"self":[{"href":"https:\/\/www.europesays.com\/es\/wp-json\/wp\/v2\/posts\/173688","targetHints":{"allow":["GET"]}}],"collection":[{"href":"https:\/\/www.europesays.com\/es\/wp-json\/wp\/v2\/posts"}],"about":[{"href":"https:\/\/www.europesays.com\/es\/wp-json\/wp\/v2\/types\/post"}],"author":[{"embeddable":true,"href":"https:\/\/www.europesays.com\/es\/wp-json\/wp\/v2\/users\/2"}],"replies":[{"embeddable":true,"href":"https:\/\/www.europesays.com\/es\/wp-json\/wp\/v2\/comments?post=173688"}],"version-history":[{"count":0,"href":"https:\/\/www.europesays.com\/es\/wp-json\/wp\/v2\/posts\/173688\/revisions"}],"wp:featuredmedia":[{"embeddable":true,"href":"https:\/\/www.europesays.com\/es\/wp-json\/wp\/v2\/media\/173689"}],"wp:attachment":[{"href":"https:\/\/www.europesays.com\/es\/wp-json\/wp\/v2\/media?parent=173688"}],"wp:term":[{"taxonomy":"category","embeddable":true,"href":"https:\/\/www.europesays.com\/es\/wp-json\/wp\/v2\/categories?post=173688"},{"taxonomy":"post_tag","embeddable":true,"href":"https:\/\/www.europesays.com\/es\/wp-json\/wp\/v2\/tags?post=173688"}],"curies":[{"name":"wp","href":"https:\/\/api.w.org\/{rel}","templated":true}]}}