{"id":173690,"date":"2025-10-13T10:23:08","date_gmt":"2025-10-13T10:23:08","guid":{"rendered":"https:\/\/www.europesays.com\/es\/173690\/"},"modified":"2025-10-13T10:23:08","modified_gmt":"2025-10-13T10:23:08","slug":"de-ganar-el-concurso-de-recortadores-de-fuego-al-hospital-con-una-grave-cornada","status":"publish","type":"post","link":"https:\/\/www.europesays.com\/es\/173690\/","title":{"rendered":"de ganar el concurso de recortadores de fuego al hospital con una grave cornada"},"content":{"rendered":"<p class=\"ft-text\"><strong>Sa\u00fal Pardo dif\u00edcilmente olvidar\u00e1 el 12 de octubre de 2025<\/strong>. El joven recortador de Paniza<strong> ha vivido un c\u00famulo de sensaciones en las \u00faltimas horas<\/strong> desde que se proclamase campe\u00f3n del concurso de recortadores de <a class=\"ft-link ft-link--decoration\" href=\"https:\/\/www.elperiodicodearagon.com\/tags\/toros\/\" target=\"_blank\" rel=\"nofollow noopener\">toro de fuego<\/a> hasta <strong>ser pillado por el animal horas m\u00e1s tarde <\/strong>teniendo que ser<strong> trasladado de urgencia al Hospital Cl\u00ednico Universitario por una cornada de tres trayectorias<\/strong>.<\/p>\n<p class=\"ft-text\">El<strong> XIII Concurso de recortes con toros de fuego 2025<\/strong> de la ganader\u00eda S\u00e1nchez Herrero se celebr\u00f3 ante una Misericordia<strong> llena hasta la bandera el s\u00e1bado por la noche<\/strong>. Los recortadores dieron un espect\u00e1culo de much\u00edsimo nivel con acento aragon\u00e9s ya que Sa\u00fal Pardo se proclam\u00f3 vencedor tras dejar unos<strong> impresionantes recortes de rodillas delante del toro. <\/strong><\/p>\n<p class=\"ft-text\">El de Paniza hizo levantar en varias ocasiones a todo el p\u00fablico de la plaza con su arriesgada estrategia con la que super\u00f3 a dos grand\u00edsimos rivales como el prometedor<strong> Fernando Murillo de Cuarte de Huerva<\/strong> (2 posici\u00f3n) y al <strong>gran saltador Sergio Mart\u00ednez de Illescas<\/strong> que complet\u00f3 el podio. \u00abEs un sue\u00f1o que he tenido desde peque\u00f1o y m\u00e1s con toda la gente que hay aqu\u00ed,<strong> con toda mi familia, es un orgullo. Va a ser el cuarto d\u00eda que salga en esta feria<\/strong>, algo que nadie ha hecho nunca\u00bb, afirmaba el propio recortador aragon\u00e9s segundos despu\u00e9s de recoger su merecido trofeo.<\/p>\n<p class=\"ft-text\">Como ganador del concurso de recortadores con toros de fuego de las Fiestas del Pilar, Sa\u00fal Pardo lograba el billete para el concurso de recortadores Goyesco que se celebra cada a\u00f1o en La Misercordia la ma\u00f1ana del 12 de octubre. Sin embargo, <strong>el de Paniza no pudo alargar su idilio frente al animal el domingo ya que recibi\u00f3 una grave cornada durante uno de sus arriesgados recortes de rodillas de espaldas tan caracter\u00edsticos. <\/strong><\/p>\n<p>\u00abTres trayectorias\u00bb<\/p>\n<p class=\"ft-text\">Despu\u00e9s del susto, la organizaci\u00f3n de la Feria taurina del Pilar emiti\u00f3 un comunicado en redes sociales explicando c\u00f3mo se encontraba Sa\u00fal Pardo. El recortador hab\u00eda sufrido una cogida con una cornada de tres trayectorias:<strong> \u00abHerida por asta de toro a nivel del tercio proximal del muslo izquierdo,<\/strong> compartimento posterior que afecta a musculatura isquiotibial con tres trayectorias: una de 15 cent\u00edmetros, otra de 12 y una profunda de 7&#8243;. Adem\u00e1s,<strong> el zaragozano tambi\u00e9n sufri\u00f3 otra herida sobre la pala iliaca con dos trayectorias y otra incisa supraciliar. <\/strong><\/p>\n<p class=\"ft-text\">Tras la cogida, S\u00e1ul Pardo fue intervenido en la propia enfermer\u00eda de la <strong>Plaza de Toros de la Misericordia <\/strong>por la doctora Mar\u00eda del Pilar Val-Carreres y fue trasladado con pron\u00f3stico grave al <strong>Hospital Cl\u00ednico Universitario<\/strong>. Se espera que el recortador, que todav\u00eda tiene dolores fuertes, permanezca ingresado durante los pr\u00f3ximos d\u00edas a la espera de evoluci\u00f3n. Cabe recordar que adem\u00e1s de recortador Sa\u00fal Pardo tambi\u00e9n forma parte de la plantilla del <strong>Atl\u00e9tico Cari\u00f1ena de Regional Preferente.<\/strong><\/p>\n","protected":false},"excerpt":{"rendered":"Sa\u00fal Pardo dif\u00edcilmente olvidar\u00e1 el 12 de octubre de 2025. El joven recortador de Paniza ha vivido un&hellip;\n","protected":false},"author":2,"featured_media":173691,"comment_status":"","ping_status":"","sticky":false,"template":"","format":"standard","meta":{"footnotes":""},"categories":[277],"tags":[9546,373,168,25,24,599,14524,297,50046,50045,8364,31436,23,167,374,444],"class_list":{"0":"post-173690","1":"post","2":"type-post","3":"status-publish","4":"format-standard","5":"has-post-thumbnail","7":"category-toreo","8":"tag-9546","9":"tag-bullfighting","10":"tag-deportes","11":"tag-es","12":"tag-espana","13":"tag-feria","14":"tag-fiestas-del-pilar","15":"tag-horas","16":"tag-hospital-dv","17":"tag-olvidara","18":"tag-pardo","19":"tag-saul","20":"tag-spain","21":"tag-sports","22":"tag-toreo","23":"tag-toros"},"share_on_mastodon":{"url":"","error":""},"_links":{"self":[{"href":"https:\/\/www.europesays.com\/es\/wp-json\/wp\/v2\/posts\/173690","targetHints":{"allow":["GET"]}}],"collection":[{"href":"https:\/\/www.europesays.com\/es\/wp-json\/wp\/v2\/posts"}],"about":[{"href":"https:\/\/www.europesays.com\/es\/wp-json\/wp\/v2\/types\/post"}],"author":[{"embeddable":true,"href":"https:\/\/www.europesays.com\/es\/wp-json\/wp\/v2\/users\/2"}],"replies":[{"embeddable":true,"href":"https:\/\/www.europesays.com\/es\/wp-json\/wp\/v2\/comments?post=173690"}],"version-history":[{"count":0,"href":"https:\/\/www.europesays.com\/es\/wp-json\/wp\/v2\/posts\/173690\/revisions"}],"wp:featuredmedia":[{"embeddable":true,"href":"https:\/\/www.europesays.com\/es\/wp-json\/wp\/v2\/media\/173691"}],"wp:attachment":[{"href":"https:\/\/www.europesays.com\/es\/wp-json\/wp\/v2\/media?parent=173690"}],"wp:term":[{"taxonomy":"category","embeddable":true,"href":"https:\/\/www.europesays.com\/es\/wp-json\/wp\/v2\/categories?post=173690"},{"taxonomy":"post_tag","embeddable":true,"href":"https:\/\/www.europesays.com\/es\/wp-json\/wp\/v2\/tags?post=173690"}],"curies":[{"name":"wp","href":"https:\/\/api.w.org\/{rel}","templated":true}]}}