{"id":173705,"date":"2025-10-13T10:34:09","date_gmt":"2025-10-13T10:34:09","guid":{"rendered":"https:\/\/www.europesays.com\/es\/173705\/"},"modified":"2025-10-13T10:34:09","modified_gmt":"2025-10-13T10:34:09","slug":"vuestra-historia-me-recuerda-a-cosas-que-vivi","status":"publish","type":"post","link":"https:\/\/www.europesays.com\/es\/173705\/","title":{"rendered":"Vuestra historia me recuerda a cosas que viv\u00ed"},"content":{"rendered":"<p data-journey-content=\"true\" data-node-id=\"3\" class=\"css-6wxqfj emevuu60\"><strong data-node-id=\"3.0\">Jessica Bueno recuerda a Luitingo al sentirse identificada con Miri P\u00e9rez: \u00abVuestra historia me recuerda a cosas que yo viv\u00ed\u00bb<\/strong>. <a href=\"https:\/\/diezminutos.es\/supervivientes-television\" target=\"_blank\" data-vars-ga-outbound-link=\"https:\/\/diezminutos.es\/supervivientes-television\" data-vars-ga-ux-element=\"Hyperlink\" data-vars-ga-call-to-action=\"&#039;Supervivientes All Stars&#039;\" data-node-id=\"3.2\" class=\"body-link css-177bzfx emevuu60\" rel=\"nofollow noopener\">&#8216;Supervivientes All Stars&#8217;<\/a> ya lleva m\u00e1s de un mes de emisi\u00f3n, dej\u00e1ndonos momentos inesperados pero muy rom\u00e1nticos que nunca pensamos ver, desde <a href=\"https:\/\/www.diezminutos.es\/teleprograma\/programas-tv\/a68838580\/miri-perez-cabrera-alejandro-albala-primera-noche-juntos-supervivientes-all-stars\/\" target=\"_blank\" data-vars-ga-outbound-link=\"https:\/\/www.diezminutos.es\/teleprograma\/programas-tv\/a68838580\/miri-perez-cabrera-alejandro-albala-primera-noche-juntos-supervivientes-all-stars\/\" data-vars-ga-ux-element=\"Hyperlink\" data-vars-ga-call-to-action=\"la primera noche de Miri P\u00e9rez y Alejandro Albal\u00e1\" data-node-id=\"3.4\" class=\"body-link css-177bzfx emevuu60\" rel=\"nofollow noopener\">la primera noche de Miri P\u00e9rez y Alejandro Albal\u00e1<\/a> hasta la <a href=\"https:\/\/www.diezminutos.es\/teleprograma\/programas-tv\/a68412632\/reencuentro-marta-penate-y-tony-spina-boda-supervivientes-all-stars\/\" target=\"_blank\" data-vars-ga-outbound-link=\"https:\/\/www.diezminutos.es\/teleprograma\/programas-tv\/a68412632\/reencuentro-marta-penate-y-tony-spina-boda-supervivientes-all-stars\/\" data-vars-ga-ux-element=\"Hyperlink\" data-vars-ga-call-to-action=\"boda de Tony Spina con Marta Pe\u00f1ate\" data-node-id=\"3.6\" class=\"body-link css-177bzfx emevuu60\" rel=\"nofollow noopener\">boda de Tony Spina con Marta Pe\u00f1ate<\/a>. Programa tras programa, <strong data-node-id=\"3.8\">nuestros supervivientes van acerc\u00e1ndose m\u00e1s a la gran final<\/strong>, aunque otros tantos ya han dicho adi\u00f3s a la aventura.<\/p>\n<p data-journey-content=\"true\" data-node-id=\"6\" class=\"css-6wxqfj emevuu60\"><strong data-node-id=\"6.0\">El \u00faltimo expulsado fue <a href=\"https:\/\/www.diezminutos.es\/teleprograma\/programas-tv\/a68992130\/supervivientes-all-stars-2025-miri-perez-cabrero-alejandro-albala-expulsion\/\" target=\"_blank\" data-vars-ga-outbound-link=\"https:\/\/www.diezminutos.es\/teleprograma\/programas-tv\/a68992130\/supervivientes-all-stars-2025-miri-perez-cabrero-alejandro-albala-expulsion\/\" data-vars-ga-ux-element=\"Hyperlink\" data-vars-ga-call-to-action=\"Alejandro Albal\u00e1\" data-node-id=\"6.0.1\" class=\"body-link css-177bzfx emevuu60\" rel=\"nofollow noopener\">Alejandro Albal\u00e1<\/a><\/strong> tras batirse en duelo con Miri P\u00e9rez, con quien parec\u00eda haber formado la parejita de la edici\u00f3n. Tras la noticia de su despedida de Honduras, no fueron solo ellos los que se emocionaban, sino que <strong data-node-id=\"6.2\"><a href=\"https:\/\/www.diezminutos.es\/teleprograma\/programas-tv\/a68994589\/supervivientes-jorge-javier-vazquez-reaccion-lagrimas-jessica-bueno-luitingo\/\" target=\"_blank\" data-vars-ga-outbound-link=\"https:\/\/www.diezminutos.es\/teleprograma\/programas-tv\/a68994589\/supervivientes-jorge-javier-vazquez-reaccion-lagrimas-jessica-bueno-luitingo\/\" data-vars-ga-ux-element=\"Hyperlink\" data-vars-ga-call-to-action=\"Jessica Bueno romp\u00eda en l\u00e1grimas\" data-node-id=\"6.2.0\" class=\"body-link css-177bzfx emevuu60\" rel=\"nofollow noopener\">Jessica Bueno romp\u00eda en l\u00e1grimas<\/a><\/strong>. \u00ab<strong data-node-id=\"6.4\">Me recuerda a una historia que yo viv\u00ed hace muy poco<\/strong>. Fue tan bonito&#8230;\u00bb, dec\u00eda la ex de <a href=\"https:\/\/www.diezminutos.es\/kiko-rivera\/\" target=\"_blank\" data-vars-ga-outbound-link=\"https:\/\/www.diezminutos.es\/kiko-rivera\/\" data-vars-ga-ux-element=\"Hyperlink\" data-vars-ga-call-to-action=\"Kiko Rivera\" data-node-id=\"6.6\" class=\"body-link css-177bzfx emevuu60\" rel=\"nofollow noopener\">Kiko Rivera<\/a> rememorando su relaci\u00f3n con <strong data-node-id=\"6.8\">Luitingo<\/strong>, que explicaba que \u00abacab\u00f3 fatal\u00bb.<\/p>\n<p><img draggable=\"true\" alt=\"jessica bueno, emocionada en 'supervivientes' al recordar a luitingo\" title=\"Jessica bueno, emocionada en 'supervivientes' al recordar a luitingo\" loading=\"lazy\" width=\"2509\" height=\"1348\" decoding=\"async\" data-nimg=\"1\" style=\"color:transparent;width:100%;height:auto;\"   src=\"https:\/\/www.europesays.com\/es\/wp-content\/uploads\/2025\/10\/1760351648_313_lagrimas-jessica-bueno-jpg-68e8b358926a5.jpg\" class=\"css-0 e1g79fud0\"\/><\/p>\n<p>Telecinco<\/p>\n<p>Jessica Bueno, sobre Miri P\u00e9rez y Alejandro Albal\u00e1: \u00abVuestra historia me recuerda a cosas que yo hab\u00eda vivido\u00bb<\/p>\n<p data-journey-content=\"true\" data-node-id=\"10\" class=\"css-6wxqfj emevuu60\">Tras emocionarse con la despedida de sus compa\u00f1eros, <strong data-node-id=\"10.1\">Jessica Bueno<\/strong> <strong data-node-id=\"10.3\">se ha sincerado con <a href=\"https:\/\/www.diezminutos.es\/famosos-corazon\/famosos-espanoles\/g60262588\/miri-perez-cabrero-vida-masterchef-supervivientes\/\" target=\"_blank\" data-vars-ga-outbound-link=\"https:\/\/www.diezminutos.es\/famosos-corazon\/famosos-espanoles\/g60262588\/miri-perez-cabrero-vida-masterchef-supervivientes\/\" data-vars-ga-ux-element=\"Hyperlink\" data-vars-ga-call-to-action=\"Miri P\u00e9rez\" data-node-id=\"10.3.1\" class=\"body-link css-177bzfx emevuu60\" rel=\"nofollow noopener\">Miri P\u00e9rez<\/a><\/strong> sobre las l\u00e1grimas en el adi\u00f3s de Albal\u00e1. \u00abQu\u00e9 mona ayer que te pusiste a llorar\u00bb, le dec\u00eda la exconcursante de <a href=\"https:\/\/www.diezminutos.es\/masterchef\/\" target=\"_blank\" data-vars-ga-outbound-link=\"https:\/\/www.diezminutos.es\/masterchef\/\" data-vars-ga-ux-element=\"Hyperlink\" data-vars-ga-call-to-action=\"&#039;Masterchef&#039;\" data-node-id=\"10.5\" class=\"body-link css-177bzfx emevuu60\" rel=\"nofollow noopener\">&#8216;Masterchef&#8217;<\/a>. \u00ab<strong data-node-id=\"10.7\">Te quer\u00eda abrazar tambi\u00e9n, pero como ten\u00eda a Alejandro al lado pensaba &#8216;es que quiero abrazar a Alejandro'\u00bb<\/strong>. Su compa\u00f1era, que entend\u00eda perfectamente a Miri, le explic\u00f3 la raz\u00f3n por la que la situaci\u00f3n la afect\u00f3: \u00ab<strong data-node-id=\"10.9\">Era vuestro momento<\/strong>. Lo que pasa que estoy m\u00e1s sensible, me record\u00f3 a eso que viv\u00ed. Te lo he dicho muchas veces, <strong data-node-id=\"10.11\">vuestra historia me recuerda a cosas que yo hab\u00eda vivido<\/strong>\u00ab.<\/p>\n<p><img draggable=\"true\" alt=\"jessica bueno y miri perez en 'supervivientes'\" title=\"jessica bueno y miri perez en 'supervivientes'\" loading=\"lazy\" width=\"2092\" height=\"1191\" decoding=\"async\" data-nimg=\"1\" style=\"color:transparent;width:100%;height:auto;\"   src=\"https:\/\/www.europesays.com\/es\/wp-content\/uploads\/2025\/10\/jessica-bueno-y-miri-perez-jpg-68eca95c89b51.jpg\" class=\"css-0 e1g79fud0\"\/><\/p>\n<p>Telecinco<\/p>\n<p data-journey-content=\"true\" data-node-id=\"15\" class=\"css-6wxqfj emevuu60\">Tal y como comentaban las dos, en el concurso \u00ab<strong data-node-id=\"15.1\">las emociones est\u00e1n a flor de piel<\/strong>\u00ab, pero \u00ab<strong data-node-id=\"15.3\">de una forma sana porque conoces a esa persona y su forma de ser sin pensar m\u00e1s all\u00e1<\/strong>, sin que se corrompa con nada\u00bb, a\u00f1ad\u00eda <a href=\"https:\/\/www.diezminutos.es\/famosos-corazon\/famosos-espanoles\/a65526958\/jessica-bueno-vida\/\" target=\"_blank\" data-vars-ga-outbound-link=\"https:\/\/www.diezminutos.es\/famosos-corazon\/famosos-espanoles\/a65526958\/jessica-bueno-vida\/\" data-vars-ga-ux-element=\"Hyperlink\" data-vars-ga-call-to-action=\"Jessica Bueno\" data-node-id=\"15.5\" class=\"body-link css-177bzfx emevuu60\" rel=\"nofollow noopener\">Jessica Bueno<\/a> bajo la atenta mirada de Miri, que confes\u00f3 que Alejandro \u00abes una mano que ahora mismo no quiero soltar\u00bb y que \u00ab<strong data-node-id=\"15.7\">le echo mucho de menos<\/strong>\u00ab.<\/p>\n<p data-journey-content=\"true\" data-node-id=\"17\" class=\"css-6wxqfj emevuu60\">Sin embargo, Jessica, que ya ha pasado por una <strong data-node-id=\"17.1\">situaci\u00f3n parecida<\/strong> en<a href=\"https:\/\/www.diezminutos.es\/famosos-corazon\/famosos-espanoles\/a63891804\/jessica-bueno-luitingo-rompen-confirmacion\/\" target=\"_blank\" data-vars-ga-outbound-link=\"https:\/\/www.diezminutos.es\/famosos-corazon\/famosos-espanoles\/a63891804\/jessica-bueno-luitingo-rompen-confirmacion\/\" data-vars-ga-ux-element=\"Hyperlink\" data-vars-ga-call-to-action=\" su relaci\u00f3n con Luitingo\" data-node-id=\"17.3\" class=\"body-link css-177bzfx emevuu60\" rel=\"nofollow noopener\"> su relaci\u00f3n con Luitingo<\/a>, a quien conoci\u00f3 en <a href=\"https:\/\/www.diezminutos.es\/gran-hermano-vip\/\" target=\"_blank\" data-vars-ga-outbound-link=\"https:\/\/www.diezminutos.es\/gran-hermano-vip\/\" data-vars-ga-ux-element=\"Hyperlink\" data-vars-ga-call-to-action=\"&#039;Gran Hermano VIP&#039;\" data-node-id=\"17.5\" class=\"body-link css-177bzfx emevuu60\" rel=\"nofollow noopener\">&#8216;Gran Hermano VIP&#8217;<\/a>, sab\u00eda exactamente lo que ten\u00eda que decir para consolar a la joven: \u00ab<strong data-node-id=\"17.7\">Cuando se va, sientes el vac\u00edo de que te falta esa persona<\/strong> y se pasa mal, pero queda poquito. <strong data-node-id=\"17.9\">\u00c9l fuera seguramente quiere que llegues s\u00faper fuerte lo m\u00e1s lejos posible<\/strong>. Estar\u00e1s unos d\u00edas que te falta algo, pero es un error, <strong data-node-id=\"17.11\">no necesitamos a nadie para ser feliz<\/strong>\u00ab. Las palabras desde la experiencia calaron en su compa\u00f1era, que afirm\u00f3 que \u00ab<strong data-node-id=\"17.13\">no necesitamos a nadie m\u00e1s que a nosotras para estar completas<\/strong>\u00ab. Con \u00e1nimos renovados y tras una charla muy sincera, Miri P\u00e9rez deber\u00e1 recuperar fuerzas para hacerse con el cheque ganador del programa.<\/p>\n","protected":false},"excerpt":{"rendered":"Jessica Bueno recuerda a Luitingo al sentirse identificada con Miri P\u00e9rez: \u00abVuestra historia me recuerda a cosas que&hellip;\n","protected":false},"author":2,"featured_media":173706,"comment_status":"","ping_status":"","sticky":false,"template":"","format":"standard","meta":{"footnotes":""},"categories":[171],"tags":[253,146,147,25,24,23,214],"class_list":{"0":"post-173705","1":"post","2":"type-post","3":"status-publish","4":"format-standard","5":"has-post-thumbnail","7":"category-tv","8":"tag-discover","9":"tag-entertainment","10":"tag-entretenimiento","11":"tag-es","12":"tag-espana","13":"tag-spain","14":"tag-tv"},"share_on_mastodon":{"url":"","error":""},"_links":{"self":[{"href":"https:\/\/www.europesays.com\/es\/wp-json\/wp\/v2\/posts\/173705","targetHints":{"allow":["GET"]}}],"collection":[{"href":"https:\/\/www.europesays.com\/es\/wp-json\/wp\/v2\/posts"}],"about":[{"href":"https:\/\/www.europesays.com\/es\/wp-json\/wp\/v2\/types\/post"}],"author":[{"embeddable":true,"href":"https:\/\/www.europesays.com\/es\/wp-json\/wp\/v2\/users\/2"}],"replies":[{"embeddable":true,"href":"https:\/\/www.europesays.com\/es\/wp-json\/wp\/v2\/comments?post=173705"}],"version-history":[{"count":0,"href":"https:\/\/www.europesays.com\/es\/wp-json\/wp\/v2\/posts\/173705\/revisions"}],"wp:featuredmedia":[{"embeddable":true,"href":"https:\/\/www.europesays.com\/es\/wp-json\/wp\/v2\/media\/173706"}],"wp:attachment":[{"href":"https:\/\/www.europesays.com\/es\/wp-json\/wp\/v2\/media?parent=173705"}],"wp:term":[{"taxonomy":"category","embeddable":true,"href":"https:\/\/www.europesays.com\/es\/wp-json\/wp\/v2\/categories?post=173705"},{"taxonomy":"post_tag","embeddable":true,"href":"https:\/\/www.europesays.com\/es\/wp-json\/wp\/v2\/tags?post=173705"}],"curies":[{"name":"wp","href":"https:\/\/api.w.org\/{rel}","templated":true}]}}