{"id":173715,"date":"2025-10-13T10:39:10","date_gmt":"2025-10-13T10:39:10","guid":{"rendered":"https:\/\/www.europesays.com\/es\/173715\/"},"modified":"2025-10-13T10:39:10","modified_gmt":"2025-10-13T10:39:10","slug":"el-interes-por-el-desfile-de-la-fiesta-nacional-se-mantiene-con-casi-un-40-de-audiencia-en-la-1-mientras-tambien-se-dispara-en-telemadrid-con-polemica-entrevista-a-ayuso-incluida-el-mundo","status":"publish","type":"post","link":"https:\/\/www.europesays.com\/es\/173715\/","title":{"rendered":"El inter\u00e9s por el desfile de la Fiesta Nacional se mantiene con casi un 40% de audiencia en La 1, mientras tambi\u00e9n se dispara en Telemadrid con pol\u00e9mica entrevista a Ayuso incluida &#8211; El Mundo"},"content":{"rendered":"<ol>\n<li><a href=\"https:\/\/news.google.com\/rss\/articles\/CBMif0FVX3lxTE1fcGR4a1FBZnFzb1AzZXREWlRMWDFkMXhQazNKSWxSTlN1bE9FWU5nSV9Oa29uUXY4ZEczOFdickVZRXhlckNEaE53MG4xZzhBa2dSdjBJNzRoVk8wai0xUExYYzlZNmdnS0NBWWZrSlRYcndDaVBDeG13bkxCQU3SAX9BVV95cUxNYTdTeXQ0WE93cHZfWjJaUlZjQlotT1RGNWR1MGFkZHlLZm1qVUh0UjF2dDl0Mk5hU0x0Sktpb1oyYlpPakxqSW5rZnc3eWNxTjE5RWRMTl9RM3FvZnZpSmc4NjUwTzZmeDhoOFVrbTA4eTItNWlpY1lrN3IwZ0tv?oc=5\" target=\"_blank\" rel=\"nofollow noopener\">El inter\u00e9s por el desfile de la Fiesta Nacional se mantiene con casi un 40% de audiencia en La 1, mientras tambi\u00e9n se dispara en Telemadrid con pol\u00e9mica entrevista a Ayuso incluida<\/a>&nbsp;&nbsp;El Mundo<\/li>\n<li><a href=\"https:\/\/news.google.com\/rss\/articles\/CBMipAFBVV95cUxPa19PSVNJdmtyZVJMMFExM29LRnMwVnQzZ3Fhc2hDQzBHUmxfamdiLTFaZmJ3ZXdGRmRoMXBGVnJaVzd6QlZaMmhkWGdiNHNWajRUd1RhRzZKM2hwZlVKU2R5eVlLS1B4ZXdJaHNHYnR2R1FqdDZxeHVueDdkV2QtMWRRcnZfQTFkX3ZxX2M0bktjSnNTVnNUVDdaMWNmczBKa2o4VdIBpAFBVV95cUxQeEN6bVRmQ3gzcFZRclNiNmQ2ellFZ001eDNUQ1EtdUNpSzF5bURoLXMweUlRamIxMEpaRC1sOE5FTTk0U0QwRC1pRHhLSkR0LWEyTUNTMkNRbW96N0VIZE9QajJUUWx2V3hJUE1Tc3lhT1gtaTdRY3pjVkJ0c0t5TUlnZ0g1a2VQUC11ZFZRQVZDNVFRT2pseDU2YXR1dEhrSHUyQw?oc=5\" target=\"_blank\" rel=\"nofollow noopener\">La 1, imparable tambi\u00e9n los fines de semana: es l\u00edder el s\u00e1bado (14,8%) y el domingo (13,7%)<\/a>&nbsp;&nbsp;RTVE.es<\/li>\n<li><a href=\"https:\/\/news.google.com\/rss\/articles\/CBMimAFBVV95cUxPQzZzbXFTak1UbVpsUHRoeGktOFJuNUZTa096YjlETUU0bWN0Y0VRU0tnX2NIaVZ0Z3BaYURFU0F4VDBqbXlVUGJaeEtBaU1tMl9Zb2xkbVFZbk8ycGhFSDJ2ODhocTluZm9uR1V5enphWVlOTVlpeGRLSkF3SFFvamt2bUtxN3daV3RBTU9jSlphRlY3cWRQUtIBmAFBVV95cUxPQzZzbXFTak1UbVpsUHRoeGktOFJuNUZTa096YjlETUU0bWN0Y0VRU0tnX2NIaVZ0Z3BaYURFU0F4VDBqbXlVUGJaeEtBaU1tMl9Zb2xkbVFZbk8ycGhFSDJ2ODhocTluZm9uR1V5enphWVlOTVlpeGRLSkF3SFFvamt2bUtxN3daV3RBTU9jSlphRlY3cWRQUg?oc=5\" target=\"_blank\" rel=\"nofollow noopener\">Audiencias TV: \u2018SV All Stars\u2019 (13,9%) lidera la noche del domingo<\/a>&nbsp;&nbsp;PR Noticias<\/li>\n<li><a href=\"https:\/\/news.google.com\/rss\/articles\/CBMi_gFBVV95cUxPQTIwWjZtZV9feU50UHBFYWdYc25Qa2pGU2FzbXBXZ01pOE5RMjJ6ZTQxZmtyRjY4bVpsaGRva3BXWG5sOXY5dWVjbU9mNENkOHRXNWc0a0ExczRjYy1zaGZYY3NWb2tjMFNlZlNVbDNUVmdVcjFBcDZfX2hNNTRpSzlGVm01OWFNVXRWemREZnREZXAwVHZTSVppeUc3WE5RVjd2SGxhRVZUb1ZjV2hOSGFWQlU2NXB5VVh0dUp4aU1ucnVmMm1Ja3NnSURrU3VFcU5lMjVDM2p5d3B6UWhobl9seC1ISHFHV19YMGZMSmk1eWdVeFpxRG9KUWw1QdIB_gFBVV95cUxQcFpCNkhjWVowMnFBei1naHptalUxYlBxLU83MTN5Ump1MkJIcVVZTUc3OUxkdXZzNjRXbGRJemFrcmNuaDJ2ZzdZdWlOZ2ZFb2lEUzZWaWlyRkJRQTR3Y2pDX2FMSzJ5N2NRU3p5Rmw3R0pKX2M2elpaM3BHMWJJSy1jUlhYQUxoOGtHYU1aU3gzLWwyckhwUHN3THhoaWdMUzJ0UVhfdGE0SE9IYjRrZFB4eFlvaXppazh4d1ZjOHNxNHFuTkRCOHRmbnp5NUVpZUlUc204Y3Frdnc3cHZFckdxLXp5MF8zX1Y4dl93OHZMeGEtb0ItYVRDRkpKZw?oc=5\" target=\"_blank\" rel=\"nofollow noopener\">\u2018Supervivientes All Stars: Conexi\u00f3n Honduras\u2019 firma m\u00e1ximo de temporada y lidera un domingo marcado por el desfile del 12 de octubre<\/a>&nbsp;&nbsp;El Peri\u00f3dico<\/li>\n<li><a href=\"https:\/\/news.google.com\/rss\/articles\/CBMikwJBVV95cUxPdkZuUjhFTkMyN2p4d3JxcVpVTURRQ0pRcXNfd0t0S1hPLU16bWNWS05mc1liXzV0RzU1WmRLY1MteFFWM1g3bzY1VU53RkI5d1FpTmh3dm9WcEd1Zi1EZkh3TzlzelpvMEQyQUkwSjZMOHVFYzh2TG1Dckk3Q0hCTEE4TS1mTW92RkYwT0FvQkd6aHlFb2VSUVNfVjhQQ2ZjSExWczZRMERsb1VMZHBTMkxHTkRtNF9OVmtsMVdfaWlCQ0NuTl93Wm9XUDU1Y2hPUkNOYWh4Zk03MW9MMHFjTUx6Y2hwcmZRdWk0dVJ4Z2lpMDNxUlVXbXVNS21LcDRYRG4zMDVXS0t6V2RraHNZUTJPc9IB_gFBVV95cUxPeHJrUnl1d3BVVWlqTE9qTFBETGtiQU5xeGtJR3FEM2JPSVp3aHlYeUNsN3M0VFN6cC1FX3ZQdkpPYnhYWjVYUUNMZWlJOXpEWkJmaWI4SlNwclUxd0NFMUYwbUlmOUQzR21SQjZYazFuY3cxb3otbW1JSzVTeThYSGVXcGZMVl9INjVkRmd2NXdCd2NSeHdZSVFITFdfYzIzRUM5SmhTX2I1ajluVEl0YmZFbWFPdnA1U01XU0lFcWZmLTJzaVFEQ3NTXy1LUER6bHVIb0hxTWlseUtJQzJrcjhJWlZ2Y09RUW1CVDJHSzNyTExwQ0R3ZmJwcTYyUQ?oc=5\" target=\"_blank\" rel=\"nofollow noopener\">El desfile de la Fiesta Nacional roza el 40% en La 1 y dispara la audiencia de &#8216;D Coraz\u00f3n&#8217; a r\u00e9cord hist\u00f3rico<\/a>&nbsp;&nbsp;El Economista<\/li>\n<\/ol>\n","protected":false},"excerpt":{"rendered":"El inter\u00e9s por el desfile de la Fiesta Nacional se mantiene con casi un 40% de audiencia en&hellip;\n","protected":false},"author":2,"featured_media":173716,"comment_status":"","ping_status":"","sticky":false,"template":"","format":"standard","meta":{"footnotes":""},"categories":[91],"tags":[2509,146,147,25,24,518,23,807],"class_list":{"0":"post-173715","1":"post","2":"type-post","3":"status-publish","4":"format-standard","5":"has-post-thumbnail","7":"category-entretenimiento","8":"tag-audiencias","9":"tag-entertainment","10":"tag-entretenimiento","11":"tag-es","12":"tag-espana","13":"tag-rtve","14":"tag-spain","15":"tag-television"},"share_on_mastodon":{"url":"","error":""},"_links":{"self":[{"href":"https:\/\/www.europesays.com\/es\/wp-json\/wp\/v2\/posts\/173715","targetHints":{"allow":["GET"]}}],"collection":[{"href":"https:\/\/www.europesays.com\/es\/wp-json\/wp\/v2\/posts"}],"about":[{"href":"https:\/\/www.europesays.com\/es\/wp-json\/wp\/v2\/types\/post"}],"author":[{"embeddable":true,"href":"https:\/\/www.europesays.com\/es\/wp-json\/wp\/v2\/users\/2"}],"replies":[{"embeddable":true,"href":"https:\/\/www.europesays.com\/es\/wp-json\/wp\/v2\/comments?post=173715"}],"version-history":[{"count":0,"href":"https:\/\/www.europesays.com\/es\/wp-json\/wp\/v2\/posts\/173715\/revisions"}],"wp:featuredmedia":[{"embeddable":true,"href":"https:\/\/www.europesays.com\/es\/wp-json\/wp\/v2\/media\/173716"}],"wp:attachment":[{"href":"https:\/\/www.europesays.com\/es\/wp-json\/wp\/v2\/media?parent=173715"}],"wp:term":[{"taxonomy":"category","embeddable":true,"href":"https:\/\/www.europesays.com\/es\/wp-json\/wp\/v2\/categories?post=173715"},{"taxonomy":"post_tag","embeddable":true,"href":"https:\/\/www.europesays.com\/es\/wp-json\/wp\/v2\/tags?post=173715"}],"curies":[{"name":"wp","href":"https:\/\/api.w.org\/{rel}","templated":true}]}}