{"id":173719,"date":"2025-10-13T10:41:09","date_gmt":"2025-10-13T10:41:09","guid":{"rendered":"https:\/\/www.europesays.com\/es\/173719\/"},"modified":"2025-10-13T10:41:09","modified_gmt":"2025-10-13T10:41:09","slug":"los-mercados-europeos-y-estadounidenses-se-recuperan-tras-un-viernes-negro","status":"publish","type":"post","link":"https:\/\/www.europesays.com\/es\/173719\/","title":{"rendered":"Los mercados europeos y estadounidenses se recuperan tras un viernes negro"},"content":{"rendered":"\n<p class=\"yf-1090901\">Los mercados europeos y estadounidenses se han visto aliviados despu\u00e9s de que el <strong>viernes fuera un d\u00eda negro<\/strong> para los inversores. Los principales \u00edndices burs\u00e1tiles europeos comenzaron la semana en verde, al igual que los futuros estadounidenses, mientras que el bitcoin, la plata y el oro repuntaron.<\/p>\n<p class=\"yf-1090901\">Despu\u00e9s de que los principales <strong>\u00edndices burs\u00e1tiles<\/strong> de Wall Street <strong>cayeran entre un 1,9 y un 3,6% el viernes<\/strong>, los \u00edndices asi\u00e1ticos siguieron el ejemplo el lunes por la ma\u00f1ana, y perdieron un\u00e1nimemente entre un 1% y un 1,7%.<\/p>\n<p class=\"yf-1090901\">Las acciones estadounidenses se desplomaron el viernes despu\u00e9s de que el presidente de EE.UU., <a href=\"https:\/\/es.euronews.com\/2025\/10\/11\/trump-amenaza-con-un-nuevo-arancel-del-100-a-las-importaciones-chinas-el-1-de-noviembre-co\" rel=\"nofollow noopener\" target=\"_blank\" data-ylk=\"slk:Donald Trump, amenazara con aumentar los aranceles a China;elm:context_link;itc:0;sec:content-canvas\" class=\"link \"><strong>Donald Trump, amenazara con aumentar los aranceles a China<\/strong><\/a>, dando a entender que se avecinan m\u00e1s problemas entre las dos mayores econom\u00edas. Trump respond\u00eda as\u00ed a las <strong>restricciones impuestas por Pek\u00edn a<\/strong> <strong>las exportaciones de tierras raras<\/strong>, materiales fundamentales para la fabricaci\u00f3n de todo tipo de productos, desde la electr\u00f3nica de consumo hasta los motores a reacci\u00f3n.<\/p>\n<p class=\"yf-1090901\">Sin embargo, en la apertura europea del lunes, los inversores parec\u00edan animados por las prometedoras palabras del presidente estadounidense, que coment\u00f3 en las redes sociales las crecientes <a href=\"https:\/\/es.euronews.com\/2025\/10\/12\/china-dice-que-no-teme-una-guerra-arancelaria-ante-la-amenaza-de-aranceles-del-100-de-trum\" rel=\"nofollow noopener\" target=\"_blank\" data-ylk=\"slk:tensiones comerciales entre EE.UU. y China;elm:context_link;itc:0;sec:content-canvas\" class=\"link \">tensiones comerciales entre EE.UU. y China<\/a> diciendo: <strong>\u00ab\u00a1No os preocup\u00e9is por China, todo ir\u00e1 bien!\u00bb.<\/strong><\/p>\n<p class=\"yf-1090901\">Los mercados burs\u00e1tiles parecen revertir las p\u00e9rdidas de finales de la semana pasada, el FTSE 100 de Londres sub\u00eda un 0,3% en torno a las 10:00 CET del lunes, el CAC 40 de Par\u00eds aplaud\u00eda la promesa de un nuevo gobierno ganando un 0,7% y el Dax de Frankfurt se un\u00eda a la multitud subiendo un 0,5% a esta hora.<\/p>\n<p class=\"yf-1090901\">El <strong>Ibex 35 de Madrid tambi\u00e9n gan\u00f3 un 0,8%<\/strong> y el \u00edndice de referencia europeo Stoxx 600 subi\u00f3 casi un 0,5%.<\/p>\n<p class=\"yf-1090901\"><strong>Bitcoin se acerc\u00f3 el lunes a los 115.000 d\u00f3lares (unos 100.000\u20ac)<\/strong>, mientras que Ethereum super\u00f3 los 4.200 d\u00f3lares (3.600\u20ac).<\/p>\n<p class=\"yf-1090901\">\u00abLa capitalizaci\u00f3n del mercado de criptomonedas se situ\u00f3 el lunes en 3,9 billones de d\u00f3lares, un 4,4% m\u00e1s que el d\u00eda anterior, pero un 6% menos que los niveles previos al desplome del viernes\u00bb, dijo Alex Kuptsikevich, analista jefe de mercados de FxPro.<\/p>\n<p class=\"yf-1090901\">El <strong>oro sub\u00eda m\u00e1s de un 2,3%, cotizando a 4.092 d\u00f3lares la onza<\/strong> (3.500 euros), cerca de las 11:00 CET, mientras que los precios del petr\u00f3leo tambi\u00e9n sub\u00edan, el crudo de referencia estadounidense sub\u00eda casi un 0,9%, a 59,85 d\u00f3lares el <strong>barril<\/strong> (cerca de 52 euros), mientras que el Brent, de referencia internacional, costaba 63,69 d\u00f3lares el barril (unos 55 \u20ac), un 1,5% m\u00e1s.<\/p>\n<p class=\"yf-1090901\">Por su parte, los <strong>futuros estadounidenses avanzaban<\/strong>, con el contrato del S&amp;P 500 ganando un 1,1%, mientras que el del Dow Jones Industrial Average ganaba un 1,5% y los futuros del Nasdaq sub\u00edan un 2% a las 10:30 CET.<\/p>\n<p class=\"yf-1090901\">En otras operaciones realizadas a primera hora del lunes, el <strong>d\u00f3lar japon\u00e9s avanzaba a 152,22 yenes<\/strong>, frente a los 151,89 yenes de \u00faltima hora del viernes. El <strong>euro cay\u00f3 a 1,1605 d\u00f3lares<\/strong>, frente a los 1,1614 d\u00f3lares del viernes.<\/p>\n","protected":false},"excerpt":{"rendered":"Los mercados europeos y estadounidenses se han visto aliviados despu\u00e9s de que el viernes fuera un d\u00eda negro&hellip;\n","protected":false},"author":2,"featured_media":173720,"comment_status":"","ping_status":"","sticky":false,"template":"","format":"standard","meta":{"footnotes":""},"categories":[80],"tags":[82,352,95,94,25,24,3502,50051,14588,23],"class_list":{"0":"post-173719","1":"post","2":"type-post","3":"status-publish","4":"format-standard","5":"has-post-thumbnail","7":"category-economia","8":"tag-business","9":"tag-donald-trump","10":"tag-economia","11":"tag-economy","12":"tag-es","13":"tag-espana","14":"tag-indices-bursatiles","15":"tag-mercados-bursatiles","16":"tag-precios-del-petroleo","17":"tag-spain"},"share_on_mastodon":{"url":"","error":""},"_links":{"self":[{"href":"https:\/\/www.europesays.com\/es\/wp-json\/wp\/v2\/posts\/173719","targetHints":{"allow":["GET"]}}],"collection":[{"href":"https:\/\/www.europesays.com\/es\/wp-json\/wp\/v2\/posts"}],"about":[{"href":"https:\/\/www.europesays.com\/es\/wp-json\/wp\/v2\/types\/post"}],"author":[{"embeddable":true,"href":"https:\/\/www.europesays.com\/es\/wp-json\/wp\/v2\/users\/2"}],"replies":[{"embeddable":true,"href":"https:\/\/www.europesays.com\/es\/wp-json\/wp\/v2\/comments?post=173719"}],"version-history":[{"count":0,"href":"https:\/\/www.europesays.com\/es\/wp-json\/wp\/v2\/posts\/173719\/revisions"}],"wp:featuredmedia":[{"embeddable":true,"href":"https:\/\/www.europesays.com\/es\/wp-json\/wp\/v2\/media\/173720"}],"wp:attachment":[{"href":"https:\/\/www.europesays.com\/es\/wp-json\/wp\/v2\/media?parent=173719"}],"wp:term":[{"taxonomy":"category","embeddable":true,"href":"https:\/\/www.europesays.com\/es\/wp-json\/wp\/v2\/categories?post=173719"},{"taxonomy":"post_tag","embeddable":true,"href":"https:\/\/www.europesays.com\/es\/wp-json\/wp\/v2\/tags?post=173719"}],"curies":[{"name":"wp","href":"https:\/\/api.w.org\/{rel}","templated":true}]}}