{"id":173721,"date":"2025-10-13T10:42:12","date_gmt":"2025-10-13T10:42:12","guid":{"rendered":"https:\/\/www.europesays.com\/es\/173721\/"},"modified":"2025-10-13T10:42:12","modified_gmt":"2025-10-13T10:42:12","slug":"hamas-libera-a-los-20-rehenes-israelies-vivos-y-comienza-la-excarcelacion-de-los-presos-palestinos-internacional","status":"publish","type":"post","link":"https:\/\/www.europesays.com\/es\/173721\/","title":{"rendered":"Ham\u00e1s libera a los 20 rehenes israel\u00edes vivos y comienza la excarcelaci\u00f3n de los presos palestinos | Internacional"},"content":{"rendered":"<p class=\"\">Israel ha empezado este lunes a cerrar uno de los cap\u00edtulos m\u00e1s dolorosos de su breve historia. Lo ha hecho cuando Ham\u00e1s ha completado este lunes <a href=\"https:\/\/elpais.com\/internacional\/2025-10-13\/la-liberacion-de-los-ultimos-rehenes-de-hamas-y-la-excarcelacion-de-presos-palestinos-en-imagenes.html\" target=\"_self\" rel=\"nofollow noopener\" title=\"https:\/\/elpais.com\/internacional\/2025-10-13\/la-liberacion-de-los-ultimos-rehenes-de-hamas-y-la-excarcelacion-de-presos-palestinos-en-imagenes.html\">la entrega de los \u00faltimos 20 rehenes israel\u00edes<\/a> que segu\u00edan con vida en la franja de Gaza, una liberaci\u00f3n retransmitida en una pantalla gigante ante varios miles de personas en la plaza ahora rebautizada como de los rehenes, en el centro de Tel Aviv. Esos israel\u00edes han seguido, entre l\u00e1grimas de alegr\u00eda y gritos de entusiasmo, las im\u00e1genes de un canje que se ha desarrollado en dos tandas. En la primera, poco despu\u00e9s de las 7.00 (hora peninsular espa\u00f1ola), la milicia ha entregado en el norte de la Franja al <a href=\"https:\/\/elpais.com\/noticias\/cicr-comite-internacional-cruz-roja\/\" target=\"_self\" rel=\"nofollow noopener\" title=\"https:\/\/elpais.com\/noticias\/cicr-comite-internacional-cruz-roja\/\">Comit\u00e9 Internacional de la Cruz Roja<\/a> a los primeros siete secuestrados, que ya se encuentran en territorio israel\u00ed. Los otros 13 cautivos han sido puestos en libertad unas tres horas despu\u00e9s, en el sur del enclave, y la Cruz Roja ya los ha entregado al ej\u00e9rcito israel\u00ed. A cambio, Israel pondr\u00e1 en libertad a lo largo de la jornada a cerca de 2.000 presos palestinos.<\/p>\n<p class=\"\">Tambi\u00e9n se espera la entrega de los cuerpos de los 28 rehenes israel\u00edes muertos que siguen en Gaza, pero se desconoce si ser\u00e1 simult\u00e1nea o justo despu\u00e9s del retorno de los vivos. Tampoco se sabe si todos han podido ser localizados. El duelo por esos cautivos muertos es lo \u00fanico que en esta jornada est\u00e1 empa\u00f1ando la celebraci\u00f3n por el retorno de los \u00faltimos secuestrados a\u00fan con vida.<\/p>\n<p><img decoding=\"auto\" class=\"_re lazyload a_m-h\" height=\"276\"  width=\"414\"  src=\"https:\/\/www.europesays.com\/es\/wp-content\/uploads\/2025\/10\/PZJ4SA32FBI4ZMKWG5AELXIXQA.jpg\" loading=\"lazy\"\/>El israel\u00ed Guy Gilboa-Dalal, secuestrado el 7 de octubre de 2023, saludaba este lunes tras su liberaci\u00f3n y traslado a un hospital israel\u00ed.Stoyan Nenov (REUTERS)<\/p>\n<p class=\"\">Al mismo tiempo que los congregados estallaban en v\u00edtores al observar las im\u00e1genes que mostraban al convoy que transportaba a los siete primeros cautivos circulando ya por una carretera israel\u00ed, el presidente de Estados Unidos, Donald Trump, llegaba a Israel. La pantalla de la plaza de los rehenes se desdoblaba entonces para mostrar, en una de sus mitades, los coches en los que viajaban los secuestrados y, en la otra, el Air Force One, que se dispon\u00eda a aterrizar en Tel Aviv. \u201c\u00a1Gracias, Trump!; \u00a1Gracias, se\u00f1or presidente!, se o\u00eda entonces por los altavoces, mientras muchos de los israel\u00edes presentes \u2014algunos portaban banderas estadounidenses\u2014 prorrump\u00edan en aplausos y alabanzas al presidente de Estados Unidos. <\/p>\n<p class=\"\">Defini\u00e9ndolo como un \u201csalvador\u201d o incluso como \u201cel rey de Israel\u201d \u2014 as\u00ed lo defin\u00eda Guy, un israel\u00ed que prefer\u00eda presentarse solo por su nombre de pila\u2014, muchas de las personas congregadas en la plaza de Tel Aviv, atribu\u00edan a Trump el m\u00e9rito de un acuerdo que, dec\u00edan varios de ellos, no habr\u00eda sido posible sin su intervenci\u00f3n. <\/p>\n<p class=\"\">El presidente estadounidense se encuentra ya en Jerusal\u00e9n, donde pronuncia un discurso ante el Parlamento. Tambi\u00e9n esa ciudad se ha engalanado en su honor instalando en los edificios grandes carteles con su imagen impresa sobre las banderas de Israel y Estados Unidos. Uno de ellos lo compara incluso con el rey Ciro el Grande, el fundador de la dinast\u00eda aquem\u00e9nida en la antigua Persia, que liber\u00f3 a los jud\u00edos de su cautiverio \u2014en alusi\u00f3n a su papel en la liberaci\u00f3n de los rehenes\u2014 al conquistar Babilonia y permitir su regreso a Jerusal\u00e9n. <\/p>\n<p class=\"\">El mandatario hab\u00eda sido recibido a pie de pista y con alfombra roja por el presidente israel\u00ed, Isaac Herzog, y el primer ministro israel\u00ed, Benjam\u00edn Netanyahu. Trump ha repetido en esta jornada que Ham\u00e1s se desarmar\u00e1 para cumplir con <a href=\"https:\/\/elpais.com\/internacional\/2025-10-13\/los-malos-acuerdos-de-paz-tambien-acaban-con-las-guerras.html\" target=\"_self\" rel=\"nofollow noopener\" title=\"https:\/\/elpais.com\/internacional\/2025-10-13\/los-malos-acuerdos-de-paz-tambien-acaban-con-las-guerras.html\">el plan de paz<\/a> y que la guerra ha acabado. Por la tarde, se desplazar\u00e1 hasta Egipto, que acoge a partir del mediod\u00eda la ceremonia de firma del acuerdo de paz para Gaza, a la que <a href=\"https:\/\/elpais.com\/internacional\/2025-10-13\/trump-y-al-sisi-presiden-una-cumbre-en-egipto-para-apuntalar-el-plan-de-paz-en-gaza.html\" target=\"_self\" rel=\"nofollow noopener\" title=\"https:\/\/elpais.com\/internacional\/2025-10-13\/trump-y-al-sisi-presiden-una-cumbre-en-egipto-para-apuntalar-el-plan-de-paz-en-gaza.html\">acudir\u00e1n l\u00edderes de una veintena de pa\u00edses<\/a>, entre ellos, el jefe de gobierno espa\u00f1ol, Pedro S\u00e1nchez. <\/p>\n<p><img decoding=\"auto\" class=\"_re lazyload a_m-h\" height=\"277\"  width=\"414\"  src=\"https:\/\/www.europesays.com\/es\/wp-content\/uploads\/2025\/10\/LDMA2ASKXNMPZFDDSHS5PPNREI.jpg\" loading=\"lazy\"\/>Un ciudadano palestino preso en una c\u00e1rcel israel\u00ed era recibido en Ramala (Cisjordania) este lunes tras su liberaci\u00f3n.Mussa Qawasma (REUTERS)<\/p>\n<p class=\"\">Mientras tanto, en la plaza de los rehenes, donde ya no cab\u00eda un alma m\u00e1s, Ohad, un joven de 27 a\u00f1os que prefiere no dar su nombre real, auguraba que Israel \u201ca partir de ahora podr\u00e1 curarse\u201d de esa herida que represent\u00f3 para los israel\u00edes aquel 7 de octubre. Este joven no conoce personalmente a ninguno de los rehenes; s\u00ed conoc\u00eda a dos de los 1.200 muertos en <a href=\"https:\/\/elpais.com\/videos\/2025-10-07\/decenas-de-videos-y-una-matanza-en-tiempo-real-dos-anos-del-ataque-de-hamas-en-israel.html\" target=\"_self\" rel=\"nofollow noopener\" title=\"https:\/\/elpais.com\/videos\/2025-10-07\/decenas-de-videos-y-una-matanza-en-tiempo-real-dos-anos-del-ataque-de-hamas-en-israel.html\">los ataques de<\/a> ese d\u00eda, a los que Israel respondi\u00f3 desencadenando la ofensiva en Gaza, que hasta el viernes pasado, cuando entr\u00f3 en vigor el alto el fuego, ha matado a m\u00e1s de 67.000 palestinos. Los rehenes liberados este lunes han sido entregados gracias al acuerdo entre Ham\u00e1s e Israel para aplicar la primera fase de ese plan. <\/p>\n<p class=\"\">De forma paralela, los autobuses que transportan a los presos palestinos han comenzado a salir de las prisiones israel\u00edes poco antes del mediod\u00eda de este lunes. Casi 2.000 reclusos ser\u00e1n excarcelados. El grueso (1.718) fueron arrestados en Gaza por las Fuerzas Armadas israel\u00edes durante las detenciones masivas que efectuaron durante los dos a\u00f1os de invasi\u00f3n con la vista puesta en un futuro canje por los rehenes. Ninguno, de hecho, particip\u00f3 en el ataque que desencaden\u00f3 la invasi\u00f3n, seg\u00fan el Gobierno de Israel. Est\u00e1n siendo trasladados a la Franja, donde les espera un comit\u00e9 de bienvenida en la ciudad de <a href=\"https:\/\/elpais.com\/planeta-futuro\/2025-10-11\/el-plan-de-paz-llego-tarde-para-musab-y-zakaria.html\" target=\"_self\" rel=\"nofollow noopener\" title=\"https:\/\/elpais.com\/planeta-futuro\/2025-10-11\/el-plan-de-paz-llego-tarde-para-musab-y-zakaria.html\">Jan Yunis<\/a>, en el sur.<\/p>\n<p class=\"\">Otros 250 presos, cuya negociaci\u00f3n ha sido m\u00e1s delicada, cumpl\u00edan largas condenas en c\u00e1rceles israel\u00edes. En su mayor\u00eda, al menos una cadena perpetua, por participar u organizar atentados contra israel\u00edes. 154 de ellos ser\u00e1n deportados, seg\u00fan ha se\u00f1alado a este peri\u00f3dico el ministro de Asuntos de los Prisioneros, Raed Abu Al Humus, en el Palacio Cultural de la ciudad cisjordana de Ramala, antes de volar a Egipto. <\/p>\n<p class=\"\">A Ramala llegar\u00e1n otros 88, a los que cientos de familiares y amigos esperan incluso desde primera hora de la ma\u00f1ana. Algunos ataviados con la vestimenta tradicional palestina, en se\u00f1al de celebraci\u00f3n. El lugar se ha ido llenando cada vez m\u00e1s hasta el punto de que las autoridades palestinas han cerrado la puerta de acceso. Periodistas en la zona han grabado v\u00eddeos y tomado fotograf\u00edas que muestran veh\u00edculos militares dirigirse desde la prisi\u00f3n de Ofer, en <a href=\"https:\/\/elpais.com\/noticias\/cisjordania\/\" target=\"_self\" rel=\"nofollow noopener\" title=\"https:\/\/elpais.com\/noticias\/cisjordania\/\">Cisjordania<\/a>, a la cercana Beitunia, donde se est\u00e1n registrando enfrentamientos.<\/p>\n","protected":false},"excerpt":{"rendered":"Israel ha empezado este lunes a cerrar uno de los cap\u00edtulos m\u00e1s dolorosos de su breve historia. Lo&hellip;\n","protected":false},"author":2,"featured_media":173722,"comment_status":"","ping_status":"","sticky":false,"template":"","format":"standard","meta":{"footnotes":""},"categories":[42],"tags":[17,18,68,70,71,72,50052,13,14,73,69,75,11,61,62,63,64,74,19,20,9,10,15,16,77,76,12,21,22,65,66,67],"class_list":{"0":"post-173721","1":"post","2":"type-post","3":"status-publish","4":"format-standard","5":"has-post-thumbnail","7":"category-internacional","8":"tag-breaking-news","9":"tag-breakingnews","10":"tag-conflicto-arabe-israeli","11":"tag-conflictos","12":"tag-conflictos-armados","13":"tag-conflictos-internacionales","14":"tag-cruz-roja-espanola","15":"tag-featured-news","16":"tag-featurednews","17":"tag-franja-gaza","18":"tag-guerra","19":"tag-hamas","20":"tag-headlines","21":"tag-internacional","22":"tag-international","23":"tag-international-news","24":"tag-internationalnews","25":"tag-israel","26":"tag-latest-news","27":"tag-latestnews","28":"tag-news","29":"tag-noticias","30":"tag-noticias-destacadas","31":"tag-noticiasdestacadas","32":"tag-oriente-proximo","33":"tag-palestina","34":"tag-titulares","35":"tag-ultimas-noticias","36":"tag-ultimasnoticias","37":"tag-world","38":"tag-world-news","39":"tag-worldnews"},"share_on_mastodon":{"url":"","error":""},"_links":{"self":[{"href":"https:\/\/www.europesays.com\/es\/wp-json\/wp\/v2\/posts\/173721","targetHints":{"allow":["GET"]}}],"collection":[{"href":"https:\/\/www.europesays.com\/es\/wp-json\/wp\/v2\/posts"}],"about":[{"href":"https:\/\/www.europesays.com\/es\/wp-json\/wp\/v2\/types\/post"}],"author":[{"embeddable":true,"href":"https:\/\/www.europesays.com\/es\/wp-json\/wp\/v2\/users\/2"}],"replies":[{"embeddable":true,"href":"https:\/\/www.europesays.com\/es\/wp-json\/wp\/v2\/comments?post=173721"}],"version-history":[{"count":0,"href":"https:\/\/www.europesays.com\/es\/wp-json\/wp\/v2\/posts\/173721\/revisions"}],"wp:featuredmedia":[{"embeddable":true,"href":"https:\/\/www.europesays.com\/es\/wp-json\/wp\/v2\/media\/173722"}],"wp:attachment":[{"href":"https:\/\/www.europesays.com\/es\/wp-json\/wp\/v2\/media?parent=173721"}],"wp:term":[{"taxonomy":"category","embeddable":true,"href":"https:\/\/www.europesays.com\/es\/wp-json\/wp\/v2\/categories?post=173721"},{"taxonomy":"post_tag","embeddable":true,"href":"https:\/\/www.europesays.com\/es\/wp-json\/wp\/v2\/tags?post=173721"}],"curies":[{"name":"wp","href":"https:\/\/api.w.org\/{rel}","templated":true}]}}