{"id":173725,"date":"2025-10-13T10:44:10","date_gmt":"2025-10-13T10:44:10","guid":{"rendered":"https:\/\/www.europesays.com\/es\/173725\/"},"modified":"2025-10-13T10:44:10","modified_gmt":"2025-10-13T10:44:10","slug":"consulte-aqui-las-alteraciones-en-la-movilidad-derivadas-de-las-obras-que-se-estan-ejecutando-en-alcala-de-henares","status":"publish","type":"post","link":"https:\/\/www.europesays.com\/es\/173725\/","title":{"rendered":"Consulte aqu\u00ed las alteraciones en la movilidad derivadas de las obras que se est\u00e1n ejecutando en Alcal\u00e1 de Henares"},"content":{"rendered":"<p>Adem\u00e1s, con motivo de las obras de reforma de la Avenida de Guadalajara tambi\u00e9n se est\u00e1n llevando a cabo <strong>alteraciones en el tr\u00e1fico en el entorno de Cuatro Ca\u00f1os<\/strong>.<\/p>\n<p>Los trabajos se extienden tambi\u00e9n a las calles Sebasti\u00e1n de la Plaza y Azucena, desarroll\u00e1ndose desde el cruce con V\u00eda Complutense hasta la intersecci\u00f3n con la calle Cruz de Guadalajara.<\/p>\n<p>Con el fin de facilitar la movilidad y minimizar las afecciones al tr\u00e1fico, se recomienda seguir los siguientes itinerarios alternativos:<\/p>\n<p>Residentes en calle Azucena<\/p>\n<ul>\n<li>Acceso: V\u00eda Complutense \u2192 calle Marqu\u00e9s de Alonso Mart\u00ednez \u2192 calle Ronda Ancha \u2192 calle Teniente Ruiz \u2192 calle Cruz de Guadalajara.<\/li>\n<li>Salida: calle Azucena \u2192 calle Giner de los R\u00edos \u2192 plaza de Aguadores.<\/li>\n<\/ul>\n<p>Acceso a residentes, bicicletas, motocicletas, veh\u00edculos autorizados y personas con movilidad reducida de la calle San Diego<\/p>\n<ul>\n<li>Acceso: V\u00eda Complutense \u2192 calle Marqu\u00e9s de Alonso Mart\u00ednez \u2192 calle Ronda Ancha \u2192 calle Teniente Ruiz \u2192 calle Cruz de Guadalajara \u2192 calle Azucena \u2192 calle San Diego.<\/li>\n<li>Salida: calle San Diego \u2192 calle Azucena \u2192 calle Giner de los R\u00edos \u2192 plaza de Aguadores.<\/li>\n<\/ul>\n<p>Acceso recomendado: V\u00eda Complutense \u2192 calle Marqu\u00e9s de Alonso Mart\u00ednez \u2192 calle Ronda Ancha \u2192 calle Teniente Ruiz.<\/p>\n<p>\u00a0<\/p>\n<p>Transporte p\u00fablico<\/p>\n<p>L\u00edneas urbanas:<\/p>\n<p>L\u00ednea 6 (direcci\u00f3n La Garena): C\/ Marqu\u00e9s de Alonso Mart\u00ednez \u2192 C\/ Ronda Ancha \u2192 C\/ Giner de los R\u00edos.<\/p>\n<ul>\n<li>L\u00ednea 7 (direcci\u00f3n Nueva Alcal\u00e1): C\/ Caballer\u00eda Espa\u00f1ola \u2192 C\/ Marqu\u00e9s de Alonso Mart\u00ednez \u2192 C\/ Ronda Ancha \u2192 C\/ Giner de los R\u00edos.<\/li>\n<\/ul>\n<p>L\u00edneas interurbanas:<\/p>\n<ul>\n<li>L\u00ednea 231: realizar\u00e1 el itinerario por C\/ Marqu\u00e9s de Alonso Mart\u00ednez y Avda. de Guadalajara (sin afectaci\u00f3n a paradas).<\/li>\n<li>L\u00ednea 232: realizar\u00e1 el itinerario por C\/ Marqu\u00e9s de Alonso Mart\u00ednez y Avda. de Guadalajara (afectando a las paradas de C\/ Azucena y C\/ Teniente Ruiz).<\/li>\n<\/ul>\n","protected":false},"excerpt":{"rendered":"Adem\u00e1s, con motivo de las obras de reforma de la Avenida de Guadalajara tambi\u00e9n se est\u00e1n llevando a&hellip;\n","protected":false},"author":2,"featured_media":173726,"comment_status":"","ping_status":"","sticky":false,"template":"","format":"standard","meta":{"footnotes":""},"categories":[5],"tags":[27349,17,18,50053,25,24,13,14,11,19,20,8137,9,10,15,16,23,12,21,22],"class_list":{"0":"post-173725","1":"post","2":"type-post","3":"status-publish","4":"format-standard","5":"has-post-thumbnail","7":"category-titulares","8":"tag-ayuntamiento-de-alcala","9":"tag-breaking-news","10":"tag-breakingnews","11":"tag-desvios-trafico","12":"tag-es","13":"tag-espana","14":"tag-featured-news","15":"tag-featurednews","16":"tag-headlines","17":"tag-latest-news","18":"tag-latestnews","19":"tag-movilidad","20":"tag-news","21":"tag-noticias","22":"tag-noticias-destacadas","23":"tag-noticiasdestacadas","24":"tag-spain","25":"tag-titulares","26":"tag-ultimas-noticias","27":"tag-ultimasnoticias"},"share_on_mastodon":{"url":"","error":""},"_links":{"self":[{"href":"https:\/\/www.europesays.com\/es\/wp-json\/wp\/v2\/posts\/173725","targetHints":{"allow":["GET"]}}],"collection":[{"href":"https:\/\/www.europesays.com\/es\/wp-json\/wp\/v2\/posts"}],"about":[{"href":"https:\/\/www.europesays.com\/es\/wp-json\/wp\/v2\/types\/post"}],"author":[{"embeddable":true,"href":"https:\/\/www.europesays.com\/es\/wp-json\/wp\/v2\/users\/2"}],"replies":[{"embeddable":true,"href":"https:\/\/www.europesays.com\/es\/wp-json\/wp\/v2\/comments?post=173725"}],"version-history":[{"count":0,"href":"https:\/\/www.europesays.com\/es\/wp-json\/wp\/v2\/posts\/173725\/revisions"}],"wp:featuredmedia":[{"embeddable":true,"href":"https:\/\/www.europesays.com\/es\/wp-json\/wp\/v2\/media\/173726"}],"wp:attachment":[{"href":"https:\/\/www.europesays.com\/es\/wp-json\/wp\/v2\/media?parent=173725"}],"wp:term":[{"taxonomy":"category","embeddable":true,"href":"https:\/\/www.europesays.com\/es\/wp-json\/wp\/v2\/categories?post=173725"},{"taxonomy":"post_tag","embeddable":true,"href":"https:\/\/www.europesays.com\/es\/wp-json\/wp\/v2\/tags?post=173725"}],"curies":[{"name":"wp","href":"https:\/\/api.w.org\/{rel}","templated":true}]}}