{"id":173727,"date":"2025-10-13T10:45:08","date_gmt":"2025-10-13T10:45:08","guid":{"rendered":"https:\/\/www.europesays.com\/es\/173727\/"},"modified":"2025-10-13T10:45:08","modified_gmt":"2025-10-13T10:45:08","slug":"ademar-estrena-su-traje-europeo-ante-el-favorito-del-grupo-kadetten-suizo","status":"publish","type":"post","link":"https:\/\/www.europesays.com\/es\/173727\/","title":{"rendered":"Ademar estrena su traje europeo ante el favorito del grupo, Kadetten suizo"},"content":{"rendered":"<p data-gtm-element-container=\"modulo-texto-link\" class=\"paragraph\">El<strong> Abanca Ademar<\/strong> se estrena ma\u00f1ana\u00a0 a las 18,45 horas en la <strong>Liga Europa <\/strong>visitando el <strong>BBC Arena <\/strong>para medirse al campe\u00f3n suizo, <strong>Kadetten Schaffhausen<\/strong>, principal favorito para encabezar un grupo en el que tambi\u00e9n se encuentran el <strong>RK Nexe<\/strong> croata y <strong>Partiz\u00e1n de Belgrado<\/strong>. Los leoneses seguir\u00e1n teniendo las bajas de sus lesionados de larga duraci\u00f3n, <strong>\u00c1lex Lodos<\/strong> y <strong>Oscar Lindqvist<\/strong>, \u00e9ste \u00faltimo al que se espera recuperar para afrontar el tramo final de a\u00f1o antes del par\u00f3n por la disputa del europeo de selecciones.<\/p>\n<p data-gtm-element-container=\"modulo-texto-link\" class=\"paragraph\">El rival del equipo de <strong>Daniel Gordo <\/strong>est\u00e1 invicto en su competici\u00f3n dom\u00e9stica, aunque a\u00fan no se haya enfrentado al que, a priori, es su m\u00e1ximo rival por los t\u00edtulos en Suiza, el <strong>Krien Luzern<\/strong>, que derrot\u00f3 en competici\u00f3n europea a los leoneses la pasada temporada en los dos compromisos del grupo. En las filas del <strong>Kadetten Schaffhausen<\/strong> milita el excapit\u00e1n del <strong>Abanca Ademar<\/strong>, el central leon\u00e9s <strong>Juan Castro<\/strong>, que concluye contrato esta temporada y que ya expres\u00f3 en una entrevista con <strong>EFE <\/strong>su deseo de volver al equipo de su tierra.<\/p>\n<p>    Lee tambi\u00e9n<\/p>\n<p data-gtm-element-container=\"modulo-texto-link\" class=\"paragraph\">El encuentro ser\u00e1 dirigido por los colegiados montenegrinos <strong>Miljan Vesovic<\/strong> y <strong>Novica Mitrovic<\/strong>, mientras que actuar\u00e1 de <strong>Delegado <\/strong>de la <strong>Federaci\u00f3n Europea<\/strong> el franc\u00e9s <strong>Thierry Botti<\/strong>.<\/p>\n","protected":false},"excerpt":{"rendered":"El Abanca Ademar se estrena ma\u00f1ana\u00a0 a las 18,45 horas en la Liga Europa visitando el BBC Arena&hellip;\n","protected":false},"author":2,"featured_media":165129,"comment_status":"","ping_status":"","sticky":false,"template":"","format":"standard","meta":{"footnotes":""},"categories":[278],"tags":[376,168,25,24,375,23,167],"class_list":{"0":"post-173727","1":"post","2":"type-post","3":"status-publish","4":"format-standard","5":"has-post-thumbnail","7":"category-balonmano","8":"tag-balonmano","9":"tag-deportes","10":"tag-es","11":"tag-espana","12":"tag-handball","13":"tag-spain","14":"tag-sports"},"share_on_mastodon":{"url":"","error":""},"_links":{"self":[{"href":"https:\/\/www.europesays.com\/es\/wp-json\/wp\/v2\/posts\/173727","targetHints":{"allow":["GET"]}}],"collection":[{"href":"https:\/\/www.europesays.com\/es\/wp-json\/wp\/v2\/posts"}],"about":[{"href":"https:\/\/www.europesays.com\/es\/wp-json\/wp\/v2\/types\/post"}],"author":[{"embeddable":true,"href":"https:\/\/www.europesays.com\/es\/wp-json\/wp\/v2\/users\/2"}],"replies":[{"embeddable":true,"href":"https:\/\/www.europesays.com\/es\/wp-json\/wp\/v2\/comments?post=173727"}],"version-history":[{"count":0,"href":"https:\/\/www.europesays.com\/es\/wp-json\/wp\/v2\/posts\/173727\/revisions"}],"wp:featuredmedia":[{"embeddable":true,"href":"https:\/\/www.europesays.com\/es\/wp-json\/wp\/v2\/media\/165129"}],"wp:attachment":[{"href":"https:\/\/www.europesays.com\/es\/wp-json\/wp\/v2\/media?parent=173727"}],"wp:term":[{"taxonomy":"category","embeddable":true,"href":"https:\/\/www.europesays.com\/es\/wp-json\/wp\/v2\/categories?post=173727"},{"taxonomy":"post_tag","embeddable":true,"href":"https:\/\/www.europesays.com\/es\/wp-json\/wp\/v2\/tags?post=173727"}],"curies":[{"name":"wp","href":"https:\/\/api.w.org\/{rel}","templated":true}]}}