{"id":173738,"date":"2025-10-13T10:54:08","date_gmt":"2025-10-13T10:54:08","guid":{"rendered":"https:\/\/www.europesays.com\/es\/173738\/"},"modified":"2025-10-13T10:54:08","modified_gmt":"2025-10-13T10:54:08","slug":"hijo-con-lequio-su-dolencia-y-musa-de-armani","status":"publish","type":"post","link":"https:\/\/www.europesays.com\/es\/173738\/","title":{"rendered":"hijo con Lequio, su dolencia y musa de Armani"},"content":{"rendered":"<p><strong>Antonia dell\u2019Atte<\/strong> siempre ha sido una mujer con car\u00e1cter, a quien no le ha importado ir con la <strong>sinceridad <\/strong>por bandera y con una actitud que, en muchas ocasiones, le ha hecho ir acumulando una lista de enemigos. Probablemente, lo que pocas personas se esperaban es que detr\u00e1s de esa forma de comportarse tan fr\u00eda estaba una mujer \u2013con <strong>coraza<\/strong>\u2013 que, aunque fuerte, arrastra ciertos traumas y momentos complicados del pasado. Algo que ha querido contar ella misma en su \u00faltima entrevista en El Pa\u00eds, junto a Martin Bianchi, donde ha relatado los a\u00f1os dif\u00edciles que vivi\u00f3 junto a <strong><a href=\"https:\/\/theobjective.com\/etiqueta\/aless-lequio\/\" rel=\"nofollow noopener\" target=\"_blank\">Alessandro Lequio<\/a><\/strong>.<\/p>\n<p>La propia Antonia, que no solamente ha sido una de las modelos mejor valoradas en nuestro pa\u00eds, sino que ha participado en varios programas de televisi\u00f3n espa\u00f1oles, ha relatado un momento que vivi\u00f3 en 1991. Una joven Antonia acudi\u00f3 a una comisar\u00eda en Madrid para denunciar a su entonces marido, Alessandro Lequio, por \u00ab<strong>abandono familiar y malos tratos f\u00edsicos y ps\u00edquicos<\/strong>\u00bb. Aunque luego retir\u00f3 la denuncia, ha afirmado que la polic\u00eda le tom\u00f3 la declaraci\u00f3n y que la creyeron \u2013algo que no era del todo muy com\u00fan en la \u00e9poca\u2013.\u00a0Ella misma ha denunciado que, en ese momento, en los medios, se le trat\u00f3 como \u00ab<strong>la italiana loca y despechada<\/strong>\u00bb tras su ruptura, deformando su versi\u00f3n de los hechos.\u00a0En su entrevista con el mencionado peri\u00f3dico, adem\u00e1s, la italiana ha recordado que conoci\u00f3 a Lequio en 1986, cuando era modelo para Giorgio Armani, y que \u00e9l reapareci\u00f3 m\u00e1s tarde insistiendo en acercarse a ella.<\/p>\n<p>La relaci\u00f3n de Antonia dell\u2019Atte y Alessandro Lequio <\/p>\n<p><img fetchpriority=\"high\" decoding=\"async\" width=\"1024\" height=\"681\" src=\"https:\/\/www.europesays.com\/es\/wp-content\/uploads\/2025\/10\/antonia-alessandro-lequio-1024x681.jpg\" alt=\"\" class=\"wp-image-3769697\"  \/>Antonia dell\u2019Atte junto a Alessandro Lequio en 1990. | Gtres<\/p>\n<p>Con el paso del tiempo, ha asegurado que Lequio comenz\u00f3 a mostrar conductas controladoras; preguntarle cu\u00e1nto dinero ten\u00eda, despreciar a sus amistades y a su familia, sugerir que sus amigos eran infieles o la \u00abusaban\u00bb, o decirle que \u00ab<strong>nadie la quer\u00eda<\/strong>\u00bb, entre otros. Ella ha interpretado siempre eso como <strong>manipulaci\u00f3n psicol\u00f3gica.<\/strong> Antonia ha denunciado que la primera agresi\u00f3n f\u00edsica ocurri\u00f3 estando embarazada: \u00ab<strong>La primera patada que me dio Lequio, estando embarazada, fue a la vuelta de la luna de miel<\/strong>\u00bb. Tambi\u00e9n ha relatado otro episodio de agresi\u00f3n en Varsovia tras un traslado, donde dice que \u00e9l le peg\u00f3 otra patada y que tuvo que volver a Italia para operarse el menisco.\u00a0<\/p>\n<p>En todo momento, dell\u2019Atte ha querido dejar claro el crudo papel que tuvo la prensa. Apuntando que muchos medios de comunicaci\u00f3n han \u00ab<strong>blanqueado<\/strong>\u00bb la violencia, revictimizan a las mujeres y desinforman de forma continuada. Afirma que muchos periodistas han <strong>callado <\/strong>o colaborado con el discurso de Lequio. Ha criticado, tambi\u00e9n, que esos programas que hablan de <strong>violencia de g\u00e9nero <\/strong>lo hacen con ligereza, sin visibilizar herramientas como el tel\u00e9fono 016, y que \u00ab<strong>los maltratadores, aunque no tengan condena pero hayan sido reconocidos, no pueden servir de ejemplo<\/strong>\u00bb. Dell\u2019Atte ha pedido que se \u00ab<strong>crea a las mujeres<\/strong>\u00bb y que ellas \u00abvayan con la cabeza muy alta\u00bb, mientras los agresores deber\u00edan avergonzarse.<\/p>\n<p>La vida de Antonia dell\u2019Atte como musa de Armani <\/p>\n<p>Antonia Teodora Dell\u2019Atte naci\u00f3 el\u00a0<strong>9 de febrero de 1960<\/strong>\u00a0en Ostuni, provincia de Brindisi, en la regi\u00f3n de Apulia (Italia). Creci\u00f3 en un <strong>ambiente rural y modesto<\/strong>; cuando era peque\u00f1a ayudaba en la vendimia. Su padre era <strong>autoritario, beb\u00eda y, cuando se emborrachaba, se volv\u00eda violento<\/strong>, lo que generaba miedo y tensi\u00f3n en la familia. Sus progenitores se <strong>separaron cuando ella ten\u00eda unos 13 a\u00f1os<\/strong>, lo que cambi\u00f3 la din\u00e1mica familiar y alivi\u00f3 algunas presiones econ\u00f3micas. Fue cuando era muy joven cuando comenz\u00f3 a trabajar como modelo en Italia y llam\u00f3 la atenci\u00f3n por su <strong>belleza<\/strong>, sus rasgos marcados, su caracter\u00edstico corte de pelo, cejas prominentes y fuerte personalidad. En esa \u00e9poca, adem\u00e1s, se convirti\u00f3 en <strong>musa de Giorgio Armani<\/strong>, pos\u00f3 en varias campa\u00f1as a mediados de los a\u00f1os 80. En 1987 se cas\u00f3 con<strong> Alessandro Lequio<\/strong>, arist\u00f3crata italiano, despu\u00e9s de haber vivido parte de su carrera en Mil\u00e1n y tras trasladarse a Espa\u00f1a cuando Lequio fue destinado all\u00ed por su trabajo. Antonia se estableci\u00f3 en Espa\u00f1a hacia 1990.<\/p>\n<blockquote class=\"instagram-media\" data-instgrm-permalink=\"https:\/\/www.instagram.com\/p\/DOLwXZ7CEUS\/?utm_source=ig_embed&amp;utm_campaign=loading\" data-instgrm-version=\"14\" style=\" background:#FFF; border:0; border-radius:3px; box-shadow:0 0 1px 0 rgba(0,0,0,0.5),0 1px 10px 0 rgba(0,0,0,0.15); margin: 1px; max-width:540px; min-width:326px; padding:0; width:99.375%; width:-webkit-calc(100% - 2px); width:calc(100% - 2px);\"\/>\n<p>Juntos tuvieron un hijo, al que llamaron <strong>Clemente Lorenzo Lecquio di Assaba<\/strong>. Antonia ha hablado de una enfermedad de tiroides que le afect\u00f3 mucho, especialmente los <strong>ojos<\/strong>; esto la llev\u00f3 a apartarse durante un tiempo del foco medi\u00e1tico.\u00a0En esos a\u00f1os alejada, centrada en su salud personal y en cuidar de su hijo, reflexionando sobre lo vivido, sufri\u00f3 tambi\u00e9n el peso de la exposici\u00f3n p\u00fablica y las consecuencias emocionales de la ruptura.\u00a0En estos a\u00f1os, adem\u00e1s, se ha estrechado la relaci\u00f3n con su hijo Clemente, del que se muestra muy orgullosa; ha dicho que siempre le ha tratado con honestidad y ha intentado protegerlo frente al ruido medi\u00e1tico.\u00a0Tambi\u00e9n ha enterrado en buena medida las rencillas p\u00fablicas con <strong>Ana Obreg\u00f3n<\/strong>, especialmente tras el fallecimiento de \u00c1lex Lequio, el otro hijo de Alessandro, que fue una tragedia que reconfigur\u00f3 las relaciones personales implicadas.\u00a0<\/p>\n<p>Mantiene una buen\u00edsima relaci\u00f3n con su hijo Clemente <\/p>\n<p>Clemente Lorenzo Lequio di Assaba naci\u00f3 el\u00a0<strong>2 de abril de 1988<\/strong>\u00a0en Tur\u00edn, Italia.\u00a0Poco despu\u00e9s, vivi\u00f3 con sus padres en Polonia y luego en Espa\u00f1a, estableci\u00e9ndose con su madre cuando sus progenitores se separaron.\u00a0Durante su infancia su madre siempre se encarg\u00f3 de protegerlo del foco medi\u00e1tico y de los esc\u00e1ndalos p\u00fablicos.\u00a0Clemente ha tenido una relaci\u00f3n compleja con la fama derivada de sus padres. Tambi\u00e9n ha habido momentos de tensi\u00f3n, por ejemplo con Ana Obreg\u00f3n y la cobertura medi\u00e1tica de la muerte de su hermano<strong> \u00c1lex Lequio<\/strong>. Clemente expres\u00f3 su dolor por no ser invitado al funeral de su hermano, y la controversia que rodeaba esa situaci\u00f3n.<\/p>\n<p><img loading=\"lazy\" decoding=\"async\" width=\"467\" height=\"700\" src=\"https:\/\/www.europesays.com\/es\/wp-content\/uploads\/2025\/10\/antonia-hijo.jpg\" alt=\"\" class=\"wp-image-3769700\"  \/>Antonia junto a su hijo Clemente. | Gtres<\/p>\n<p>Aunque tiene un origen aristocr\u00e1tico y medi\u00e1tico, Clemente ha optado por una vida m\u00e1s <strong>discreta<\/strong>. Vivi\u00f3 en ciudades como Barcelona durante la infancia, y posteriormente en Mil\u00e1n y Berl\u00edn; hizo estudios universitarios, incluyendo un doctorado en Ciencias Pol\u00edticas. En el terreno profesional, ha trabajado como DJ durante un tiempo, lanz\u00f3 m\u00fasica bajo un alias, compuso piezas musicales y estudi\u00f3 instrumentos como el piano y el viol\u00edn.\u00a0Desde 2016 Clemente vive en\u00a0<strong>Miami<\/strong>, Estados Unidos, donde ha optado por un perfil m\u00e1s bajo en cuanto a los medios. Est\u00e1 casado con <strong>Corbie Gregory<\/strong>, quien trabaja como gerente en un hotel de lujo \u2013el Nobu Miami Beach\u2013.<\/p>\n<p>                                                    <script async src=\"\/\/www.instagram.com\/embed.js\"><\/script><\/p>\n","protected":false},"excerpt":{"rendered":"Antonia dell\u2019Atte siempre ha sido una mujer con car\u00e1cter, a quien no le ha importado ir con la&hellip;\n","protected":false},"author":2,"featured_media":173739,"comment_status":"","ping_status":"","sticky":false,"template":"","format":"standard","meta":{"footnotes":""},"categories":[174],"tags":[41004,255,146,147,25,24,256,4412,23],"class_list":{"0":"post-173738","1":"post","2":"type-post","3":"status-publish","4":"format-standard","5":"has-post-thumbnail","7":"category-famosos","8":"tag-aless-lequio","9":"tag-celebrities","10":"tag-entertainment","11":"tag-entretenimiento","12":"tag-es","13":"tag-espana","14":"tag-famosos","15":"tag-relaciones-de-pareja","16":"tag-spain"},"share_on_mastodon":{"url":"","error":""},"_links":{"self":[{"href":"https:\/\/www.europesays.com\/es\/wp-json\/wp\/v2\/posts\/173738","targetHints":{"allow":["GET"]}}],"collection":[{"href":"https:\/\/www.europesays.com\/es\/wp-json\/wp\/v2\/posts"}],"about":[{"href":"https:\/\/www.europesays.com\/es\/wp-json\/wp\/v2\/types\/post"}],"author":[{"embeddable":true,"href":"https:\/\/www.europesays.com\/es\/wp-json\/wp\/v2\/users\/2"}],"replies":[{"embeddable":true,"href":"https:\/\/www.europesays.com\/es\/wp-json\/wp\/v2\/comments?post=173738"}],"version-history":[{"count":0,"href":"https:\/\/www.europesays.com\/es\/wp-json\/wp\/v2\/posts\/173738\/revisions"}],"wp:featuredmedia":[{"embeddable":true,"href":"https:\/\/www.europesays.com\/es\/wp-json\/wp\/v2\/media\/173739"}],"wp:attachment":[{"href":"https:\/\/www.europesays.com\/es\/wp-json\/wp\/v2\/media?parent=173738"}],"wp:term":[{"taxonomy":"category","embeddable":true,"href":"https:\/\/www.europesays.com\/es\/wp-json\/wp\/v2\/categories?post=173738"},{"taxonomy":"post_tag","embeddable":true,"href":"https:\/\/www.europesays.com\/es\/wp-json\/wp\/v2\/tags?post=173738"}],"curies":[{"name":"wp","href":"https:\/\/api.w.org\/{rel}","templated":true}]}}