{"id":173742,"date":"2025-10-13T10:56:15","date_gmt":"2025-10-13T10:56:15","guid":{"rendered":"https:\/\/www.europesays.com\/es\/173742\/"},"modified":"2025-10-13T10:56:15","modified_gmt":"2025-10-13T10:56:15","slug":"la-sala-tragaluz-acoge-manana-martes-14-de-octubre-la-presentacion-del-libro-que-es-mi-dios-la-libertad-de-jesus-orea","status":"publish","type":"post","link":"https:\/\/www.europesays.com\/es\/173742\/","title":{"rendered":"La Sala Tragaluz acoge ma\u00f1ana martes 14 de octubre la presentaci\u00f3n del libro &#8216;Que es mi dios la libertad&#8217;, de Jes\u00fas Orea"},"content":{"rendered":"<p><strong>La presentaci\u00f3n del acto correr\u00e1 a cargo del periodista Antonio H\u00e9rraiz, con la intervenci\u00f3n del propio autor y representaci\u00f3n de varios fragmentos de la obra<\/strong><\/p>\n<p>Este a\u00f1o la Asociaci\u00f3n Gentes de Guadalajara est\u00e1 de celebraci\u00f3n por el XXXV aniversario del Tenorio Mendocino.<\/p>\n<p>Dentro de la programaci\u00f3n de actos, ma\u00f1ana martes 14 de octubre a las 19:00 h la Sala Tragaluz del Teatro Auditorio Buero Vallejo acoger\u00e1 la presentaci\u00f3n del libro \u2018Que es mi Dios mi libertad\u2019, escrito por Jes\u00fas Orea.<\/p>\n<p>La presentaci\u00f3n del acto correr\u00e1 a cargo del periodista Antonio Herr\u00e1iz, con la intervenci\u00f3n del propio autor y representaci\u00f3n de varios fragmentos de la obra.<\/p>\n<p>\u00a0<\/p>\n<p><strong>\u201cQue es mi Dios la libertad\u201d<\/strong> es una ficci\u00f3n teatral inspirada en personajes y hechos hist\u00f3ricos vinculados a la ciudad de Guadalajara que tuvieron lugar en la primera mitad del siglo XIX, especialmente entre 1823 \u2014a\u00f1o en que dos destacados liberales arriacenses, Jos\u00e9 Marlaska y Juli\u00e1n Antonio Moreno, fueron vilmente asesinados por los absolutistas fernandinos\u2014, 1824-1825 \u2014cuando un entonces muy joven Jos\u00e9 de Espronceda permanece confinado unos meses en el Monasterio de San Francisco, en Guadalajara, penando por sus ideas liberales\u2014 y 1842 \u2014a\u00f1o en que se repara p\u00fablicamente la memoria de Marlaska y Moreno con un gran homenaje p\u00fablico\u2014. El aire fresco del liberalismo naciente en esa \u00e9poca es un germen ideal para que surja, y cuaje, el Romanticismo como estilo y forma de expresi\u00f3n art\u00edstica y literaria que se aleja del racionalismo que conllev\u00f3 la Ilustraci\u00f3n para buscar la aut\u00e9ntica libertad individual a trav\u00e9s de la expansi\u00f3n de los sentimientos.<\/p>\n<p>\u00a0<\/p>\n","protected":false},"excerpt":{"rendered":"La presentaci\u00f3n del acto correr\u00e1 a cargo del periodista Antonio H\u00e9rraiz, con la intervenci\u00f3n del propio autor y&hellip;\n","protected":false},"author":2,"featured_media":173743,"comment_status":"","ping_status":"","sticky":false,"template":"","format":"standard","meta":{"footnotes":""},"categories":[172],"tags":[224,146,147,25,24,35319,50057,225,23],"class_list":{"0":"post-173742","1":"post","2":"type-post","3":"status-publish","4":"format-standard","5":"has-post-thumbnail","7":"category-libros","8":"tag-books","9":"tag-entertainment","10":"tag-entretenimiento","11":"tag-es","12":"tag-espana","13":"tag-jesus-orea","14":"tag-libro-jesus-orea","15":"tag-libros","16":"tag-spain"},"share_on_mastodon":{"url":"","error":""},"_links":{"self":[{"href":"https:\/\/www.europesays.com\/es\/wp-json\/wp\/v2\/posts\/173742","targetHints":{"allow":["GET"]}}],"collection":[{"href":"https:\/\/www.europesays.com\/es\/wp-json\/wp\/v2\/posts"}],"about":[{"href":"https:\/\/www.europesays.com\/es\/wp-json\/wp\/v2\/types\/post"}],"author":[{"embeddable":true,"href":"https:\/\/www.europesays.com\/es\/wp-json\/wp\/v2\/users\/2"}],"replies":[{"embeddable":true,"href":"https:\/\/www.europesays.com\/es\/wp-json\/wp\/v2\/comments?post=173742"}],"version-history":[{"count":0,"href":"https:\/\/www.europesays.com\/es\/wp-json\/wp\/v2\/posts\/173742\/revisions"}],"wp:featuredmedia":[{"embeddable":true,"href":"https:\/\/www.europesays.com\/es\/wp-json\/wp\/v2\/media\/173743"}],"wp:attachment":[{"href":"https:\/\/www.europesays.com\/es\/wp-json\/wp\/v2\/media?parent=173742"}],"wp:term":[{"taxonomy":"category","embeddable":true,"href":"https:\/\/www.europesays.com\/es\/wp-json\/wp\/v2\/categories?post=173742"},{"taxonomy":"post_tag","embeddable":true,"href":"https:\/\/www.europesays.com\/es\/wp-json\/wp\/v2\/tags?post=173742"}],"curies":[{"name":"wp","href":"https:\/\/api.w.org\/{rel}","templated":true}]}}