{"id":173776,"date":"2025-10-13T11:16:11","date_gmt":"2025-10-13T11:16:11","guid":{"rendered":"https:\/\/www.europesays.com\/es\/173776\/"},"modified":"2025-10-13T11:16:11","modified_gmt":"2025-10-13T11:16:11","slug":"antonio-hidalgo-se-deshace-en-elogios-con-pellicer-es-el-mejor-entrenador-que-puede-tener-el-malaga-cf","status":"publish","type":"post","link":"https:\/\/www.europesays.com\/es\/173776\/","title":{"rendered":"Antonio Hidalgo se deshace en elogios con Pellicer: \u00abEs el mejor entrenador que puede tener el M\u00e1laga CF\u00bb"},"content":{"rendered":"<p><a href=\"https:\/\/www.merchanendirecto.es\/wp-content\/uploads\/2025\/10\/antonio-hidalgo-malaga-deportivo-coruna-banquillo-rosaleda.webp\" data-caption=\"Foto: Carlos Guerrero\" rel=\"nofollow noopener\" target=\"_blank\"><img loading=\"lazy\" decoding=\"async\" width=\"696\" height=\"464\" class=\"entry-thumb td-modal-image\" src=\"https:\/\/www.europesays.com\/es\/wp-content\/uploads\/2025\/10\/antonio-hidalgo-malaga-deportivo-coruna-banquillo-rosaleda-696x464.webp.webp\"   alt=\"\" title=\"antonio-hidalgo-malaga-deportivo-coru\u00f1a-banquillo-rosaleda\"\/><\/a>Foto: Carlos Guerrero<\/p>\n<p>Gran noche para el malaguismo la que se ha vivido en La Rosaleda. El equipo de Martiricos ha logrado una gran goleada ante el <strong>Deportivo de la Coru\u00f1a<\/strong> para quitarle el invicto al equipo de <strong>Antonio Hidalgo<\/strong>. El conjunto de Riazor se vio superado en todas las facetas del juego. Pese a la derrota gallega, <strong>La Rosaleda<\/strong> volvi\u00f3 a ovacionar al jugador que les dio el \u00faltimo ascenso a Primera Divisi\u00f3n. En rueda de prensa, el t\u00e9cnico gallego compareci\u00f3 ante los medios para explicar las causas de la derrota y <strong>hablar del M\u00e1laga CF y de su entrenador<\/strong>. Antonio Hidalgo se deshace en elogios con Pellicer: \u00abEs el mejor entrenador que puede tener el M\u00e1laga CF\u00bb.<\/p>\n<p><strong>Agradecimientos al malaguismo<\/strong>. \u00abFelicitar al M\u00e1laga y a su gente. Darle las gracias por el recibimiento que siempre me dan. Desearles lo mejor. He jugado tres a\u00f1os aqu\u00ed y s\u00e9 c\u00f3mo empuja La Rosaleda. Es una alegr\u00eda inmensa y llena. Es un equipo con una alegr\u00eda inmensa\u00bb.<\/p>\n<p><strong>\u00bfSigues con ganas de entrenar al M\u00e1laga CF alg\u00fan d\u00eda?<\/strong> \u00abSab\u00e9is lo que siento por el club y lo que vivimos. Mi hijo cumpli\u00f3 18 a\u00f1os el otro d\u00eda y eso significa que hace 18 a\u00f1os est\u00e1bamos aqu\u00ed compitiendo. El tiempo ser\u00e1 el que diga. El M\u00e1laga tiene el mejor entrenador que puede tener. Ha hecho y hace el mejor trabajo y estoy muy contento de que siga en esa situaci\u00f3n\u00ab.<\/p>\n<p>Art\u00edculo anterior<a href=\"https:\/\/www.merchanendirecto.es\/malaga-cf\/cronica-un-excelso-malaga-cf-brinda-una-vida-extra-a-pellicer-goleando-al-deportivo\/\" rel=\"nofollow noopener\" target=\"_blank\">CR\u00d3NICA | Un excelso M\u00e1laga CF brinda una vida extra a Pellicer goleando al Deportivo<\/a>Art\u00edculo siguiente<a href=\"https:\/\/www.merchanendirecto.es\/malaga-cf\/joaquin-esta-victoria-refuerza-al-grupo-hicimos-un-partido-especial\/\" rel=\"nofollow noopener\" target=\"_blank\">Joaqu\u00edn: \u00abEsta victoria refuerza al grupo, hicimos un partido especial\u00bb<\/a>            <a href=\"https:\/\/www.merchanendirecto.es\/author\/hugo-rojas\/\" aria-label=\"author-photo\" rel=\"nofollow noopener\" target=\"_blank\"><img loading=\"lazy\" width=\"96\" height=\"96\" src=\"https:\/\/www.europesays.com\/es\/wp-content\/uploads\/2025\/10\/FOTO-CV-96x96.jpg\" class=\"avatar avatar-96 photo\" alt=\"Hugo Rojas\" decoding=\"async\"  \/><\/a><\/p>\n<p>Estudiante de Periodismo y redactor en Radio MARCA M\u00e1laga.<\/p>\n","protected":false},"excerpt":{"rendered":"Foto: Carlos Guerrero Gran noche para el malaguismo la que se ha vivido en La Rosaleda. El equipo&hellip;\n","protected":false},"author":2,"featured_media":173777,"comment_status":"","ping_status":"","sticky":false,"template":"","format":"standard","meta":{"footnotes":""},"categories":[268],"tags":[1979,168,7793,25,24,280,282,1963,6273,281,23,167],"class_list":{"0":"post-173776","1":"post","2":"type-post","3":"status-publish","4":"format-standard","5":"has-post-thumbnail","7":"category-futbol","8":"tag-antonio-hidalgo","9":"tag-deportes","10":"tag-deportivo-de-la-coruna","11":"tag-es","12":"tag-espana","13":"tag-football","14":"tag-futbol","15":"tag-malaga-cf","16":"tag-rueda-de-prensa","17":"tag-soccer","18":"tag-spain","19":"tag-sports"},"share_on_mastodon":{"url":"","error":""},"_links":{"self":[{"href":"https:\/\/www.europesays.com\/es\/wp-json\/wp\/v2\/posts\/173776","targetHints":{"allow":["GET"]}}],"collection":[{"href":"https:\/\/www.europesays.com\/es\/wp-json\/wp\/v2\/posts"}],"about":[{"href":"https:\/\/www.europesays.com\/es\/wp-json\/wp\/v2\/types\/post"}],"author":[{"embeddable":true,"href":"https:\/\/www.europesays.com\/es\/wp-json\/wp\/v2\/users\/2"}],"replies":[{"embeddable":true,"href":"https:\/\/www.europesays.com\/es\/wp-json\/wp\/v2\/comments?post=173776"}],"version-history":[{"count":0,"href":"https:\/\/www.europesays.com\/es\/wp-json\/wp\/v2\/posts\/173776\/revisions"}],"wp:featuredmedia":[{"embeddable":true,"href":"https:\/\/www.europesays.com\/es\/wp-json\/wp\/v2\/media\/173777"}],"wp:attachment":[{"href":"https:\/\/www.europesays.com\/es\/wp-json\/wp\/v2\/media?parent=173776"}],"wp:term":[{"taxonomy":"category","embeddable":true,"href":"https:\/\/www.europesays.com\/es\/wp-json\/wp\/v2\/categories?post=173776"},{"taxonomy":"post_tag","embeddable":true,"href":"https:\/\/www.europesays.com\/es\/wp-json\/wp\/v2\/tags?post=173776"}],"curies":[{"name":"wp","href":"https:\/\/api.w.org\/{rel}","templated":true}]}}