{"id":173778,"date":"2025-10-13T11:17:09","date_gmt":"2025-10-13T11:17:09","guid":{"rendered":"https:\/\/www.europesays.com\/es\/173778\/"},"modified":"2025-10-13T11:17:09","modified_gmt":"2025-10-13T11:17:09","slug":"hace-lo-que-le-venga-bien-a-ella-y-a-su-familia","status":"publish","type":"post","link":"https:\/\/www.europesays.com\/es\/173778\/","title":{"rendered":"Hace lo que le venga bien a ella y a su familia"},"content":{"rendered":"<p data-journey-content=\"true\" data-node-id=\"3\" class=\"css-6wxqfj emevuu60\"><strong data-node-id=\"3.0\">Anita Williams se pronuncia sobre una de las \u00faltimas pol\u00e9micas que salpican a <a href=\"https:\/\/www.diezminutos.es\/terelu-campos\/\" target=\"_blank\" data-vars-ga-outbound-link=\"https:\/\/www.diezminutos.es\/terelu-campos\/\" data-vars-ga-ux-element=\"Hyperlink\" data-vars-ga-call-to-action=\"Terelu Campos\" data-node-id=\"3.0.1\" class=\"body-link css-177bzfx emevuu60\" rel=\"nofollow noopener\">Terelu Campos<\/a>.<\/strong> La colaboradora y la presentadora coincidieron en las playas de Honduras durante &#8216;Supervivientes 2025&#8217; y, desde entonces, mantienen una relaci\u00f3n cordial como demuestra que la catalana fuera una de las invitadas a la <a href=\"https:\/\/www.diezminutos.es\/famosos-corazon\/famosos-espanoles\/a66512315\/mar-flores-ausente-fiesta-cumpleanos-terelu-campos\/\" target=\"_blank\" data-vars-ga-outbound-link=\"https:\/\/www.diezminutos.es\/famosos-corazon\/famosos-espanoles\/a66512315\/mar-flores-ausente-fiesta-cumpleanos-terelu-campos\/\" data-vars-ga-ux-element=\"Hyperlink\" data-vars-ga-call-to-action=\"fiesta por el 60 cumplea\u00f1os de la presentadora\" data-node-id=\"3.2\" class=\"body-link css-177bzfx emevuu60\" rel=\"nofollow noopener\">fiesta por el 60 cumplea\u00f1os de la presentadora<\/a> que no estuvo exenta de pol\u00e9mica por la presencia de Carlo Costanzia padre tras la publicaci\u00f3n de las memorias de Mar Flores.<strong data-node-id=\"3.4\"> \u00abHace lo que le venga bien a ella y a su familia\u00bb<\/strong>, dijo Anita para defender a la presentadora de la controversia. <\/p>\n<p data-journey-content=\"true\" data-node-id=\"6\" class=\"css-6wxqfj emevuu60\">El pasado fin de semana,<strong data-node-id=\"6.1\"> Anita Williams acudi\u00f3 al concierto de despedida de Andy y Lucas.<\/strong> \u00abMe da pena porque las canciones que cantan yo las escuchaba de peque\u00f1a cuando ten\u00eda 12, 13 a\u00f1os y la verdad que para m\u00ed es un placer poder estar aqu\u00ed y escucharlos\u00bb dijo <strong data-node-id=\"6.3\">y explic\u00f3 en qu\u00e9 punto est\u00e1 <a href=\"https:\/\/www.diezminutos.es\/teleprograma\/programas-tv\/a65462594\/anita-williams-verdadera-intencion-montoya-realities-fama\/\" target=\"_blank\" data-vars-ga-outbound-link=\"https:\/\/www.diezminutos.es\/teleprograma\/programas-tv\/a65462594\/anita-williams-verdadera-intencion-montoya-realities-fama\/\" data-vars-ga-ux-element=\"Hyperlink\" data-vars-ga-call-to-action=\"su relaci\u00f3n con Montoya\" data-node-id=\"6.3.1\" class=\"body-link css-177bzfx emevuu60\" rel=\"nofollow noopener\">su relaci\u00f3n con Montoya<\/a><\/strong> que hace unos d\u00edas debut\u00f3 como reportero en la boda de Cayetano Mart\u00ednez de Irujo. \u00abA m\u00ed como reportero, a m\u00ed me parece la ca\u00f1a. Creo que hizo re\u00edr a la gente y creo que lo ha abordado\u00bb <strong data-node-id=\"6.5\">y aclar\u00f3 en qu\u00e9 punto est\u00e1 su relaci\u00f3n actual.<\/strong> \u00abEstable, dejando fluir las cosas, como amigos y ya est\u00e1. Estamos hablando y ya est\u00e1\u00bb y sobre una posible reconciliaci\u00f3n sentimental no cerr\u00f3 la puerta. \u00abEso lo dir\u00e1 el destino\u00bb, asegur\u00f3. <\/p>\n<p><img draggable=\"true\" alt=\"anita williams habla con los microfonos de europa press en el concierto de andy y lucas\" title=\"Anita Williams en el concierto de Andy y Lucas\" loading=\"lazy\" width=\"3000\" height=\"2740\" decoding=\"async\" data-nimg=\"1\" style=\"color:transparent;width:100%;height:auto;\"   src=\"https:\/\/www.europesays.com\/es\/wp-content\/uploads\/2025\/10\/anita-williams-andy-y-lucas-68ecabde673e9.jpg\" class=\"css-0 e1g79fud0\"\/><\/p>\n<p>Europa Press<\/p>\n<p>Anita Williams defiende a Terelu Campos tras su \u00faltima pol\u00e9mica: \u00abHace lo que le venga bien a ella y a su familia\u00bb<\/p>\n<p data-journey-content=\"true\" data-node-id=\"10\" class=\"css-6wxqfj emevuu60\"><strong data-node-id=\"10.0\">Anita Williams,<\/strong> que explic\u00f3 que ella cuida su salud mental \u00abyendo mucho al psic\u00f3logo y al no satur\u00e1ndome la cabeza\u00bb,<strong data-node-id=\"10.2\"> tambi\u00e9n habl\u00f3 de Terelu Campos<\/strong> con la que coincidi\u00f3 en &#8216;Supervivientes&#8217; y en la fiesta por su 60 cumplea\u00f1os. <a href=\"https:\/\/www.diezminutos.es\/famosos-corazon\/famosos-espanoles\/a66126936\/patricia-pardo-enfado-anita-williams-reencuentro-montoya\/\" target=\"_blank\" data-vars-ga-outbound-link=\"https:\/\/www.diezminutos.es\/famosos-corazon\/famosos-espanoles\/a66126936\/patricia-pardo-enfado-anita-williams-reencuentro-montoya\/\" data-vars-ga-ux-element=\"Hyperlink\" data-vars-ga-call-to-action=\"La colaboradora de &#039;Vamos a ver&#039;\" data-node-id=\"10.4\" class=\"body-link css-177bzfx emevuu60\" rel=\"nofollow noopener\">La colaboradora de &#8216;Vamos a ver&#8217;<\/a> defendi\u00f3 a la presentadora tras la pol\u00e9mica por la presencia de su consuegro, Carlo Costanzia padre y las <a href=\"https:\/\/www.diezminutos.es\/famosos-corazon\/famosos-espanoles\/a68069675\/mar-flores-critica-foto-terelu-campos-carlo-costanzia-padre-cumpleanos\/\" target=\"_blank\" data-vars-ga-outbound-link=\"https:\/\/www.diezminutos.es\/famosos-corazon\/famosos-espanoles\/a68069675\/mar-flores-critica-foto-terelu-campos-carlo-costanzia-padre-cumpleanos\/\" data-vars-ga-ux-element=\"Hyperlink\" data-vars-ga-call-to-action=\"cr\u00edticas de Mar Flores\" data-node-id=\"10.6\" class=\"body-link css-177bzfx emevuu60\" rel=\"nofollow noopener\">cr\u00edticas de Mar Flores<\/a>. <strong data-node-id=\"10.8\">\u00abYo es que amo a Terelu, entonces todo lo que venga de ella me sirve para bien\u00bb <\/strong>y asegur\u00f3 que hab\u00eda sido una excelente anfitriona. \u00abS\u00ed, mucho. Nos cuida much\u00edsimo\u00bb, aclar\u00f3 y defendi\u00f3 su actitud. <strong data-node-id=\"10.10\">\u00abAl final ella hace lo que le venga bien a ella y a su familia.<\/strong> O sea, no veo nada de malo\u00bb, asegur\u00f3.  <\/p>\n<p><img draggable=\"true\" alt=\"anita williams con un vestido rojo de tirantes posa con terelu campos en la fiesta de su 60 cumpleanos\" title=\"Anita Williams posa con Terelu Campos en su fiesta de cumpleanos\" loading=\"lazy\" width=\"3000\" height=\"5543\" decoding=\"async\" data-nimg=\"1\" style=\"color:transparent;width:100%;height:auto;\"   src=\"https:\/\/www.europesays.com\/es\/wp-content\/uploads\/2025\/10\/anita-williams-terelu-campos-cumple-68ecaeceba4f2.jpg\" class=\"css-0 e1g79fud0\"\/><\/p>\n<p>Gtres\u200b<\/p>\n<p><img src=\"https:\/\/www.europesays.com\/es\/wp-content\/uploads\/2025\/10\/1760354229_693_956e4c3c-2efd-4963-a949-05017c07afa9_1734435946.jpg\" alt=\"Headshot of Silvia Criado\" title=\"Headshot of Silvia Criado\" width=\"100%\" height=\"100%\" decoding=\"async\" loading=\"lazy\" class=\"css-o0wq4v ev8dhu53\"\/><\/p>\n<p>Silvia Criado es Jefa de Secci\u00f3n Digital de Diez Minutos experta en coraz\u00f3n y sociedad especializada en famosos y casas reales, de los que lleva escribiendo m\u00e1s de 20 a\u00f1os. En su larga trayectoria profesional, ha cubierto eventos de lo m\u00e1s variado desde el nacimiento de la princesa Leonor, futura reina de Espa\u00f1a, a los premios Goya. No se le escapa un detalle de las alfombras rojas como los Goya o el Oscar y conoce como nadie los secretos de las biograf\u00edas de las celebridades.<br \/>\nAunque est\u00e1 especializada en famosos y realidad, es una periodista todoterreno que tambi\u00e9n ha escrito mucho sobre maternidad, decoraci\u00f3n, moda, belleza, televisi\u00f3n y ocio. En sus art\u00edculos tanto te cuenta cu\u00e1l es el restaurante m\u00e1s de moda de Madrid, copia el look de Nuria Roca en versi\u00f3n &#8216;low cost&#8217;, te da los &#8216;consejos&#8217; necesarios para decorar la habitaci\u00f3n de tu hijo o te cuenta todo lo que ha pasado en &#8216;Supervivientes&#8217;.<br \/>\nSilvia Criado es licenciada en Periodismo por la Universidad Complutense de Madrid y a empez\u00f3 a colaborar en diferentes medios de comunicaci\u00f3n cuando todav\u00eda no hab\u00eda terminado la carrera. Ha trabajado en la cadena Ser, el diario Menorca y las revistas Crecer Feliz, Casa Diez, Micasa o Elle Decoration aunque, la mayor parte de su trayectoria, ha transcurrido en Diez Minutos donde lleg\u00f3 a su edici\u00f3n de papel en el a\u00f1o 2001. Desde 2018, puedes leer sus art\u00edculos en la web.<\/p>\n","protected":false},"excerpt":{"rendered":"Anita Williams se pronuncia sobre una de las \u00faltimas pol\u00e9micas que salpican a Terelu Campos. La colaboradora y&hellip;\n","protected":false},"author":2,"featured_media":173779,"comment_status":"","ping_status":"","sticky":false,"template":"","format":"standard","meta":{"footnotes":""},"categories":[174],"tags":[255,253,146,147,25,24,256,23],"class_list":{"0":"post-173778","1":"post","2":"type-post","3":"status-publish","4":"format-standard","5":"has-post-thumbnail","7":"category-famosos","8":"tag-celebrities","9":"tag-discover","10":"tag-entertainment","11":"tag-entretenimiento","12":"tag-es","13":"tag-espana","14":"tag-famosos","15":"tag-spain"},"share_on_mastodon":{"url":"","error":""},"_links":{"self":[{"href":"https:\/\/www.europesays.com\/es\/wp-json\/wp\/v2\/posts\/173778","targetHints":{"allow":["GET"]}}],"collection":[{"href":"https:\/\/www.europesays.com\/es\/wp-json\/wp\/v2\/posts"}],"about":[{"href":"https:\/\/www.europesays.com\/es\/wp-json\/wp\/v2\/types\/post"}],"author":[{"embeddable":true,"href":"https:\/\/www.europesays.com\/es\/wp-json\/wp\/v2\/users\/2"}],"replies":[{"embeddable":true,"href":"https:\/\/www.europesays.com\/es\/wp-json\/wp\/v2\/comments?post=173778"}],"version-history":[{"count":0,"href":"https:\/\/www.europesays.com\/es\/wp-json\/wp\/v2\/posts\/173778\/revisions"}],"wp:featuredmedia":[{"embeddable":true,"href":"https:\/\/www.europesays.com\/es\/wp-json\/wp\/v2\/media\/173779"}],"wp:attachment":[{"href":"https:\/\/www.europesays.com\/es\/wp-json\/wp\/v2\/media?parent=173778"}],"wp:term":[{"taxonomy":"category","embeddable":true,"href":"https:\/\/www.europesays.com\/es\/wp-json\/wp\/v2\/categories?post=173778"},{"taxonomy":"post_tag","embeddable":true,"href":"https:\/\/www.europesays.com\/es\/wp-json\/wp\/v2\/tags?post=173778"}],"curies":[{"name":"wp","href":"https:\/\/api.w.org\/{rel}","templated":true}]}}