{"id":173782,"date":"2025-10-13T11:19:20","date_gmt":"2025-10-13T11:19:20","guid":{"rendered":"https:\/\/www.europesays.com\/es\/173782\/"},"modified":"2025-10-13T11:19:20","modified_gmt":"2025-10-13T11:19:20","slug":"libro-del-artista-revista-360y5","status":"publish","type":"post","link":"https:\/\/www.europesays.com\/es\/173782\/","title":{"rendered":"Libro del artista \u2013 Revista 360y5"},"content":{"rendered":"<p><strong>Sala Van Drell.<\/strong><\/p>\n<p>El Libro de Artista se conoce como una obra de arte en s\u00ed misma. Aunque se inspira en la estructura tradicional del libro, rompe con sus convenciones. Puede adoptar cualquier tama\u00f1o, forma o estilo, y utilizar una amplia variedad de materiales m\u00e1s all\u00e1 del papel, como madera, cart\u00f3n, metal, tela, objetos encontrados, materiales reciclados, etc. Fruto de la combinaci\u00f3n entre distintos lenguajes, todo es posible. De este modo, el Libro de Artista corre por los senderos del color, la materia, el espacio, creando mundos nuevos, imaginarios e irreales. La persona que lo contemple vivir\u00e1 una experiencia maravillosa, y percibir\u00e1 las delicias del asombro. Ideal para amantes de la literatura, el arte y la imaginaci\u00f3n sin l\u00edmites.<\/p>\n<p><img decoding=\"async\" src=\"https:\/\/www.europesays.com\/es\/wp-content\/uploads\/2025\/10\/Expo-Libro-de-Artista-3-768x1024.jpg\" alt=\"\" class=\"wp-image-51165\"\/><\/p>\n<p><img decoding=\"async\" src=\"https:\/\/www.europesays.com\/es\/wp-content\/uploads\/2025\/10\/Expo-Libro-de-Artista-4-768x1024.jpg\" alt=\"\" class=\"wp-image-51166\"\/><\/p>\n","protected":false},"excerpt":{"rendered":"Sala Van Drell. El Libro de Artista se conoce como una obra de arte en s\u00ed misma. Aunque&hellip;\n","protected":false},"author":2,"featured_media":173783,"comment_status":"","ping_status":"","sticky":false,"template":"","format":"standard","meta":{"footnotes":""},"categories":[172],"tags":[224,146,147,25,24,225,23],"class_list":{"0":"post-173782","1":"post","2":"type-post","3":"status-publish","4":"format-standard","5":"has-post-thumbnail","7":"category-libros","8":"tag-books","9":"tag-entertainment","10":"tag-entretenimiento","11":"tag-es","12":"tag-espana","13":"tag-libros","14":"tag-spain"},"share_on_mastodon":{"url":"","error":""},"_links":{"self":[{"href":"https:\/\/www.europesays.com\/es\/wp-json\/wp\/v2\/posts\/173782","targetHints":{"allow":["GET"]}}],"collection":[{"href":"https:\/\/www.europesays.com\/es\/wp-json\/wp\/v2\/posts"}],"about":[{"href":"https:\/\/www.europesays.com\/es\/wp-json\/wp\/v2\/types\/post"}],"author":[{"embeddable":true,"href":"https:\/\/www.europesays.com\/es\/wp-json\/wp\/v2\/users\/2"}],"replies":[{"embeddable":true,"href":"https:\/\/www.europesays.com\/es\/wp-json\/wp\/v2\/comments?post=173782"}],"version-history":[{"count":0,"href":"https:\/\/www.europesays.com\/es\/wp-json\/wp\/v2\/posts\/173782\/revisions"}],"wp:featuredmedia":[{"embeddable":true,"href":"https:\/\/www.europesays.com\/es\/wp-json\/wp\/v2\/media\/173783"}],"wp:attachment":[{"href":"https:\/\/www.europesays.com\/es\/wp-json\/wp\/v2\/media?parent=173782"}],"wp:term":[{"taxonomy":"category","embeddable":true,"href":"https:\/\/www.europesays.com\/es\/wp-json\/wp\/v2\/categories?post=173782"},{"taxonomy":"post_tag","embeddable":true,"href":"https:\/\/www.europesays.com\/es\/wp-json\/wp\/v2\/tags?post=173782"}],"curies":[{"name":"wp","href":"https:\/\/api.w.org\/{rel}","templated":true}]}}