{"id":173795,"date":"2025-10-13T11:28:08","date_gmt":"2025-10-13T11:28:08","guid":{"rendered":"https:\/\/www.europesays.com\/es\/173795\/"},"modified":"2025-10-13T11:28:08","modified_gmt":"2025-10-13T11:28:08","slug":"premio-nobel-de-economia-de-2025-para-joel-mokyr-philippe-aghion-y-peter-howitt","status":"publish","type":"post","link":"https:\/\/www.europesays.com\/es\/173795\/","title":{"rendered":"Premio Nobel de Econom\u00eda de 2025 para Joel Mokyr, Philippe Aghion y Peter Howitt"},"content":{"rendered":"<p style=\"\"> Joel Mokyr (1946, Holanda),  Philippe Aghion (1956, Francia) y Peter Howitt (1946, Canad\u00e1) se han hecho con el <a href=\"https:\/\/www.abc.es\/espana\/premio-nobel-paz-maria-corina-machado-vuelve-20251011194702-nt.html\" target=\"_self\" data-voc-vtm-id=\"in-text-traffic\" title=\"Premio Nobel\" data-mrf-link=\"www.abc.es\" rel=\"nofollow noopener\">Premio Nobel<\/a> de Econom\u00eda de 2025 \u00abpor haber explicado el crecimiento econ\u00f3mico impulsado por la innovaci\u00f3n\u00bb, seg\u00fan ha detallado el Banco de Suecia esta ma\u00f1ana  &#8230; al anunciar a los galardonados (el premio de Econom\u00eda es el \u00fanico que no otorga directamente la Academia sueca). Concretamente, se les reconoce el trabajo de una vida para analizar cu\u00e1l ha sido <strong>el papel de la innovaci\u00f3n en el crecimiento sostenido que ha vivido la econom\u00eda mundial desde la Revoluci\u00f3n Industrial<\/strong>, un hecho que distingue los \u00faltimos doscientos a\u00f1os respecto a toda la historia precedente y que ha permitido liberar a millones de personas del yugo de la pobreza. As\u00ed las cosas, es un premio de tintes hist\u00f3ricos pero con un enfoque actual, que puede explicar c\u00f3mo mantener ese progreso en el futuro. <\/p>\n<p class=\"voc-p\" style=\"\">No hay que olvidar que durante la mayor parte de la historia de la humanidad el estancamiento fue la norma, y lo fue a pesar de que el ingenio humano alumbr\u00f3 una importante colecci\u00f3n de inventos (el fuego, la rueda, la p\u00f3lvora, la imprenta&#8230;). Tras la Revoluci\u00f3n Industrial tuvo que producirse alg\u00fan cambio, que es el que han estudiado los galardonados. <\/p>\n<p class=\"voc-p\" style=\"\">Joel Mokyr, que recibe la mitad de los <strong>11 millones de coronas<\/strong> (934.000 euros) con que est\u00e1 dotado el laurel, sent\u00f3 las bases del estudio de la innovaci\u00f3n al utilizar las fuentes hist\u00f3ricas como medio para descubrir las causas del crecimiento sostenido, explica el comit\u00e9 elector: \u00abDemostr\u00f3 que, para que las innovaciones se sucedieran en un proceso autogenerado, <strong>no solo necesitamos saber que algo funciona, sino tambi\u00e9n tener explicaciones cient\u00edficas de por qu\u00e9<\/strong>. Estas \u00faltimas a menudo faltaban antes de la Revoluci\u00f3n Industrial, lo que dificultaba el desarrollo de nuevos descubrimientos e invenciones. Tambi\u00e9n enfatiz\u00f3 la importancia de que la sociedad est\u00e9 abierta a nuevas ideas y permita el cambio\u00bb. <\/p>\n<p>11 millones<br \/>\nDinero a repartir<\/p>\n<p class=\"voc-d-c-fignumber__desc\">Mokyr recibir\u00e1 la mitad del montante econ\u00f3mico y Aghion y Howitt se repartir\u00e1n el resto. Al cambio, son 934.000 euros<\/p>\n<p class=\"voc-p\" style=\"\">Por su parte, <strong>Philippe Aghion  y Peter Howitt se van a repartir el resto del premio<\/strong> por estudiar otros mecanismos que subyacen al crecimiento sostenido. Concretamente, en un art\u00edculo de 1992 construyeron un modelo matem\u00e1tico para la llamada &#8216;destrucci\u00f3n creativa&#8217;, mecanismo que explica c\u00f3mo, cuando un invento nuevo entra al mercado, las empresas que venden los productos m\u00e1s antiguos pierden. Es decir, que <strong>la inventiva humana tambi\u00e9n es destructiva y genera &#8216;shocks&#8217; econ\u00f3micos<\/strong> que hay que gestionar. <\/p>\n<p class=\"voc-p\" style=\"\">\u00abEl trabajo de los galardonados demuestra que el crecimiento econ\u00f3mico no puede darse por sentado. Debemos defender los mecanismos que subyacen a la destrucci\u00f3n creativa para no caer en el estancamiento\u00bb, ha afirmado John Hassler, presidente del Comit\u00e9 del premio en ciencias econ\u00f3micas.<\/p>\n<p>\nUn premio para la &#8216;ortodoxia&#8217; econ\u00f3mica\n<\/p>\n<p class=\"voc-p\" style=\"\">Los galardonados se suman a la lista de 96 economistas que han recibido este premio a lo largo de la historia y entre los que no hay, por cierto, <strong>ning\u00fan espa\u00f1ol.<\/strong> La mayor\u00eda de los laureados son estadounidenses y pertenecen a las corrientes &#8216;mainstream&#8217; del estudio de la econom\u00eda; es decir, lo que se ha venido en llamar el neoclacisismo, un t\u00e9rmino m\u00e1s bien impreciso que se usa para definir la ciencia econ\u00f3mica que se ense\u00f1a en la mayor\u00eda de las universidades del mundo hoy en d\u00eda.<\/p>\n<p class=\"voc-p\" style=\"\">La teor\u00eda neocl\u00e1sica, corriente a la que pertenecen los galardonados de 2025, surgi\u00f3 hace m\u00e1s de un siglo como un modo de <strong>aunar el pensamiento cl\u00e1sico de Adam Smith<\/strong> sobre la oferta y la demanda con enfoques novedosos como el an\u00e1lisis marginalista, que plantea que el valor de un bien depende tambi\u00e9n de su utilidad. A partir de ah\u00ed llegar\u00edan nuevas perspectivas, como el keynesianismo, que defiende el recurso a d\u00e9ficits p\u00fablicos para corregir los desajustes de mercado o el neokeynesianismo, una s\u00edntesis que postula que a largo plazo funcionan las reglas b\u00e1sicas de la oferta y demanda, pero que a corto plazo las ideas de Keynes pueden ser \u00fatiles para estimular el crecimiento.<\/p>\n<p class=\"voc-title\">\u00abEl trabajo de los galardonados demuestra que el crecimiento econ\u00f3mico no puede darse por sentado. Debemos defender los mecanismos que subyacen a la destrucci\u00f3n creativa para no caer en el estancamiento\u00bb<\/p>\n<p class=\"voc-article-position__name\"> John Hassler<\/p>\n<p class=\"voc-article-position__employ\">Presidente del Comit\u00e9 del premio<\/p>\n<p class=\"voc-p\" style=\"\">Precisamente, una de las caracter\u00edsticas del Nobel de Econom\u00eda -y que ha generado cr\u00edticas por parte de las corrientes marxistas y dem\u00e1s heterodoxias- es que <strong>habitualmente se otorga a investigadores considerados ortodoxos.<\/strong> El a\u00f1o pasado, por ejemplo, recay\u00f3 en Daron Acemoglu (Estambul, 1967), Simon Johnson (Sheffield, 1963) y James A. Robinson (Reino Unido, 1960), un tr\u00edo que trat\u00f3 de explicar las diferencias en la prosperidad de los pa\u00edses del primer y el tercer mundo a trav\u00e9s de la calidad de sus instituciones, con la premisa de que el enfoque liberal produce prosperidad. En esa ocasi\u00f3n, una de las cosas que premi\u00f3 el comit\u00e9 sueco fue la originalidad de los premiados, pues superaron el an\u00e1lisis cl\u00e1sico de Montesquieu, que explicaba las diferencias entre sistemas por el clima -las naciones ubicadas en climas templados jugar\u00edan con ventaja-, al a\u00f1adir el estudio de la calidad institucional.<\/p>\n<p class=\"voc-p\" style=\"\">Por supuesto, el comit\u00e9 tambi\u00e9n tuvo en cuenta las citas -las veces que un economista menciona a otro en una publicaci\u00f3n- para tomar su decisi\u00f3n final, y tambi\u00e9n las ha tenido en este caso. Por eso, las c\u00e1balas en cuanto al Nobel se acostumbran a realizar en funci\u00f3n de este criterio. Este a\u00f1o, la firma Clarivate no ha logrado enriquecer su sensacional palmar\u00e9s de aciertos, pues los premiados no estaban entre sus favoritos. Sin embargo, la Fundaci\u00f3n BBVA s\u00ed ha logrado afianzar sus premios &#8216;Fronteras&#8217; como la antesala del Nobel, pues Howitt y Aghion ganaron ese premio en 2021. Con esto, <strong>la Fundaci\u00f3n BBVA acumula ya 14 nobeles de Econom\u00eda que antes se hicieron con el Fronteras. <\/strong><\/p>\n<p>\nEl \u00fanico premio en el que no pens\u00f3 Alfred Nobel\n<\/p>\n<p class=\"voc-p\" style=\"\">El Nobel de Econom\u00eda, de otro lado, tiene la caracter\u00edstica de que es el \u00fanico de los galardones que no fue instituido por Alfred Nobel (1833-1896) cuando, poco antes de morir y tras leer un obituario de un diario franc\u00e9s -publicado por error- que lo llamaba &#8216;El mercader de la muerte&#8217;, <strong>decidi\u00f3 desquitarse y dejar para la historia algo m\u00e1s ben\u00e9fico que el invento de la dinamita<\/strong>. El caso es que Nobel no pens\u00f3 en un premio de Econom\u00eda, extremo que fue corregido en 1968 por el Banco de Suecia al crear un galard\u00f3n que aunque t\u00e9cnicamente no est\u00e1 entre los de la Academia, tiene todo el prestigio y renombre asociados.<\/p>\n","protected":false},"excerpt":{"rendered":"Joel Mokyr (1946, Holanda), Philippe Aghion (1956, Francia) y Peter Howitt (1946, Canad\u00e1) se han hecho con el&hellip;\n","protected":false},"author":2,"featured_media":173796,"comment_status":"","ping_status":"","sticky":false,"template":"","format":"standard","meta":{"footnotes":""},"categories":[42],"tags":[50080,17,18,95,13,14,11,50081,61,62,63,64,4457,19,20,50078,9,35262,10,15,16,26693,50079,843,12,21,22,65,66,67],"class_list":{"0":"post-173795","1":"post","2":"type-post","3":"status-publish","4":"format-standard","5":"has-post-thumbnail","7":"category-internacional","8":"tag-aghion","9":"tag-breaking-news","10":"tag-breakingnews","11":"tag-economia","12":"tag-featured-news","13":"tag-featurednews","14":"tag-headlines","15":"tag-howitt","16":"tag-internacional","17":"tag-international","18":"tag-international-news","19":"tag-internationalnews","20":"tag-joel","21":"tag-latest-news","22":"tag-latestnews","23":"tag-mokyr","24":"tag-news","25":"tag-nobel","26":"tag-noticias","27":"tag-noticias-destacadas","28":"tag-noticiasdestacadas","29":"tag-peter","30":"tag-philippe","31":"tag-premio","32":"tag-titulares","33":"tag-ultimas-noticias","34":"tag-ultimasnoticias","35":"tag-world","36":"tag-world-news","37":"tag-worldnews"},"share_on_mastodon":{"url":"","error":""},"_links":{"self":[{"href":"https:\/\/www.europesays.com\/es\/wp-json\/wp\/v2\/posts\/173795","targetHints":{"allow":["GET"]}}],"collection":[{"href":"https:\/\/www.europesays.com\/es\/wp-json\/wp\/v2\/posts"}],"about":[{"href":"https:\/\/www.europesays.com\/es\/wp-json\/wp\/v2\/types\/post"}],"author":[{"embeddable":true,"href":"https:\/\/www.europesays.com\/es\/wp-json\/wp\/v2\/users\/2"}],"replies":[{"embeddable":true,"href":"https:\/\/www.europesays.com\/es\/wp-json\/wp\/v2\/comments?post=173795"}],"version-history":[{"count":0,"href":"https:\/\/www.europesays.com\/es\/wp-json\/wp\/v2\/posts\/173795\/revisions"}],"wp:featuredmedia":[{"embeddable":true,"href":"https:\/\/www.europesays.com\/es\/wp-json\/wp\/v2\/media\/173796"}],"wp:attachment":[{"href":"https:\/\/www.europesays.com\/es\/wp-json\/wp\/v2\/media?parent=173795"}],"wp:term":[{"taxonomy":"category","embeddable":true,"href":"https:\/\/www.europesays.com\/es\/wp-json\/wp\/v2\/categories?post=173795"},{"taxonomy":"post_tag","embeddable":true,"href":"https:\/\/www.europesays.com\/es\/wp-json\/wp\/v2\/tags?post=173795"}],"curies":[{"name":"wp","href":"https:\/\/api.w.org\/{rel}","templated":true}]}}