{"id":17380,"date":"2025-07-31T23:58:09","date_gmt":"2025-07-31T23:58:09","guid":{"rendered":"https:\/\/www.europesays.com\/es\/17380\/"},"modified":"2025-07-31T23:58:09","modified_gmt":"2025-07-31T23:58:09","slug":"marco-perez-y-david-de-miranda-triunfan-en-huelva-y-este-pide-paso-de-nuevo-hacia-las-grandes-ferias","status":"publish","type":"post","link":"https:\/\/www.europesays.com\/es\/17380\/","title":{"rendered":"Marco P\u00e9rez y David de Miranda triunfan en Huelva y este pide paso de nuevo hacia las grandes ferias"},"content":{"rendered":"<p class=\"paragraph\" id=\"paragraph_1\"><a href=\"https:\/\/www.elespanol.com\/sevilla\/20250510\/impavido-david-miranda-cuenta-verdad-abre-primera-puerta-principe-feria\/1003743751975_0.html?utm_cmp_rs=linksinline\" title=\"Un imp\u00e1vido David de Miranda cuenta su verdad con un gran &#039;Hojalatero&#039; de El Parralejo y abre la Puerta del Pr\u00edncipe\" rel=\"nofollow noopener\" target=\"_blank\">David de Miranda<\/a> lo ha vuelto a hacer: decir alto y claro con su espada y la muleta que quiere -y puede- torear en <strong>las grandes ferias porque ya no es solo un torero local de <a href=\"https:\/\/www.elespanol.com\/sevilla\/20250730\/savia-nueva-triunfa-huelva-zulueta-cristian-gonzalez-carlos-tirado-hombros-merced\/1003743869486_0.html?utm_cmp_rs=linksinline\" title=\"La savia nueva triunfa en Huelva: Zulueta, Cristian Gonz\u00e1lez y Carlos Tirado, a hombros en La Merced\" rel=\"nofollow noopener\" target=\"_blank\">Huelva<\/a>.<\/strong><\/p>\n<p class=\"paragraph\" id=\"paragraph_2\">Sobre todo tras el encierro con <a href=\"https:\/\/www.elespanol.com\/sevilla\/20240802\/david-miranda-pide-paso-huelva-tarde-sonada-corta-orejas-indulta-barba-verde\/874913034_0.html?utm_cmp_rs=linksinline\" rel=\"nofollow noopener\" target=\"_blank\">seis toros el a\u00f1o pasado<\/a> en esta misma feria y su salida por <strong>la Puerta del Pr\u00edncipe el s\u00e1bado de farolillos<\/strong>. Pero as\u00ed las cosas, a su apoderado, empresario de la plaza, no le son\u00f3 el tel\u00e9fono todo lo que le hubiera gustado.<\/p>\n<p class=\"paragraph\" id=\"paragraph_3\">En cualquier caso, tras entrar en el cartel de este jueves de Colombinas por la v\u00eda de la sustituci\u00f3n de <strong>Emilio de Justo<\/strong>, la oportunidad no pod\u00eda ser mejor para reivindicarse entre toreros j\u00f3venes y con hambre, mucha hambre.<\/p>\n<p><img loading=\"lazy\" decoding=\"async\" alt=\"Los tres novilleros salen a hombros de La Merced de Huelva.\" height=\"180\" src=\"https:\/\/www.europesays.com\/es\/wp-content\/uploads\/2025\/07\/1003743869490_257680468_320x180.jpg\" width=\"320\" data-lazy-status=\"processed\" data-lazy-info=\"remove loading item 1\"\/><\/p>\n<p class=\"paragraph\" id=\"paragraph_4\">Para muestra un bot\u00f3n, la forma en la que sali\u00f3 <strong>Borja Jim\u00e9nez<\/strong> a esperar al primero de <strong>Juan Pedro Domecq<\/strong>, a por todas y toreando a la ver\u00f3nica de rodillas para no dejarse ganar la pelea. Y tambi\u00e9n las ansias de <strong>Marco P\u00e9rez<\/strong> por demostrar que fue <strong>un ni\u00f1o prodigio<\/strong> y, ahora, <strong>un torero precoz<\/strong>.<\/p>\n<p class=\"paragraph\" id=\"paragraph_5\">Ambos por cierto<strong> hicieron el pase\u00edllo desmonterados<\/strong> -al torear por primera vez en esta plaza-, lo que denota la apertura de carteles en una feria corta y eso siempre ser\u00e1 un bien para la Fiesta.<\/p>\n<p class=\"paragraph\" id=\"paragraph_6\">Ahora bien, la tierra es la tierra y el p\u00fablico estaba volcado con David desde el principio con sus palmas por Huelva. No obstante, hizo m\u00e9ritos para ello.<\/p>\n<p class=\"paragraph\" id=\"paragraph_7\">Lance\u00f3 a c\u00e1mara lenta a su primero, un toro con <strong>unas hechuras perfectas para embestir<\/strong> como lo hizo en un ce\u00f1id\u00edsimo quite por gaoneras. Tras el brindis fue entonces cuando toda la plaza enmudeci\u00f3 al romper el animal de un pitonazo una parte de las tablas dejando el callej\u00f3n al descubierto. Lo arreglaron de inmediato y todo se qued\u00f3 en un susto.<\/p>\n<p class=\"paragraph\" id=\"paragraph_8\">No obstante, pronto David recuper\u00f3 toda la atenci\u00f3n al comenzar la faena con una tanda intensa de rodillas ante un toro fijo y noble que fue creci\u00e9ndose en cada muletazo. De mano baja y profundos fueron los derechazos hasta al final de la cadera y con mucho acople.<\/p>\n<p class=\"paragraph\" id=\"paragraph_9\">Cuando cambi\u00f3 de pit\u00f3n la faena baj\u00f3 la intensidad, sobre todo cuando busc\u00f3 las cercan\u00edas y el animal le segu\u00eda pidiendo distancias. No obstante, logr\u00f3 subir el tono de nuevo con los circulares finales, unas ajustadas manoletinas y una efectiva estocada, que le valieron las dos orejas.<\/p>\n<p class=\"paragraph\" id=\"paragraph_10\">La falta de fuerza del quinto condicion\u00f3 su faena, aunque lo hizo todo a favor del animal desde<strong> los cambiados por la espalda iniciales hasta el final<\/strong>, cuando volvi\u00f3 a apostar por las cercan\u00edas con las luquesinas y una serie al natural a pies juntos con enjundia, cortando otras dos orejas.<\/p>\n<p class=\"paragraph\" id=\"paragraph_11\">Hab\u00eda ganas de ver a<strong> Marco P\u00e9rez<\/strong> en Huelva y no defraud\u00f3, aunque como dec\u00eda <strong>Curro Romero \u00ab\u00a1Qu\u00e9 dif\u00edcil es comer despacio cuando se tiene tanta hambre!\u00bb<\/strong>. Tras parar a su primero con unos vistosos delantales y con un quite por tapat\u00edas, brind\u00f3 a Espartaco, que precisamente cumple 46 a\u00f1os de alternativa en esta plaza.<\/p>\n<p><img decoding=\"async\" alt=\"David de Miranda saliendo por la Puerta del Pr\u00edncipe de Sevilla.\" height=\"180\" loading=\"lazy\" width=\"320\" data-lazy-status=\"processed\" id=\"95606dac2b\" src=\"https:\/\/www.elespanol.com\/sevilla\/20250731\/marco-perez-david-miranda-triunfan-huelva-pide-paso-nuevo-grandes-ferias\/[\" https:=\"\" data-lazy-info=\"changed src\"\/><\/p>\n<p class=\"paragraph\" id=\"paragraph_12\">Marco siempre estuvo por encima de su oponente, al que acab\u00f3 metiendo en la canasta con m\u00e1s disposici\u00f3n que lucimiento.<\/p>\n<p class=\"paragraph\" id=\"paragraph_13\">Al burraco que hizo sexto lo recibi\u00f3 de rodillas e intent\u00f3 hacerle todo lo que sabe, que no es poco a pesar de su juventud. Con muchas ansias de triunfo hilvan\u00f3 una faena asentada sobre la mano derecha, tirando siempre del noble animal y apostando al final por las cercan\u00edas. Esto \u00faltimo y la estocada fueron claves para acompa\u00f1ar a <strong>David de Miranda en su salida por la Puerta Grande<\/strong>.<\/p>\n<p>Jim\u00e9nez cort\u00f3 una oreja<\/p>\n<p class=\"paragraph\" id=\"paragraph_14\">Borja Jim\u00e9nez lo hizo a pie tras fallar con los aceros, pero ganas no le faltaron. Su espera a portagayola al primero fue toda una declaraci\u00f3n de intenciones. Porque tras una larga limpia no despeg\u00f3 las rodillas del suelo para lancearlo a la ver\u00f3nica con mucha vibraci\u00f3n.<\/p>\n<p class=\"paragraph\" id=\"paragraph_15\">Brind\u00f3 al p\u00fablico y sin probaturas se puso a torear para dar forma a una faena reunida y de mucha entrega ante un animal poco colaborador, que no le ayud\u00f3 lo suficiente.<\/p>\n<p class=\"paragraph\" id=\"paragraph_16\">Sin embargo, sali\u00f3 con las mismas ganas a lidiar al manejable cuarto al que logr\u00f3 fijarlo en la muleta tras el amago de rajarse.<\/p>\n<p class=\"paragraph\" id=\"paragraph_17\">Lejos de eso acab\u00f3 metido en la canasta del de Espartinas, que ha visto hoy con los dientes apretados c\u00f3mo sus compa\u00f1eros sal\u00edan a hombros y \u00e9l a pie en una batalla que s\u00ed es la suya. Ma\u00f1ana habr\u00e1 m\u00e1s, con la plaza llena y, eso ya de por s\u00ed, es un triunfo.<\/p>\n","protected":false},"excerpt":{"rendered":"David de Miranda lo ha vuelto a hacer: decir alto y claro con su espada y la muleta&hellip;\n","protected":false},"author":2,"featured_media":17381,"comment_status":"","ping_status":"","sticky":false,"template":"","format":"standard","meta":{"footnotes":""},"categories":[277],"tags":[373,2598,168,25,24,4397,10048,1171,10047,23,167,374,2487],"class_list":{"0":"post-17380","1":"post","2":"type-post","3":"status-publish","4":"format-standard","5":"has-post-thumbnail","7":"category-toreo","8":"tag-bullfighting","9":"tag-corridas-toros","10":"tag-deportes","11":"tag-es","12":"tag-espana","13":"tag-huelva","14":"tag-plazas-de-toros","15":"tag-sevilla","16":"tag-sevilla-municipio","17":"tag-spain","18":"tag-sports","19":"tag-toreo","20":"tag-toreros"},"share_on_mastodon":{"url":"","error":""},"_links":{"self":[{"href":"https:\/\/www.europesays.com\/es\/wp-json\/wp\/v2\/posts\/17380","targetHints":{"allow":["GET"]}}],"collection":[{"href":"https:\/\/www.europesays.com\/es\/wp-json\/wp\/v2\/posts"}],"about":[{"href":"https:\/\/www.europesays.com\/es\/wp-json\/wp\/v2\/types\/post"}],"author":[{"embeddable":true,"href":"https:\/\/www.europesays.com\/es\/wp-json\/wp\/v2\/users\/2"}],"replies":[{"embeddable":true,"href":"https:\/\/www.europesays.com\/es\/wp-json\/wp\/v2\/comments?post=17380"}],"version-history":[{"count":0,"href":"https:\/\/www.europesays.com\/es\/wp-json\/wp\/v2\/posts\/17380\/revisions"}],"wp:featuredmedia":[{"embeddable":true,"href":"https:\/\/www.europesays.com\/es\/wp-json\/wp\/v2\/media\/17381"}],"wp:attachment":[{"href":"https:\/\/www.europesays.com\/es\/wp-json\/wp\/v2\/media?parent=17380"}],"wp:term":[{"taxonomy":"category","embeddable":true,"href":"https:\/\/www.europesays.com\/es\/wp-json\/wp\/v2\/categories?post=17380"},{"taxonomy":"post_tag","embeddable":true,"href":"https:\/\/www.europesays.com\/es\/wp-json\/wp\/v2\/tags?post=17380"}],"curies":[{"name":"wp","href":"https:\/\/api.w.org\/{rel}","templated":true}]}}