{"id":173803,"date":"2025-10-13T11:32:13","date_gmt":"2025-10-13T11:32:13","guid":{"rendered":"https:\/\/www.europesays.com\/es\/173803\/"},"modified":"2025-10-13T11:32:13","modified_gmt":"2025-10-13T11:32:13","slug":"tarde-para-el-recuerdo-con-los-toreros-a-hombros-por-la-puerta-grande-de-jaen","status":"publish","type":"post","link":"https:\/\/www.europesays.com\/es\/173803\/","title":{"rendered":"Tarde para el recuerdo con los toreros a hombros por la puerta grande de Ja\u00e9n"},"content":{"rendered":"<p class=\"v-mdl-ath__p v-mdl-ath__p--6\">\nLunes, 13 de octubre 2025, 13:06<\/p>\n<p class=\"v-p\">La feria taurina de San Lucas ha venido torcida desde el principio y parece que la suerte no va a cambiar para lo que resta. Si ya fue dif\u00edcil para la empresa Tauroemoci\u00f3n cerrar los carteles de las dos corridas ante la negativa de algunos toreros a anunciarse por distintos motivos, ahora se suma la ca\u00edda de tres de los toreros que finalmente se anunciaron. Primero fue Emilio de Justo, que fue herido en la plaza de Las Ventas durante su participaci\u00f3n en la feria de oto\u00f1o.<\/p>\n<p class=\"v-p\">Otro tanto le pas\u00f3 a Manuel Escribano. El sevillano, anunciado en Ja\u00e9n tras su gran triunfo del a\u00f1o pasado, no pudo cumplir su compromiso tras ser cogido y herido en su hombro derecho en la plaza de toros de la localidad navarra de Corella. Lo intent\u00f3, pero finalmente tuvo que cortar la temporada de manera definitiva para recuperarse totalmente de una compleja luxaci\u00f3n que lo va a llevar un tiempo de reposo.<\/p>\n<p class=\"v-p\">El \u00faltimo en caer ha sido David Galv\u00e1n. Est\u00e1 anunciado en la segunda y \u00faltima corrida del ciclo de San Lucas con los toros de Victorino Mart\u00edn. Con un traumatismo craneoencef\u00e1lico, un puntazo corrido en el hemit\u00f3rax y una severa paliza tras su paso por Madrid, todo hace indicar que podr\u00e1 torear en Ja\u00e9n, aunque habr\u00e1 que ver su evoluci\u00f3n en estos d\u00edas.<\/p>\n<p class=\"v-p\">La empresa Tauroemoci\u00f3n todav\u00eda no ha comunicado nada todav\u00eda, entre otras cosas porque nada se le ha dicho al respeto. Habr\u00e1 que dejar pasar los d\u00edas y ver la evoluci\u00f3n del torero gaditano. Ojal\u00e1 se recupere con normalidad y lo podamos ver en Ja\u00e9n el pr\u00f3ximo s\u00e1bado 18 de octubre junto al linarense Curro D\u00edaz y el sevillano Manuel Jes\u00fas &#8216;El Cid&#8217; con los toros de Victorino Mart\u00edn.<\/p>\n<p class=\"v-p\">A pesar de todos los inconvenientes, la tarde fue triunfal, rayando el triunfalismo. Se cortaron muchas orejas y los toreros salieron a hombros por la puerta grande tras aprovechar la nobleza de un encierro de Juan Pedro Domecq y Jandilla.<\/p>\n<p class=\"v-p\">El granadino David Fandila &#8216;El Fandi&#8217; lleg\u00f3 a Ja\u00e9n sustituyendo a Manuel Escribano. Cerr\u00f3 una temporada en la que ha celebrado sus 25 a\u00f1os de alternativa. Est\u00e1 El Fandi en un momento madurez que se hace notar en todo lo que hace en el ruedo. <\/p>\n<p class=\"v-p\">Lidi\u00f3 en primer lugar a un toro de Juan Pedro Domecq de una presentaci\u00f3n irreprochable. Se movi\u00f3 mucho desde que sali\u00f3 de chiqueros con clase y calidad, siendo sobre todo importante por el pit\u00f3n derecho. <\/p>\n<p class=\"v-p\">El granadino lo recibi\u00f3 con hasta cinco largas de rodillas, chicuelinas y una larga de remate. Fue variado y espectacular en su recibo. Igualmente en banderillas, d\u00f3nde encontr\u00f3 toro en todos los terrenos, aunque los pares quedaron algo traseros en su colocaci\u00f3n. Por cierto, el picotazo en forma de puyazo fue tan breve que casi ni lo vimos. Ni para un an\u00e1lisis.<\/p>\n<p><img decoding=\"async\" loading=\"lazy\" src=\"https:\/\/www.europesays.com\/es\/wp-content\/uploads\/2025\/10\/JAEN-fandi-kLLD-U23033593857530eF-624x385@Ideal.jpg\" class=\"v-a-img\" width=\"624\" height=\"385\" alt=\"Recibo de rodillas de El Fandi a uno de sus toros.\" data-voc-vtm-id=\"in-text-traffic\"\/><\/p>\n<p>Recibo de rodillas de El Fandi a uno de sus toros.<\/p>\n<p>Jos\u00e9 Rojas<\/p>\n<p><img loading=\"lazy\" decoding=\"async\" src=\"https:\/\/www.europesays.com\/es\/wp-content\/uploads\/2025\/10\/JAEN-fandi-kLLD-U23033593857530eF-624x385@Ideal.jpg\" class=\"v-mdl__img-z\" width=\"624\" height=\"385\" alt=\"\"\/><\/p>\n<p class=\"v-p\">Brind\u00f3 Fandi su faena de muleta al respetable, inici\u00e1ndola de rodillas, sali\u00e9ndose hasta el tercio con varios muletazos por alto. Curiosamente su labor tambi\u00e9n la termin\u00f3 de rodillas ante el delirio de sus muchos seguidores. Entre el comienzo y el final destac\u00f3 en su toreo de derechas, d\u00f3nde conect\u00f3 r\u00e1pidamente con los tendidos. Al natural, ni toro ni torero llegaron a un entendimiento bajando el nivel de un trasteo que de nuevo subi\u00f3 en el toreo de derechas y adornos. Tras un metisaca y una estocada entera se desat\u00f3 una fuerte petici\u00f3n de orejas. Se concedi\u00f3 una y muy acertadamente el presidente del festejo Lope Morales neg\u00f3 la segunda. Muy bien el presidente dando seriedad al festejo.<\/p>\n<p class=\"v-p\">El cuarto fue un toro de Jandilla que ech\u00f3 las manos por delante embistiendo al capote del diestro granadino. Lo mejor el remate con una vistosa &#8216;serpentina&#8217;. Estuvo bien en la brega el subalterno Curro Jim\u00e9nez que recordamos se form\u00f3 en la Escuela Cultural de Tauromaquia de Ja\u00e9n. El variado quite con chicuelinas y tafalleras tuvo templanza.<\/p>\n<p class=\"v-p\">El tercio de banderillas fue todo un espect\u00e1culo. Coloc\u00f3 hasta cuatro pares de banderillas, el \u00faltimo en la suerte del viol\u00edn, levantando al p\u00fablico de sus asientos tras parar al toro hasta en dos ocasiones tras recorrerse m\u00e1s de la mitad del anillo. Explosi\u00f3n de j\u00fabilo en los tendidos puestos en pie y una exhuberancia f\u00edsica, t\u00e9cnica y de poder de El Fandi.<\/p>\n<p class=\"v-p\">Su labor de muleta la brind\u00f3 a toda su cuadrilla en el cierre de una temporada especial, d\u00f3nde el diestro de Granada ha celebrado sus bodas de plata, 25 a\u00f1os de alternativa en una carrera de enorme brillantez, convirti\u00e9ndose en uno de los toreros de mayor nivel que ha tenido el escalaf\u00f3n superior.<\/p>\n<p class=\"v-p\">Consigui\u00f3 El Fandi templarse en una labor que tuvo momentos de calidad intercal\u00e1ndolos con su habitual espectacularidad, consiguiendo un conjunto muy del gusto de un p\u00fabico de Ja\u00e9n que lo quiere y disfruta con todo lo que hace el granadino. Para finalizar de nuevo de rodillas y un vistoso abaniqueo para de nuevo poner la plaza en pie al grito de torero torero. Sinceramente no creo que en su Granada natal lo quieran m\u00e1s que aqu\u00ed. La estocada contundente y la locura se apoder\u00f3 de un coso de la Alameda que pidi\u00f3 con mucha fuerza los m\u00e1ximos trofeos. Fueron concedidos y los pase\u00f3 con una sonrisa de oreja a oreja.<\/p>\n<p>Maestr\u00eda de Talavante<\/p>\n<p class=\"v-p\">La relaci\u00f3n de Talavante con la afici\u00f3n de Ja\u00e9n siempre ha dado buenos resultados, siendo la de ayer otra tarde de triunfo para un torero que en la temporada que est\u00e1 terminando va a quedar en el primer puesto del escalaf\u00f3n en n\u00famero de corridas toreadas.<\/p>\n<p class=\"v-p\">Al segundo de la tarde, primero de su lote, tambi\u00e9n de la ganader\u00eda de Juan Pedro Domecq lo recibi\u00f3 con ver\u00f3nicas a pies juntos de buen trazo, rematando con un recorte vistoso.<\/p>\n<p class=\"v-p\">Tuvo el toro una buena embestida, mejor por el lado izquierdo, siendo m\u00e1s complejo el derecho. Pero curiosamente el extreme\u00f1o se sinti\u00f3 m\u00e1s c\u00f3modo por el lado m\u00e1s complicado del toro. Tambi\u00e9n es cierto que la embestida por el derecho tuvo m\u00e1s intensidad, lo que aprovech\u00f3 el torero en varias tandas ligadas en las que intent\u00f3 templar esa compleja embestida.<\/p>\n<p><img decoding=\"async\" loading=\"lazy\" src=\"https:\/\/www.europesays.com\/es\/wp-content\/uploads\/2025\/10\/talavante-kLLD-U2303359385753dSD-624x385@Ideal.jpg\" class=\"v-a-img\" width=\"624\" height=\"385\" alt=\"Alejandro Talavante instrumenta un natural a uno de sus toros.\" data-voc-vtm-id=\"in-text-traffic\"\/><\/p>\n<p>Alejandro Talavante instrumenta un natural a uno de sus toros.<\/p>\n<p>J. Rojas<\/p>\n<p><img loading=\"lazy\" decoding=\"async\" src=\"https:\/\/www.europesays.com\/es\/wp-content\/uploads\/2025\/10\/talavante-kLLD-U2303359385753dSD-624x385@Ideal.jpg\" class=\"v-mdl__img-z\" width=\"624\" height=\"385\" alt=\"\"\/><\/p>\n<p class=\"v-p\">De todas formas, el trasteo, aunque correcto no termin\u00f3 de romper, aunque no negamos que hubo momentos de cierta brillantez. La estocada tampoco fue buena, quedando demasiado ca\u00edda sobre el lomo del toro. Hubo una fuerte petici\u00f3n de oreja que fue concedida. <\/p>\n<p class=\"v-p\">El quinto, otro toro de Jandilla, algo m\u00e1s chico pero de buenas hechuras no dej\u00f3 lucirse con el capote al diestro extreme\u00f1o. En varas s\u00f3lo cumpli\u00f3 y en banderillas puso en dificultades a Ambel Posadas en dos meritorios pares. Igualmente estuvo en la brega \u00c1lvaro Montes.<\/p>\n<p class=\"v-p\">El toro de Jandilla que hizo amagos de rajarse durante el inicio de faena, termin\u00f3 por entregarse a una templada, cadenciosa y r\u00edtmica muleta de Talavante que realiz\u00f3 en Ja\u00e9n una de sus mejores faenas de la temporada que est\u00e1 a punto de terminar. <\/p>\n<p class=\"v-p\">Al natural bord\u00f3 los muletazos, de trazo largo, desmayado, intentando ralentizar la embestida del Jandilla. Tambi\u00e9n sobre la diestra y en un toreo a dos manos sublime. Faen\u00f3n de Talavante que remat\u00f3 de media estocada y descabello tras una leve petici\u00f3n de indulto. Cort\u00f3 dos orejas y al toro se le premi\u00f3 con justeza con la vuelta al ruedo en el arrastre.<\/p>\n<p>Presentaci\u00f3n de Borja Jim\u00e9nez<\/p>\n<p class=\"v-p\">El sevillano nacido en Espartinas se present\u00f3 en el coso de la Alameda tras sustituir a Emilio de Justo. Y no pudo tener una presentaci\u00f3n mejor. Se fue por la puerta grande tras una tarde de entrega, sin dejarse nada dentro y convenciendo a la afici\u00f3n que se congreg\u00f3 en el coso taurino.<\/p>\n<p class=\"v-p\">Al primero de su lote, un toro que de Jandilla lo recibi\u00f3 con ver\u00f3nicas con el comp\u00e1s abierto y a pies juntos, aunque a los lances le faltara reposo. Algo similar le ocurri\u00f3 posteriormente durante su labor de muleta. Tampoco el toro ayud\u00f3 en demas\u00eda, con una embestida cambiante, siendo desconcertante en algunas ocasiones. Los siguientes tercios pasaron sin pena ni gloria.<\/p>\n<p class=\"v-p\">Se fue Borja Jim\u00e9nez al centro del platillo a brindar su faena de muleta, inici\u00e1ndola de rodillas. Fue una declaraci\u00f3n de intenciones de un torero que fue entrega pura durante toda su labor. Otra cosa fue la forma de torear, falt\u00e1ndole ese reposo que antes dec\u00edamos. Tambi\u00e9n debemos de decir que no fue f\u00e1cil ligar las series con un toro tan cambiante, pero sus ganas y su disposici\u00f3n quedaron patentes.<\/p>\n<p><img decoding=\"async\" loading=\"lazy\" src=\"https:\/\/www.europesays.com\/es\/wp-content\/uploads\/2025\/10\/borja-jimenez-kLLD-U23033593857530e-624x385@Ideal.jpg\" class=\"v-a-img\" width=\"624\" height=\"385\" alt=\"Borja Jim\u00e9nez se present\u00f3 en la plaza de Ja\u00e9n.\" data-voc-vtm-id=\"in-text-traffic\"\/><\/p>\n<p>Borja Jim\u00e9nez se present\u00f3 en la plaza de Ja\u00e9n.<\/p>\n<p>J. R.<\/p>\n<p><img loading=\"lazy\" decoding=\"async\" src=\"https:\/\/www.europesays.com\/es\/wp-content\/uploads\/2025\/10\/borja-jimenez-kLLD-U23033593857530e-624x385@Ideal.jpg\" class=\"v-mdl__img-z\" width=\"624\" height=\"385\" alt=\"\"\/><\/p>\n<p class=\"v-p\">Brill\u00f3 m\u00e1s en su toreo al natural, d\u00f3nde intent\u00f3 y consigui\u00f3 por momentos alargar las embestidas de un Jandilla con emocionante embestida. Para finalizar unas manoletinas y una estocada en la suerte contraria que fue realmente buena. Cort\u00f3 dos orejas pedidas de forma un\u00e1nime.<\/p>\n<p class=\"v-p\">Al sexto de la tarde lo recibi\u00f3 con larga de rodillas y vibrantes lances. Tom\u00f3 una vara al relance. Brind\u00f3 Borja su faena al p\u00fablico y la inici\u00f3 con varios pases por la espalda y toreo de trazo largo que remat\u00f3 de un buen pase de pecho. En la primera tanda sobre la diestra intent\u00f3 torear de manera vertical pero el toro no se le permiti\u00f3. En la segunda tanda abri\u00f3 el comp\u00e1s y alarg\u00f3 los muletazos saliendo mejor la serie. Todo ello realizado en el centro del platillo.<\/p>\n<p class=\"v-p\">La labor fue larga e intensa, con muchos muletazos y una entrega desmedida. Al natural hubo menos acople, volviendo de nuevo a la diestra d\u00f3nde de nuevo subi\u00f3 el nivel de la misma. <\/p>\n<p class=\"v-p\">A esas alturas de la tarde la noticia de la retirada de Morante de la Puebla ya hab\u00eda llegado entre el estupor y la sorpresa de todos. Cosas que tienen los genios. <\/p>\n<p class=\"v-p\">Borja Jim\u00e9nez termin\u00f3 cortando otras dos orejas, la segunda muy ben\u00e9vola pero pedida con fuerza por un generoso p\u00fablico.<\/p>\n<p class=\"v-p\">Tarde para el recuerdo en Ja\u00e9n con dos faenas sobresalientes por parte de El Fandi y sobre todo de Alejandro Talavante que bord\u00f3 el toreo en la tarde taurina que abri\u00f3 el ciclo de San Lucas. <\/p>\n<p>Reporta un error<\/p>\n","protected":false},"excerpt":{"rendered":"Lunes, 13 de octubre 2025, 13:06 La feria taurina de San Lucas ha venido torcida desde el principio&hellip;\n","protected":false},"author":2,"featured_media":173804,"comment_status":"","ping_status":"","sticky":false,"template":"","format":"standard","meta":{"footnotes":""},"categories":[277],"tags":[373,168,25,24,699,11916,3619,740,910,23,167,11054,374,2487],"class_list":{"0":"post-173803","1":"post","2":"type-post","3":"status-publish","4":"format-standard","5":"has-post-thumbnail","7":"category-toreo","8":"tag-bullfighting","9":"tag-deportes","10":"tag-es","11":"tag-espana","12":"tag-grande","13":"tag-hombros","14":"tag-jaen","15":"tag-puerta","16":"tag-recuerdo","17":"tag-spain","18":"tag-sports","19":"tag-tarde","20":"tag-toreo","21":"tag-toreros"},"share_on_mastodon":{"url":"","error":""},"_links":{"self":[{"href":"https:\/\/www.europesays.com\/es\/wp-json\/wp\/v2\/posts\/173803","targetHints":{"allow":["GET"]}}],"collection":[{"href":"https:\/\/www.europesays.com\/es\/wp-json\/wp\/v2\/posts"}],"about":[{"href":"https:\/\/www.europesays.com\/es\/wp-json\/wp\/v2\/types\/post"}],"author":[{"embeddable":true,"href":"https:\/\/www.europesays.com\/es\/wp-json\/wp\/v2\/users\/2"}],"replies":[{"embeddable":true,"href":"https:\/\/www.europesays.com\/es\/wp-json\/wp\/v2\/comments?post=173803"}],"version-history":[{"count":0,"href":"https:\/\/www.europesays.com\/es\/wp-json\/wp\/v2\/posts\/173803\/revisions"}],"wp:featuredmedia":[{"embeddable":true,"href":"https:\/\/www.europesays.com\/es\/wp-json\/wp\/v2\/media\/173804"}],"wp:attachment":[{"href":"https:\/\/www.europesays.com\/es\/wp-json\/wp\/v2\/media?parent=173803"}],"wp:term":[{"taxonomy":"category","embeddable":true,"href":"https:\/\/www.europesays.com\/es\/wp-json\/wp\/v2\/categories?post=173803"},{"taxonomy":"post_tag","embeddable":true,"href":"https:\/\/www.europesays.com\/es\/wp-json\/wp\/v2\/tags?post=173803"}],"curies":[{"name":"wp","href":"https:\/\/api.w.org\/{rel}","templated":true}]}}