{"id":173811,"date":"2025-10-13T11:39:09","date_gmt":"2025-10-13T11:39:09","guid":{"rendered":"https:\/\/www.europesays.com\/es\/173811\/"},"modified":"2025-10-13T11:39:09","modified_gmt":"2025-10-13T11:39:09","slug":"comunicado-medico-ferran-torres-que-tiene-y-cuantos-partidos-se-perdera-sport","status":"publish","type":"post","link":"https:\/\/www.europesays.com\/es\/173811\/","title":{"rendered":"Comunicado m\u00e9dico Ferran Torres: qu\u00e9 tiene y cu\u00e1ntos partidos se perder\u00e1 &#8211; SPORT"},"content":{"rendered":"<ol>\n<li><a href=\"https:\/\/news.google.com\/rss\/articles\/CBMikgFBVV95cUxPblcyRllkRWdMTzhoNFQ5dWZjcndkNUh6UGpDLWpOVUJtWHM2T2VFZGh3dEc5WmVmVDdVMzFCVXZqVVJ3T2hTaVZvVTlwMHFhaGt6MjBtQjE4LTY1a0hnLWREVDljZW4yRlc1eklOOHVrN01rY2E4U3B0UkxNTjhfSlFCMDlfdHptWmg4Zm1uS011UdIBkgFBVV95cUxPc2ItY2QzOVpWSXQtNXlKM1d2aWNaUUtKVTliTWpudG9Eczg3cGFQVkVSSXFuaXFsQ3RDTU1WY1hTSWlXTC13ZzAxV2kwaFdJNVZRNkVjb1lnbkJVaDE2Sm4tNHpmOTlYNl91WGY2UEt5cU5ZYXZfbnNUVDd2eThNdGVZZVB4bW9aNXB3a0pzdk9UUQ?oc=5\" target=\"_blank\" rel=\"nofollow noopener\">Comunicado m\u00e9dico Ferran Torres: qu\u00e9 tiene y cu\u00e1ntos partidos se perder\u00e1<\/a>&nbsp;&nbsp;SPORT<\/li>\n<li><a href=\"https:\/\/news.google.com\/rss\/articles\/CBMilwFBVV95cUxPRHQ0YkJTaUhjTzRsenJLRkhBWW1lMkhVcTlGazlqQmJNclJFMm5wSTBaWmkySzVEWkRPaVpqaFFTQVBqa1c5ZnF2Z2xqQ3NoRURCY1AzNWRBMGFzUFJlcnpiWm1VVDZaSFNUTXBDXzhYb1NWOFZBUFFkN1RIdXdrXzA0ekhmaGJNVUh1M2hKNU9wZGxXREFR?oc=5\" target=\"_blank\" rel=\"nofollow noopener\">Sigue la psicosis: Ferran, desconvocado por la RFEF<\/a>&nbsp;&nbsp;Diario AS<\/li>\n<li><a href=\"https:\/\/news.google.com\/rss\/articles\/CBMiiAFBVV95cUxOVjloN3BCZFhoOXowajM1R3ZwMVEzcXNDYjRmRjA1aWZuanhEQ3QxbkY4S19jS2I2aVB5cExnblJ5dHRKdGhTaVpueTFka1h0RG1wSG5sVDREMjJ6Mi1MbzBoSnV3c0ZSS18yX3B4alpNRmhvS09aaTlJSXVBR2RtSy1OQzNFbGk3?oc=5\" target=\"_blank\" rel=\"nofollow noopener\">Ferran Torres, desconvocado para jugar contra Bulgaria<\/a>&nbsp;&nbsp;RFEF<\/li>\n<li><a href=\"https:\/\/news.google.com\/rss\/articles\/CBMiuwFBVV95cUxQLXJKVm5xNWlJcXhQYjFETTJ1TzBvRXQ5c25FbFJOR3kzZlgxNHc4a3hnV3NETjJ3aDV3WWdmUUJGcC1hSmZYZEpqc0owX0szdjhZUTVlWWRxRm9va3dIV1p5aXlPUUh5LXlhdDBUR2l5Vks5cTdiRXBsSmk5em1DVWpZUGxwSndfYW53NHhFVnZyTEd1TVNEaG1FUW1FaWVFQmxrODdOZDZEZ0hzOWNJa3FBamdlNlRVSUlZ?oc=5\" target=\"_blank\" rel=\"nofollow noopener\">Otro lesionado del Bar\u00e7a con Espa\u00f1a: Ferr\u00e1n Torres abandona la selecci\u00f3n<\/a>&nbsp;&nbsp;ABC<\/li>\n<li><a href=\"https:\/\/news.google.com\/rss\/articles\/CBMirgFBVV95cUxQN1ZJUWZqbUtySnVnakl5NnZsQlJCOXhtSHE5amFRNlVTbkM5N21ibWQxSzZqVEFXcy14YzBSLTNOMG80dHd1aG5wVjNYNDlKWlV1ckhQNWFIS3RmWHY2YVRwdGR2azM1WHBOSlFxZU1WQUlzdkp1a3Nra21jZlB5cHJ0M1A0b3l6SFZPYWVWRVJRN0xtbWpjQmh6Mk5tN3pGUzg3TFNILUh5NURIU2fSAbMBQVVfeXFMTkdaMG1wWFVPRkZ6U1RXTUJYYVZlcmMybURiY0xMY1NXM21OMG1kQW5KTlo0VmpydDloeFM4aDVYYVBLRlh1MWJfdk1lbW42NkNESUhtMFY0YjZDLWVZY0xoZFBfczhXVUF3QnhRZXIyTnJOdHUyRWVGNkxfY2NuTVVEWkNrM1NQZHBwTjg2WkFlS1k1eXd4d2tfYlpsaGlxY0JycnppTkg1cU1LcGdDcUZqS2c?oc=5\" target=\"_blank\" rel=\"nofollow noopener\">Ferran se une a la plaga de bajas de la Selecci\u00f3n y abandona la concentraci\u00f3n por \u00abmolestias musculares\u00bb<\/a>&nbsp;&nbsp;El Confidencial<\/li>\n<\/ol>\n","protected":false},"excerpt":{"rendered":"Comunicado m\u00e9dico Ferran Torres: qu\u00e9 tiene y cu\u00e1ntos partidos se perder\u00e1&nbsp;&nbsp;SPORT Sigue la psicosis: Ferran, desconvocado por la&hellip;\n","protected":false},"author":2,"featured_media":173812,"comment_status":"","ping_status":"","sticky":false,"template":"","format":"standard","meta":{"footnotes":""},"categories":[268],"tags":[8723,168,25,24,27571,23624,280,282,1634,50083,281,23,167,4655],"class_list":{"0":"post-173811","1":"post","2":"type-post","3":"status-publish","4":"format-standard","5":"has-post-thumbnail","7":"category-futbol","8":"tag-confirmado","9":"tag-deportes","10":"tag-es","11":"tag-espana","12":"tag-ferran","13":"tag-ferran-torres","14":"tag-football","15":"tag-futbol","16":"tag-hay","17":"tag-sobrecarga","18":"tag-soccer","19":"tag-spain","20":"tag-sports","21":"tag-torres"},"share_on_mastodon":{"url":"","error":""},"_links":{"self":[{"href":"https:\/\/www.europesays.com\/es\/wp-json\/wp\/v2\/posts\/173811","targetHints":{"allow":["GET"]}}],"collection":[{"href":"https:\/\/www.europesays.com\/es\/wp-json\/wp\/v2\/posts"}],"about":[{"href":"https:\/\/www.europesays.com\/es\/wp-json\/wp\/v2\/types\/post"}],"author":[{"embeddable":true,"href":"https:\/\/www.europesays.com\/es\/wp-json\/wp\/v2\/users\/2"}],"replies":[{"embeddable":true,"href":"https:\/\/www.europesays.com\/es\/wp-json\/wp\/v2\/comments?post=173811"}],"version-history":[{"count":0,"href":"https:\/\/www.europesays.com\/es\/wp-json\/wp\/v2\/posts\/173811\/revisions"}],"wp:featuredmedia":[{"embeddable":true,"href":"https:\/\/www.europesays.com\/es\/wp-json\/wp\/v2\/media\/173812"}],"wp:attachment":[{"href":"https:\/\/www.europesays.com\/es\/wp-json\/wp\/v2\/media?parent=173811"}],"wp:term":[{"taxonomy":"category","embeddable":true,"href":"https:\/\/www.europesays.com\/es\/wp-json\/wp\/v2\/categories?post=173811"},{"taxonomy":"post_tag","embeddable":true,"href":"https:\/\/www.europesays.com\/es\/wp-json\/wp\/v2\/tags?post=173811"}],"curies":[{"name":"wp","href":"https:\/\/api.w.org\/{rel}","templated":true}]}}