{"id":173813,"date":"2025-10-13T11:40:10","date_gmt":"2025-10-13T11:40:10","guid":{"rendered":"https:\/\/www.europesays.com\/es\/173813\/"},"modified":"2025-10-13T11:40:10","modified_gmt":"2025-10-13T11:40:10","slug":"isabelle-junot-anuncia-que-esta-embarazada-de-su-segundo-hijo-en-comun-con-alvaro-falco","status":"publish","type":"post","link":"https:\/\/www.europesays.com\/es\/173813\/","title":{"rendered":"Isabelle Junot anuncia que est\u00e1 embarazada de su segundo hijo en com\u00fan con \u00c1lvaro Falc\u00f3"},"content":{"rendered":"<p><a href=\"https:\/\/okdiario.com\/look\/estilo\/isabelle-junot-aristocrata-que-podria-destronar-tamara-falco-como-icono-estilo-2133264\" rel=\"nofollow noopener\" target=\"_blank\"><strong>Isabelle Junot<\/strong><\/a> est\u00e1 <strong>embarazada.<\/strong> As\u00ed lo ha anunciado ella misma a trav\u00e9s de su perfil oficial de Instagram, donde ha compartido una fotograf\u00eda en la que ha presumido de su incipiente tripa de premam\u00e1. <strong>\u00abNoticia de \u00faltima hora. Pr\u00f3ximamente\u2026 \u00bfqu\u00e9 ser\u00e1, ni\u00f1o o ni\u00f1a?\u00bb<\/strong>, escrib\u00eda. As\u00ed, Junot se est\u00e1 preparando para tener su <strong>segundo hijo<\/strong> en com\u00fan con <strong>\u00c1lvaro Falc\u00f3<\/strong>, el hombre con el que se dio el \u00abs\u00ed, quiero\u00bb en abril de 2022.<\/p>\n<p>Como no pod\u00eda ser de otra manera, el post no ha tardado en\u00a0 llenarse de comentarios de enhorabuena, donde ha destacado el de Tamara Falc\u00f3, que ha felicitado a los futuros pap\u00e1s con un gran entusiasmo:<strong> \u00ab\u00a1Bravo!\u00bb<\/strong>, escrib\u00eda con varios emojis de palmas. Al mismo tiempo, Vicky Mart\u00edn Berrocal, Marta Barroso o \u00cd\u00f1igo Onieva han sido otros de los rostros conocidos que se han mostrado <strong>muy emocionados<\/strong> con la especial noticia. As\u00ed como tambi\u00e9n lo han hecho algunos de sus m\u00e1s de 150.000 seguidores: <strong>\u00ab\u00a1Qu\u00e9 ilusi\u00f3n!\u00bb<\/strong>, \u00abC\u00f3mo me alegro Isabelle, sin conocerte en persona una buen\u00edsima noticia\u00bb, \u00abEnhorabuena\u00bb, <strong>\u00abOh, much\u00edsimas felicidades\u00bb<\/strong>, \u00abAy, ser\u00e1 ni\u00f1o seguro\u00bb, \u00abMaravilloso\u00bb, expresaban.<\/p>\n<blockquote class=\"instagram-media\" style=\"background: #FFF; border: 0; border-radius: 3px; box-shadow: 0 0 1px 0 rgba(0,0,0,0.5),0 1px 10px 0 rgba(0,0,0,0.15); margin: 1px; max-width: 540px; min-width: 326px; padding: 0; width: calc(100% - 2px);\" data-instgrm-captioned=\"\" data-instgrm-permalink=\"https:\/\/www.instagram.com\/p\/DPuLmOICDXV\/?utm_source=ig_embed&amp;utm_campaign=loading\" data-instgrm-version=\"14\">\n<\/blockquote>\n<p>Fue en <strong>junio de 2023<\/strong> cuando \u00c1lvaro Falc\u00f3 e Isabelle Junot <strong>dieron la bienvenida a su primog\u00e9nita<\/strong>, justo un a\u00f1o despu\u00e9s de casarse. Escogieron el nombre de <strong>Philippa<\/strong> para la peque\u00f1a en honor a su abuelo materno, el franc\u00e9s Philip Junot, aunque Isabelle siempre ha destacado que guarda un gran parecido con su abuela paterna, <strong>Marta Chavarri<\/strong>, quien falleci\u00f3 poco despu\u00e9s de su nacimiento. \u00abPhilippa es muy divertida, muy r\u00e1pida, es incre\u00edble.<strong> Veo mucho de su abuela en ella<\/strong>, tanto f\u00edsicamente como en su alegr\u00eda, porque Marta era muy divertida\u00bb, coment\u00f3 en el programa Y ahora Sonsoles.\u00a0<\/p>\n<p>La historia de amor de Isabelle Junot y \u00c1lvaro Falc\u00f3<\/p>\n<p>Isabelle Junot y \u00c1lvaro Falc\u00f3 <strong>se conocieron en Gstaad<\/strong>, una exclusiva estaci\u00f3n de esqu\u00ed situada en Suiza. Poco despu\u00e9s se reencontraron en Madrid y fue entonces cuando entre ambos comenz\u00f3 a surgir algo m\u00e1s que una amistad.<strong> En 2018 sali\u00f3 a la luz su romance<\/strong> cuando acudieron juntos a un evento en Ronda, y fue tan solo tres a\u00f1os despu\u00e9s cuando \u00c1lvaro Falc\u00f3 le pidi\u00f3 matrimonio durante un viaje a la Rep\u00fablica Dominicana. Desde entonces, no se han separado y, despu\u00e9s de dar la bienvenida a su primera hija en com\u00fan, ahora est\u00e1n a punto de <strong>ampliar la familia<\/strong>, duplicando su amor con la llegada de su segundo hijo.<\/p>\n<p>\n<img decoding=\"async\" loading=\"lazy\" class=\"size-medium wp-image-2400861\" alt=\"Isabelle Junot, \u00c1lvaro Falc\u00f3\" width=\"620\" height=\"413\"  src=\"https:\/\/www.europesays.com\/es\/wp-content\/uploads\/2025\/09\/1758214691_923_placeholder.jpg\"  bad-src=\"https:\/\/www.europesays.com\/es\/wp-content\/uploads\/2025\/09\/1758214691_923_placeholder.jpg\"\/><\/p>\n<p><img decoding=\"async\" loading=\"lazy\" class=\"size-medium wp-image-2400861\" src=\"https:\/\/www.europesays.com\/es\/wp-content\/uploads\/2025\/10\/falco-620x413.jpg\" alt=\"Isabelle Junot, \u00c1lvaro Falc\u00f3\" width=\"620\" height=\"413\"  \/><\/p>\n<p> Isabelle Junot y \u00c1lvaro Falc\u00f3 en Madrid. (Foto: Gtres)\n<\/p>\n<p>Por ahora, se desconoce<strong> de cu\u00e1nto tiempo est\u00e1 embarazada<\/strong> Isabelle Junot. As\u00ed como tampoco ha trascendido <strong>el g\u00e9nero del beb\u00e9<\/strong> que espera. Sin embargo, igual que hizo durante su primer embarazo, es muy probable que la arist\u00f3crata comparta con sus seguidores de las redes sociales algunos detalles de su segunda gestaci\u00f3n.<\/p>\n<p>\t\t\t\t\t\t\t<script async src=\"\/\/www.instagram.com\/embed.js\"><\/script><\/p>\n","protected":false},"excerpt":{"rendered":"Isabelle Junot est\u00e1 embarazada. As\u00ed lo ha anunciado ella misma a trav\u00e9s de su perfil oficial de Instagram,&hellip;\n","protected":false},"author":2,"featured_media":173814,"comment_status":"","ping_status":"","sticky":false,"template":"","format":"standard","meta":{"footnotes":""},"categories":[174],"tags":[255,146,147,25,24,256,18062,23],"class_list":{"0":"post-173813","1":"post","2":"type-post","3":"status-publish","4":"format-standard","5":"has-post-thumbnail","7":"category-famosos","8":"tag-celebrities","9":"tag-entertainment","10":"tag-entretenimiento","11":"tag-es","12":"tag-espana","13":"tag-famosos","14":"tag-junot","15":"tag-spain"},"share_on_mastodon":{"url":"","error":""},"_links":{"self":[{"href":"https:\/\/www.europesays.com\/es\/wp-json\/wp\/v2\/posts\/173813","targetHints":{"allow":["GET"]}}],"collection":[{"href":"https:\/\/www.europesays.com\/es\/wp-json\/wp\/v2\/posts"}],"about":[{"href":"https:\/\/www.europesays.com\/es\/wp-json\/wp\/v2\/types\/post"}],"author":[{"embeddable":true,"href":"https:\/\/www.europesays.com\/es\/wp-json\/wp\/v2\/users\/2"}],"replies":[{"embeddable":true,"href":"https:\/\/www.europesays.com\/es\/wp-json\/wp\/v2\/comments?post=173813"}],"version-history":[{"count":0,"href":"https:\/\/www.europesays.com\/es\/wp-json\/wp\/v2\/posts\/173813\/revisions"}],"wp:featuredmedia":[{"embeddable":true,"href":"https:\/\/www.europesays.com\/es\/wp-json\/wp\/v2\/media\/173814"}],"wp:attachment":[{"href":"https:\/\/www.europesays.com\/es\/wp-json\/wp\/v2\/media?parent=173813"}],"wp:term":[{"taxonomy":"category","embeddable":true,"href":"https:\/\/www.europesays.com\/es\/wp-json\/wp\/v2\/categories?post=173813"},{"taxonomy":"post_tag","embeddable":true,"href":"https:\/\/www.europesays.com\/es\/wp-json\/wp\/v2\/tags?post=173813"}],"curies":[{"name":"wp","href":"https:\/\/api.w.org\/{rel}","templated":true}]}}