{"id":173815,"date":"2025-10-13T11:41:08","date_gmt":"2025-10-13T11:41:08","guid":{"rendered":"https:\/\/www.europesays.com\/es\/173815\/"},"modified":"2025-10-13T11:41:08","modified_gmt":"2025-10-13T11:41:08","slug":"la-entrada-al-museo-guggenheim-bilbao-sera-gratis-este-fin-de-semana","status":"publish","type":"post","link":"https:\/\/www.europesays.com\/es\/173815\/","title":{"rendered":"La entrada al Museo Guggenheim Bilbao ser\u00e1 gratis este fin de semana"},"content":{"rendered":"<p>\n        El <a href=\"https:\/\/www.deia.eus\/tags\/museo-guggenheim-bilbao\/\" title=\"Museo Guggenheim Bilbao\" class=\"link copy\" rel=\"nofollow noopener\" target=\"_blank\">Museo Guggenheim Bilbao<\/a> est\u00e1 de celebraci\u00f3n. Para conmemorar su vig\u00e9simo octavo aniversario, <strong>el espacio abrir\u00e1 sus puertas de forma gratuita al p\u00fablico<\/strong> este fin de semana <strong>del 18 y 19 de octubre<\/strong>, seg\u00fan han anunciado desde la pinacoteca.\n<\/p>\n<p class=\"article-body__text \">\n        El <strong>horario<\/strong> de apertura durante este fin de semana, del 18 y 19 de octubre, <strong>ser\u00e1 de 10.00 a 19.00 horas. <\/strong>\u00abCumplimos a\u00f1os y para celebrarlo&#8230; \u00a1El finde del 18 y 19 la entrada al Museo ser\u00e1 gratuita!\u00bb, indican desde el Museo Guggenheim Bilbao.\n<\/p>\n<p class=\"article-photo__footer\">\n            &#8216;Storie&#8217; compartida por el Museo Guggenheim Bilbao en Instagram                    <\/p>\n<p class=\"article-body__text \">\n        En estos instantes, el Museo Guggenheim Bilbao cuenta, entre otras, con una<strong> \u00abexhaustiva\u00bb muestra de la artista estadounidense Barbara Kruger<\/strong>, quien ha seducido al p\u00fablico a lo largo de m\u00e1s de cinco d\u00e9cadas<strong> con una obra audaz que incita a la reflexi\u00f3n. <\/strong>\n<\/p>\n<p class=\"article-body__text \">\n        En ella, Kruger utiliza el poder de las palabras y las im\u00e1genes para cuestionar las estructuras que configuran nuestras vidas: la identidad, el deseo, la verdad y el control. Adem\u00e1s, <strong>este jueves, 16 de octubre, se estrena la obra de Mar\u00eda Helena Vieira da Silva<\/strong>. Una obra cuyas composiciones \u00ab<strong>presentan estructuras laber\u00ednticas, ritmos crom\u00e1ticos y perspectivas fragmentadas, captan la esencia de un mundo en perpetua transformaci\u00f3n\u00bb.<\/strong><\/p>\n","protected":false},"excerpt":{"rendered":"El Museo Guggenheim Bilbao est\u00e1 de celebraci\u00f3n. Para conmemorar su vig\u00e9simo octavo aniversario, el espacio abrir\u00e1 sus puertas&hellip;\n","protected":false},"author":2,"featured_media":173816,"comment_status":"","ping_status":"","sticky":false,"template":"","format":"standard","meta":{"footnotes":""},"categories":[173],"tags":[229,233,231,230,2601,6951,6996,232,234,146,4401,147,25,24,126,983,470,23],"class_list":{"0":"post-173815","1":"post","2":"type-post","3":"status-publish","4":"format-standard","5":"has-post-thumbnail","7":"category-arte-y-diseno","8":"tag-arte","9":"tag-arte-y-diseno","10":"tag-arts","11":"tag-arts-and-design","12":"tag-bilbao","13":"tag-celebra","14":"tag-cumpleanos","15":"tag-design","16":"tag-diseno","17":"tag-entertainment","18":"tag-entradas","19":"tag-entretenimiento","20":"tag-es","21":"tag-espana","22":"tag-gratis","23":"tag-guggenheim","24":"tag-museo","25":"tag-spain"},"share_on_mastodon":{"url":"","error":""},"_links":{"self":[{"href":"https:\/\/www.europesays.com\/es\/wp-json\/wp\/v2\/posts\/173815","targetHints":{"allow":["GET"]}}],"collection":[{"href":"https:\/\/www.europesays.com\/es\/wp-json\/wp\/v2\/posts"}],"about":[{"href":"https:\/\/www.europesays.com\/es\/wp-json\/wp\/v2\/types\/post"}],"author":[{"embeddable":true,"href":"https:\/\/www.europesays.com\/es\/wp-json\/wp\/v2\/users\/2"}],"replies":[{"embeddable":true,"href":"https:\/\/www.europesays.com\/es\/wp-json\/wp\/v2\/comments?post=173815"}],"version-history":[{"count":0,"href":"https:\/\/www.europesays.com\/es\/wp-json\/wp\/v2\/posts\/173815\/revisions"}],"wp:featuredmedia":[{"embeddable":true,"href":"https:\/\/www.europesays.com\/es\/wp-json\/wp\/v2\/media\/173816"}],"wp:attachment":[{"href":"https:\/\/www.europesays.com\/es\/wp-json\/wp\/v2\/media?parent=173815"}],"wp:term":[{"taxonomy":"category","embeddable":true,"href":"https:\/\/www.europesays.com\/es\/wp-json\/wp\/v2\/categories?post=173815"},{"taxonomy":"post_tag","embeddable":true,"href":"https:\/\/www.europesays.com\/es\/wp-json\/wp\/v2\/tags?post=173815"}],"curies":[{"name":"wp","href":"https:\/\/api.w.org\/{rel}","templated":true}]}}