{"id":173817,"date":"2025-10-13T11:42:08","date_gmt":"2025-10-13T11:42:08","guid":{"rendered":"https:\/\/www.europesays.com\/es\/173817\/"},"modified":"2025-10-13T11:42:08","modified_gmt":"2025-10-13T11:42:08","slug":"charlotte-casiraghi-tiene-nuevo-proyecto-literario-sus-palabras-sobre-el-libro-del-neuropsiquiatra-boris-cyrulnik-que-presentara-en-madrid","status":"publish","type":"post","link":"https:\/\/www.europesays.com\/es\/173817\/","title":{"rendered":"Charlotte Casiraghi tiene nuevo proyecto literario: sus palabras sobre el libro del neuropsiquiatra Boris Cyrulnik (que presentar\u00e1 en Madrid)"},"content":{"rendered":"<p class=\"has-dropcap\"><a href=\"https:\/\/www.revistavanityfair.es\/articulos\/charlotte-casiraghi-separacion-dimitri-rassam-respuesta\" rel=\"nofollow noopener\" target=\"_blank\"><strong>Charlotte Casiraghi<\/strong><\/a> ha hablado en varias ocasiones de <a href=\"https:\/\/www.revistavanityfair.es\/articulos\/recomendaciones-literarias-charlotte-casiraghi-2025\" rel=\"nofollow noopener\" target=\"_blank\">su pasi\u00f3n por la escritura y la literatura<\/a> y ahora ha querido colaborar con el neuropsiquiatra <strong>Boris Cyrulnik<\/strong> en un libro. La hija de <a href=\"https:\/\/www.revistavanityfair.es\/articulos\/carolina-de-monaco-hipica-look-saloni-sandalias-plataforma-charlotte-casiraghi-chanel\" rel=\"nofollow noopener\" target=\"_blank\"><strong>Carolina de M\u00f3naco<\/strong><\/a> es la encargada de escribir el pr\u00f3logo de Infancia y Violencia (Ed. Libros del Zorzal), un libro escrito por el especialista franc\u00e9s que adem\u00e1s surgi\u00f3 despu\u00e9s de una conversaci\u00f3n entre el autor y <a href=\"https:\/\/www.revistavanityfair.es\/articulos\/charlotte-casiraghi-recuerda-universidad-filosofia\" rel=\"nofollow noopener\" target=\"_blank\">Carlota Casiraghi<\/a>.<\/p>\n<p>Ese encuentro entre Cyrulnik y la sobrina de <a href=\"https:\/\/www.revistavanityfair.es\/articulos\/alberto-monaco-celebra-20-aniversario-reinado-familia\" rel=\"nofollow noopener\" target=\"_blank\"><strong>Alberto de M\u00f3naco<\/strong><\/a> se lev\u00f3 a cabo en Principado en el marco de Los encuentros filos\u00f3ficos del a\u00f1o 2017 y fue en esa charla entre <a href=\"https:\/\/www.revistavanityfair.es\/articulos\/charlotte-casiraghi-escritor-nicolas-mathieu-relacion\" rel=\"nofollow noopener\" target=\"_blank\">Charlotte<\/a> y Boris cuando el neuropsiquiatra se decidi\u00f3 a escribir este libro. \u201cEn su extraordinario trabajo con ni\u00f1os, Boris Cyrulnik ha recurrido a la biolog\u00eda, la etnolog\u00eda, la antropolog\u00eda, el psicoan\u00e1lisis, la filosof\u00eda, la literatura, la sociolog\u00eda, la religi\u00f3n y la historia y ha recopilado todos los datos valiosos que pueden ayudarnos a pensar y <strong>comprender mejor los recursos de que disponen los ni\u00f1os para superar la violencia<\/strong>\u201d, explica <a href=\"https:\/\/www.revistavanityfair.es\/articulos\/baile-de-la-rosa-monaco-cronica-carolina-charlotte-casiraghi-alexandra-hannover-princesa-charlene\" rel=\"nofollow noopener\" target=\"_blank\">Casiraghi<\/a> en un p\u00e1rrafo del pr\u00f3logo que ella ha escrito.<\/p>\n<p><img decoding=\"async\" alt=\"Charlotte Casiraghi tiene nuevo proyecto literario sus palabras sobre el libro del neuropsiquiatra Boris Cyrulnik\" loading=\"lazy\" class=\"ResponsiveImageContainer-eNxvmU cfBbTk responsive-image__image\"   src=\"https:\/\/www.europesays.com\/es\/wp-content\/uploads\/2025\/10\/unnamed%20(2).jpg\"\/><\/p>\n<p>Tanto el autor como la propia <strong><a href=\"https:\/\/www.revistavanityfair.es\/articulos\/charlotte-casiraghi-pendientes-art-deco-carolina-monaco-baile-de-la-rosa\" rel=\"nofollow noopener\" target=\"_blank\">Charlotte Casiraghi<\/a> visitar\u00e1n Madrid el pr\u00f3ximo 6 de noviembr<\/strong>e para presentar este libro dentro de un coloquio que estar\u00e1 moderado por <strong>Leopoldo Kulesz, matem\u00e1tico, editor y traductor.<\/strong> El neuropsiquiatra Boris Cyrulnik es conocido sobre todo por promover el concepto de resiliencia o c\u00f3mo renacer del sufrimiento. Ha escrito varios libros que abordan el tratamiento de los ni\u00f1os traumatizados, movido por su propia experiencia como superviviente de la ocupaci\u00f3n durante <strong>la Segunda Guerra Mundial.<\/strong><\/p>\n","protected":false},"excerpt":{"rendered":"Charlotte Casiraghi ha hablado en varias ocasiones de su pasi\u00f3n por la escritura y la literatura y ahora&hellip;\n","protected":false},"author":2,"featured_media":173818,"comment_status":"","ping_status":"","sticky":false,"template":"","format":"standard","meta":{"footnotes":""},"categories":[172],"tags":[224,17328,5324,146,147,25,24,35386,225,23],"class_list":{"0":"post-173817","1":"post","2":"type-post","3":"status-publish","4":"format-standard","5":"has-post-thumbnail","7":"category-libros","8":"tag-books","9":"tag-carlota-casiraghi","10":"tag-carolina-de-monaco","11":"tag-entertainment","12":"tag-entretenimiento","13":"tag-es","14":"tag-espana","15":"tag-familia-real-de-monaco","16":"tag-libros","17":"tag-spain"},"share_on_mastodon":{"url":"","error":""},"_links":{"self":[{"href":"https:\/\/www.europesays.com\/es\/wp-json\/wp\/v2\/posts\/173817","targetHints":{"allow":["GET"]}}],"collection":[{"href":"https:\/\/www.europesays.com\/es\/wp-json\/wp\/v2\/posts"}],"about":[{"href":"https:\/\/www.europesays.com\/es\/wp-json\/wp\/v2\/types\/post"}],"author":[{"embeddable":true,"href":"https:\/\/www.europesays.com\/es\/wp-json\/wp\/v2\/users\/2"}],"replies":[{"embeddable":true,"href":"https:\/\/www.europesays.com\/es\/wp-json\/wp\/v2\/comments?post=173817"}],"version-history":[{"count":0,"href":"https:\/\/www.europesays.com\/es\/wp-json\/wp\/v2\/posts\/173817\/revisions"}],"wp:featuredmedia":[{"embeddable":true,"href":"https:\/\/www.europesays.com\/es\/wp-json\/wp\/v2\/media\/173818"}],"wp:attachment":[{"href":"https:\/\/www.europesays.com\/es\/wp-json\/wp\/v2\/media?parent=173817"}],"wp:term":[{"taxonomy":"category","embeddable":true,"href":"https:\/\/www.europesays.com\/es\/wp-json\/wp\/v2\/categories?post=173817"},{"taxonomy":"post_tag","embeddable":true,"href":"https:\/\/www.europesays.com\/es\/wp-json\/wp\/v2\/tags?post=173817"}],"curies":[{"name":"wp","href":"https:\/\/api.w.org\/{rel}","templated":true}]}}