{"id":173819,"date":"2025-10-13T11:43:11","date_gmt":"2025-10-13T11:43:11","guid":{"rendered":"https:\/\/www.europesays.com\/es\/173819\/"},"modified":"2025-10-13T11:43:11","modified_gmt":"2025-10-13T11:43:11","slug":"la-promesa-avance-del-capitulo-de-hoy-lunes-13-de-octubre-enora-no-piensa-en-la-boda-sino-en-una-extrana-llamada-telefonica-el-mundo","status":"publish","type":"post","link":"https:\/\/www.europesays.com\/es\/173819\/","title":{"rendered":"&#039;La Promesa&#039;, avance del cap\u00edtulo de hoy lunes 13 de octubre: Enora no piensa en la boda, sino en una extra\u00f1a llamada telef\u00f3nica &#8211; El Mundo"},"content":{"rendered":"<ol>\n<li><a href=\"https:\/\/news.google.com\/rss\/articles\/CBMiiAFBVV95cUxNc0JLNm01RnIzLWhuZHI0bm45a3hPbHBTblB6cy1aX2NtU0ktbWpWeWFjcXpqczlCQlJZVFgySDNjVTZSZjdMTmE5elgzdnN6Qk56RVVWbFVMYU9ld0EzRkgyWXZfWFZ0ZlExeC1pX3NxLWdCdkpleHpDZVAzVHY1aWdkcWVvdzM00gGIAUFVX3lxTFBtNk1xQUpFMzZ2aTdjT2V1bHpUb0xsRnQtSVZXeDZmS1Q5UGloRzRGYlhHZnNiT3UxVWwyMEl4ZW1sWHRHNFUtMDRnRnMtNTVXZ1ZWdFhTWTlDdkNjeTlRTUNJbGhjWER5eVMtT3NWRWNva3UtbngzeFRZZkNoNmlOMGFaU285Q3Q?oc=5\" target=\"_blank\" rel=\"nofollow noopener\">&#8216;La Promesa&#8217;, avance del cap\u00edtulo de hoy lunes 13 de octubre: Enora no piensa en la boda, sino en una extra\u00f1a llamada telef\u00f3nica<\/a>&nbsp;&nbsp;El Mundo<\/li>\n<li><a href=\"https:\/\/news.google.com\/rss\/articles\/CBMixwFBVV95cUxQaGlfNzJ1TGtXOUo0cnF6bWdiblRQa1Z2Z0ZBeU1yR1JzczhhOU9aVEhyQU9UTHlUVldKTjNMYnBMVWlINEx4QXZqbnZhZk1wVnlGb1N5TnNZcS1rSFY3NVF2UFFzbTNzakRLOHlkT2pyY3R0OS1BQzEyNjRxazNWMWN6bkNuMDhNbEtzWno5MWI3QmpqNW52U1ZYazlFT2dlc1FBOGVCQktmYzhxcFBTZjNuUElUZG9BSFlxNVFYZXh3X1hqSWlR?oc=5\" target=\"_blank\" rel=\"nofollow noopener\">Avance semanal de &#8216;La Promesa&#8217;: una carta de Catalina, una sospechosa desaparici\u00f3n y un tercer pretendiente para \u00c1ngela<\/a>&nbsp;&nbsp;El Confidencial<\/li>\n<li><a href=\"https:\/\/news.google.com\/rss\/articles\/CBMipwFBVV95cUxQUXRZbElyd2tRT0dCVzBodE5aNUlqYkU1S2Q3cHBTaU9wMC1iNjUtcE9Fb05seWVud3F4Q1Y3X3YyQWIxa2J1NHZwVnF2VVNWNEZ5TnNOSnk2S2Mxb3pBRVdYSzdXcFhxSDhvTy16U0NOdkFTODhFUFFRV3VLSnNKaDhnVEhCT05Sd1dfUGU2dU40enlPR29hb3hTdUVaQWwzdG1felBhNA?oc=5\" target=\"_blank\" rel=\"nofollow noopener\">Avance del cap\u00edtulo 695 de &#8216;La Promesa&#8217;: \u00bfQui\u00e9n est\u00e1 tras el tel\u00e9fono?<\/a>&nbsp;&nbsp;La Vanguardia<\/li>\n<li><a href=\"https:\/\/news.google.com\/rss\/articles\/CBMiiAFBVV95cUxNaXhicXN1YlJ6OTloZDhXa1lMWDRLa3V6RnJCUTNXcC1VZmJma2VWdDVTeTVneTRjOVVEbTNUdHN0QTRxRWZDa2FBYThwX1owb0ZIRURKYjJDb3JlZG1SRkx5ckFRNVBlTmNOZEFxclpDbWtYdC01MDNsbUN1TGt5LWRxRUFoNThm0gGIAUFVX3lxTE1UTGduNEh1SkF3WXhRMUMwQ1dUOG84c0kwTFk5Y2U3NWJiWGJWNHJ4NmhLQk1uemd6VUlpNXVHZElreXJrbXZyZVBiTkxVazA2WDk3UV81UHZFNzgwX2t1MGpHMDlQc3V0MkFXZ3g1RlVSTFRtSm8zak9TbW5XODhtLUJZNFlsV3I?oc=5\" target=\"_blank\" rel=\"nofollow noopener\">Avance semanal de &#8216;La Promesa&#8217; del 13 al 17 de octubre: \u00c1ngela conecta con el amigo de Jacobo, pero sigue prometida<\/a>&nbsp;&nbsp;El Mundo<\/li>\n<li><a href=\"https:\/\/news.google.com\/rss\/articles\/CBMiuwFBVV95cUxPeDM4TjlSQmgxdkVUdDZ2eWhNYWRWeDJLaUstS1Q5SVZ5LWJRWm1DZVBaQ1d4SHVSRk5KU2FEUDY4YTZvbXNQajY5a1B3UWFMOGVjdVp6SlJHM3d4TWM3bmdvY241ZXNOUzgtdGo0RVc2cTNER3JXMFdSdzNjdll5a1FfZFdxZUJ5a1B5em96ZTcxMG14RDdEQXUxLW5zNWFtWjJ6SzJIb3JmY3UzVFhmU2VLSmtEZVpFRFl30gHAAUFVX3lxTE1MX08taDFMVVlHckVpaDR3OWJTMEFreHY5RUtNRExOUkUyUXkybk1CTXh4MWRjR21zZmFrYllUOEFFbFNoMmJyb1I1NmxTemZfQThxWDJXMGp4ajJqWjhBdVdUTnJxN29vYnRfelhBUFFnLWxZbkl1M19Lc3lncTJMYTljS1lvUy1hRF9HLUxhX2txR2FOcXdkbDdvRXNaY0pKRW0xYWZiR3NOOUdkWDJoU2pwbXpXX3pjMm1CRnVicQ?oc=5\" target=\"_blank\" rel=\"nofollow noopener\">Avance del cap\u00edtulo 695 de &#8216;La Promesa&#8217; del lunes, 13 de octubre: emotiva despedida de Ricardo con P\u00eda<\/a>&nbsp;&nbsp;El Confidencial<\/li>\n<\/ol>\n","protected":false},"excerpt":{"rendered":"&#8216;La Promesa&#8217;, avance del cap\u00edtulo de hoy lunes 13 de octubre: Enora no piensa en la boda, sino&hellip;\n","protected":false},"author":2,"featured_media":173820,"comment_status":"","ping_status":"","sticky":false,"template":"","format":"standard","meta":{"footnotes":""},"categories":[171],"tags":[11030,146,147,25,24,11031,805,23,807,11029,6761,214],"class_list":{"0":"post-173819","1":"post","2":"type-post","3":"status-publish","4":"format-standard","5":"has-post-thumbnail","7":"category-tv","8":"tag-cineseries","9":"tag-entertainment","10":"tag-entretenimiento","11":"tag-es","12":"tag-espana","13":"tag-la-promesa","14":"tag-series","15":"tag-spain","16":"tag-television","17":"tag-television-series","18":"tag-tresb","19":"tag-tv"},"share_on_mastodon":{"url":"","error":""},"_links":{"self":[{"href":"https:\/\/www.europesays.com\/es\/wp-json\/wp\/v2\/posts\/173819","targetHints":{"allow":["GET"]}}],"collection":[{"href":"https:\/\/www.europesays.com\/es\/wp-json\/wp\/v2\/posts"}],"about":[{"href":"https:\/\/www.europesays.com\/es\/wp-json\/wp\/v2\/types\/post"}],"author":[{"embeddable":true,"href":"https:\/\/www.europesays.com\/es\/wp-json\/wp\/v2\/users\/2"}],"replies":[{"embeddable":true,"href":"https:\/\/www.europesays.com\/es\/wp-json\/wp\/v2\/comments?post=173819"}],"version-history":[{"count":0,"href":"https:\/\/www.europesays.com\/es\/wp-json\/wp\/v2\/posts\/173819\/revisions"}],"wp:featuredmedia":[{"embeddable":true,"href":"https:\/\/www.europesays.com\/es\/wp-json\/wp\/v2\/media\/173820"}],"wp:attachment":[{"href":"https:\/\/www.europesays.com\/es\/wp-json\/wp\/v2\/media?parent=173819"}],"wp:term":[{"taxonomy":"category","embeddable":true,"href":"https:\/\/www.europesays.com\/es\/wp-json\/wp\/v2\/categories?post=173819"},{"taxonomy":"post_tag","embeddable":true,"href":"https:\/\/www.europesays.com\/es\/wp-json\/wp\/v2\/tags?post=173819"}],"curies":[{"name":"wp","href":"https:\/\/api.w.org\/{rel}","templated":true}]}}