{"id":173825,"date":"2025-10-13T11:46:09","date_gmt":"2025-10-13T11:46:09","guid":{"rendered":"https:\/\/www.europesays.com\/es\/173825\/"},"modified":"2025-10-13T11:46:09","modified_gmt":"2025-10-13T11:46:09","slug":"dani-olmo-duda-para-el-clasico-por-una-lesion-en-el-gemelo","status":"publish","type":"post","link":"https:\/\/www.europesays.com\/es\/173825\/","title":{"rendered":"Dani Olmo, Duda Para El Cl\u00e1sico Por Una Lesi\u00f3n En El Gemelo"},"content":{"rendered":"<p data-type=\"paragraph\" data=\"[object Object]\">El centrocampista del Barcelona Dani Olmo es duda para el pr\u00f3ximo Cl\u00e1sico de LaLiga contra el Real Madrid del pr\u00f3ximo 26 de octubre tras serle diagnosticado una lesi\u00f3n en el gemelo de la pierna izquierda, inform\u00f3 el club azulgrana este lunes.<\/p>\n<p data-type=\"paragraph\" data=\"[object Object]\" class=\"emotion-1akm6h5-Paragraph e1e4oisd0\">\u00abOlmo\u00a0sufre una lesi\u00f3n muscular en el s\u00f3leo de la pierna izquierda, sin afectaci\u00f3n conectiva\u00bb, inform\u00f3 la entidad en un comunicado, sin especificar el tiempo de recuperaci\u00f3n.<\/p>\n<p data-type=\"paragraph\" data=\"[object Object]\" class=\"emotion-1akm6h5-Paragraph e1e4oisd0\">Los medios espa\u00f1oles informaron de que Olmo podr\u00eda estar de baja unas dos semanas, lo que deja en inc\u00f3gnita su participaci\u00f3n ante el Real Madrid en el Santiago Bernab\u00e9u el 26 de octubre.<\/p>\n<p data-type=\"paragraph\" data=\"[object Object]\" class=\"emotion-1akm6h5-Paragraph e1e4oisd0\">Olmo abandon\u00f3 el viernes la concentraci\u00f3n de la selecci\u00f3n espa\u00f1ola debido a la lesi\u00f3n.<\/p>\n<p data-type=\"paragraph\" data=\"[object Object]\" class=\"emotion-1akm6h5-Paragraph e1e4oisd0\">Y, este lunes, la federaci\u00f3n espa\u00f1ola anunci\u00f3 que el delantero del Bar\u00e7a, Ferran Torres, hac\u00eda lo mismo por molestias musculares, tras disputar todo el partido en la victoria de la Roja ante Georgia (2-0) el s\u00e1bado en Elche.<\/p>\n<p data-type=\"paragraph\" data=\"[object Object]\" class=\"emotion-1akm6h5-Paragraph e1e4oisd0\">El atacante valenciano fue \u00abdiagnosticado con una sobrecarga muscular sin lesi\u00f3n anat\u00f3mica asociada\u00bb, indic\u00f3 la federaci\u00f3n espa\u00f1ola, por lo que se perder\u00e1 el partido clasificatorio para el Mundial 2026 contra Bulgaria el martes.<\/p>\n","protected":false},"excerpt":{"rendered":"El centrocampista del Barcelona Dani Olmo es duda para el pr\u00f3ximo Cl\u00e1sico de LaLiga contra el Real Madrid&hellip;\n","protected":false},"author":2,"featured_media":173826,"comment_status":"","ping_status":"","sticky":false,"template":"","format":"standard","meta":{"footnotes":""},"categories":[93],"tags":[168,25,14196,24,14195,23,167,116],"class_list":{"0":"post-173825","1":"post","2":"type-post","3":"status-publish","4":"format-standard","5":"has-post-thumbnail","7":"category-deportes","8":"tag-deportes","9":"tag-es","10":"tag-esp","11":"tag-espana","12":"tag-fbl","13":"tag-spain","14":"tag-sports","15":"tag-synd"},"share_on_mastodon":{"url":"","error":""},"_links":{"self":[{"href":"https:\/\/www.europesays.com\/es\/wp-json\/wp\/v2\/posts\/173825","targetHints":{"allow":["GET"]}}],"collection":[{"href":"https:\/\/www.europesays.com\/es\/wp-json\/wp\/v2\/posts"}],"about":[{"href":"https:\/\/www.europesays.com\/es\/wp-json\/wp\/v2\/types\/post"}],"author":[{"embeddable":true,"href":"https:\/\/www.europesays.com\/es\/wp-json\/wp\/v2\/users\/2"}],"replies":[{"embeddable":true,"href":"https:\/\/www.europesays.com\/es\/wp-json\/wp\/v2\/comments?post=173825"}],"version-history":[{"count":0,"href":"https:\/\/www.europesays.com\/es\/wp-json\/wp\/v2\/posts\/173825\/revisions"}],"wp:featuredmedia":[{"embeddable":true,"href":"https:\/\/www.europesays.com\/es\/wp-json\/wp\/v2\/media\/173826"}],"wp:attachment":[{"href":"https:\/\/www.europesays.com\/es\/wp-json\/wp\/v2\/media?parent=173825"}],"wp:term":[{"taxonomy":"category","embeddable":true,"href":"https:\/\/www.europesays.com\/es\/wp-json\/wp\/v2\/categories?post=173825"},{"taxonomy":"post_tag","embeddable":true,"href":"https:\/\/www.europesays.com\/es\/wp-json\/wp\/v2\/tags?post=173825"}],"curies":[{"name":"wp","href":"https:\/\/api.w.org\/{rel}","templated":true}]}}