{"id":173839,"date":"2025-10-13T11:53:19","date_gmt":"2025-10-13T11:53:19","guid":{"rendered":"https:\/\/www.europesays.com\/es\/173839\/"},"modified":"2025-10-13T11:53:19","modified_gmt":"2025-10-13T11:53:19","slug":"dia-de-las-escritoras-portal-de-educacion-de-la-junta-de-comunidades-de-castilla","status":"publish","type":"post","link":"https:\/\/www.europesays.com\/es\/173839\/","title":{"rendered":"D\u00eda de las Escritoras | Portal de Educaci\u00f3n de la Junta de Comunidades de Castilla"},"content":{"rendered":"<p class=\"cmParagraph\"><a rel=\"prettyPhoto[title=&quot;Cartel D\u00eda de las Escritoras&quot;][description=&quot;Cartel D\u00eda de las Escritoras&quot;][width=&quot;2000&quot;][height=&quot;2829&quot;][type=&quot;image&quot;] nofollow noopener\" href=\"https:\/\/www.educa.jccm.es\/en\/dia-escritoras-2025.files\/s,1085393-CARTEL DIA DE LAS ESCRITORAS.jpg\" class=\"cmZoomedImageLink cmEmbedImageright\" target=\"_blank\"><img loading=\"lazy\" decoding=\"async\" src=\"https:\/\/www.europesays.com\/es\/wp-content\/uploads\/2025\/10\/1085392-thumb_CARTEL DIA DE LAS ESCRITORAS0.0263067594827665064538720475002816805.jpg\" class=\"cmContentImageLink\" width=\"350\" height=\"495\" alt=\"Cartel D\u00eda de las Escritoras\" \/><\/a>La Consejer\u00eda de Educaci\u00f3n, Cultura y Deporte de Castilla-La Mancha se ha sumado a la celebraci\u00f3n del D\u00eda de las Escritoras, iniciada en el a\u00f1o 2016 por la Biblioteca Nacional de Espa\u00f1a, junto con la Federaci\u00f3n Espa\u00f1ola de Mujeres Directivas, Ejecutivas, Profesionales y Empresarias (FEDEPE) y la Asociaci\u00f3n Cl\u00e1sicas y Modernas. Esta se lleva a cabo anualmente el lunes m\u00e1s pr\u00f3ximo al 15 de octubre, fecha que recuerda el fallecimiento de Santa Teresa de Jes\u00fas.<\/p>\n<p class=\"cmParagraph\">El objetivo es reconocer y poner en valor el trabajo y la herencia literaria de las mujeres, quienes con frecuencia han sido invisibilizadas en la historia.<\/p>\n<p class=\"cmParagraph\">En este contexto, desde la Unidad de Igualdad de G\u00e9nero presentamos este dossier recopilatorio, tomando como referencia la selecci\u00f3n bibliogr\u00e1fica realizada por el proyecto Women\u2019s Legacy y te invitamos a conocer grandes escritoras a lo largo de la historia.<\/p>\n<p class=\"cmParagraph\">El material re\u00fane una selecci\u00f3n de autoras y de sus obras de nuestro pa\u00eds y de diferentes pa\u00edses de Europa. Asimismo, la iniciativa tiene como prop\u00f3sito realizar, cada a\u00f1o, un recopilatorio que integre autoras y obras de otros continentes, culturas y \u00e9pocas, ampliando al mismo tiempo las referencias europeas. De este modo, se busca reflejar la pluralidad y diversidad de voces femeninas que han producido obras significativas y han contribuido de manera relevante al desarrollo de la literatura.<\/p>\n<p class=\"cmParagraph\">La finalidad es fomentar la curiosidad, la reflexi\u00f3n y la investigaci\u00f3n, y dar a conocer a escritoras que han estado presentes a lo largo de la historia, as\u00ed como promover que sus obras y contribuciones formen parte del relato hist\u00f3rico.<\/p>\n","protected":false},"excerpt":{"rendered":"La Consejer\u00eda de Educaci\u00f3n, Cultura y Deporte de Castilla-La Mancha se ha sumado a la celebraci\u00f3n del D\u00eda&hellip;\n","protected":false},"author":2,"featured_media":173840,"comment_status":"","ping_status":"","sticky":false,"template":"","format":"standard","meta":{"footnotes":""},"categories":[5],"tags":[17,18,4091,2026,25,24,13,14,11,2024,19,20,9,10,15,16,23,12,21,22],"class_list":{"0":"post-173839","1":"post","2":"type-post","3":"status-publish","4":"format-standard","5":"has-post-thumbnail","7":"category-titulares","8":"tag-breaking-news","9":"tag-breakingnews","10":"tag-castilla-la-mancha","11":"tag-educacion","12":"tag-es","13":"tag-espana","14":"tag-featured-news","15":"tag-featurednews","16":"tag-headlines","17":"tag-junta","18":"tag-latest-news","19":"tag-latestnews","20":"tag-news","21":"tag-noticias","22":"tag-noticias-destacadas","23":"tag-noticiasdestacadas","24":"tag-spain","25":"tag-titulares","26":"tag-ultimas-noticias","27":"tag-ultimasnoticias"},"share_on_mastodon":{"url":"","error":""},"_links":{"self":[{"href":"https:\/\/www.europesays.com\/es\/wp-json\/wp\/v2\/posts\/173839","targetHints":{"allow":["GET"]}}],"collection":[{"href":"https:\/\/www.europesays.com\/es\/wp-json\/wp\/v2\/posts"}],"about":[{"href":"https:\/\/www.europesays.com\/es\/wp-json\/wp\/v2\/types\/post"}],"author":[{"embeddable":true,"href":"https:\/\/www.europesays.com\/es\/wp-json\/wp\/v2\/users\/2"}],"replies":[{"embeddable":true,"href":"https:\/\/www.europesays.com\/es\/wp-json\/wp\/v2\/comments?post=173839"}],"version-history":[{"count":0,"href":"https:\/\/www.europesays.com\/es\/wp-json\/wp\/v2\/posts\/173839\/revisions"}],"wp:featuredmedia":[{"embeddable":true,"href":"https:\/\/www.europesays.com\/es\/wp-json\/wp\/v2\/media\/173840"}],"wp:attachment":[{"href":"https:\/\/www.europesays.com\/es\/wp-json\/wp\/v2\/media?parent=173839"}],"wp:term":[{"taxonomy":"category","embeddable":true,"href":"https:\/\/www.europesays.com\/es\/wp-json\/wp\/v2\/categories?post=173839"},{"taxonomy":"post_tag","embeddable":true,"href":"https:\/\/www.europesays.com\/es\/wp-json\/wp\/v2\/tags?post=173839"}],"curies":[{"name":"wp","href":"https:\/\/api.w.org\/{rel}","templated":true}]}}