{"id":173843,"date":"2025-10-13T11:55:09","date_gmt":"2025-10-13T11:55:09","guid":{"rendered":"https:\/\/www.europesays.com\/es\/173843\/"},"modified":"2025-10-13T11:55:09","modified_gmt":"2025-10-13T11:55:09","slug":"el-toreo-sigue-glorieta-digital-paco-canamero","status":"publish","type":"post","link":"https:\/\/www.europesays.com\/es\/173843\/","title":{"rendered":"El toreo sigue | Glorieta Digital \u2013 Paco Ca\u00f1amero"},"content":{"rendered":"<p><a href=\"https:\/\/www.europesays.com\/es\/wp-content\/uploads\/2025\/10\/7e43183aa569fccc74bc2234eaa92ccc254f8526312bf5b6e65b39a4e6573410-750x536-1.jpg\"><img fetchpriority=\"high\" decoding=\"async\" width=\"750\" height=\"536\" src=\"https:\/\/www.europesays.com\/es\/wp-content\/uploads\/2025\/10\/7e43183aa569fccc74bc2234eaa92ccc254f8526312bf5b6e65b39a4e6573410-750x536-1.jpg\" alt=\"\" class=\"wp-image-8859\"  \/><\/a><\/p>\n<p>Tambi\u00e9n se fueron Lagartijo y El Guerra, m\u00e1s tarde Juan Belmonte y Domingo Ortega, que fueron grandiosos y mandones de su \u00e9poca. Se fue Pepe Luis y despu\u00e9s Luis Miguel, tambi\u00e9n Antonio Ord\u00f3\u00f1ez, al igual que despu\u00e9s Puerta, El Viti o Camino. Y a todos los grandes les lleg\u00f3 la bandera ajedrezada, hasta Jos\u00e9 Tom\u00e1s un buen d\u00eda dej\u00f3 de anunciarse. Y tantos otros y la Fiesta sigui\u00f3, con a\u00f1oranza a los grandes, eso s\u00ed, pero esperanzados con las nuevas ilusiones que iban subiendo pelda\u00f1os en la escalera del toreo. Unos se retiraron al llegar su momento, como ayer ten\u00eda previsto Roble\u00f1o y Morante, sin previo aviso se anticip\u00f3 y agu\u00f3 la tarde del madrile\u00f1o, pero en otros casos fue de manera tr\u00e1gica y parec\u00eda que todo hab\u00eda llegado a su fin. Un d\u00eda un toro mat\u00f3 a Joselito en Talavera y Guerrita envi\u00f3 un telegrama que dec\u00eda: \u00a1\u201cSe acab\u00f3 la Fiesta\u201d! Lo mismo ocurri\u00f3 con Manolete, en Linares y qued\u00f3 un vaci\u00f3 que nadie lleg\u00f3, hasta que unos a\u00f1os m\u00e1s tarde Julio Aparicio y El Litri, con su irrupci\u00f3n quitaron el luto. \u00a0<\/p>\n<p>Hoy se llora la marcha de Morante, quien ha pasado a ser leyenda es inspira a los poetas, pero pronto llegar\u00e1 un nuevo rey a la Fiesta. Aunque nunca olvidemos al de La Puebla del R\u00edo. Hoy tenemos toreros con condiciones magn\u00edficas, como Juan Ortega, un genio y claro aspirante a sentarse en ese trono que ahora est\u00e1 vac\u00edo y sin dejar de lado al sevillano Pablo Aguado, exquisito, aunque muchas veces falto de fuelle. No olvidemos a Roca Rey, el otro guerrero que llena las taquillas y ver qu\u00e9 puede dar de s\u00ed en el inmediato futuro tras algunas dudas dejadas la finalizada campa\u00f1a. Incluso hay varios chavales j\u00f3venes que atesoran un excelente porvenir, siempre y cuando su cocci\u00f3n en la olla del toreo sigue siendo la ideal, como el caso de V\u00edctor Hern\u00e1ndez, a quien en 2026 se espera como al agua de mayo.<\/p>\n<p>Es tambi\u00e9n un buen momento para que las empresas apuesten por una cantera y tambi\u00e9n, muy necesario, que sigan el camino de Morante y Roble\u00f1o otra media docena de veteranos que contin\u00faan en las ferias y ya hace tiempo nada aportan al toreo, pero siguen por el sistema empresarial que los representa.<\/p>\n<p>Y ahora el toreo, como la vida sigue, pero eso si hacen faltan muchos ajustes y las grandes empresas deben ponerse las pilas y dejar de preocuparse \u00fanicamente de recoger, sin apostar por el futuro. Por otro lado, es muy halagadora la corriente de aire fresco que ha tra\u00eddo la llegada de la chavaler\u00eda y de ellos es el futuro, pero tambi\u00e9n hay que hacerle ver que el torero es grandeza y debe respetarse la liturgia. No son de recibo las salidas en hombros destroz\u00e1ndole el traje de luces; de hecho, podemos ver fotos de \u00e9pocas pasadas y los toreros que se hab\u00edan ganado ese honor ni se despojaban de los machos, porque esas salidas eran para aplaudirlo y admirarlo, jam\u00e1s para convertirlo en una tortura.<\/p>\n<p>Lo dicho la vida sigue y el toreo tambi\u00e9n.<\/p>\n<p><a href=\"https:\/\/www.glorietadigital.es\/wp-content\/uploads\/2025\/10\/68ec8ffac16b4.webp\" rel=\"nofollow noopener\" target=\"_blank\"><img loading=\"lazy\" decoding=\"async\" width=\"660\" height=\"440\" src=\"https:\/\/www.glorietadigital.es\/wp-content\/uploads\/2025\/10\/68ec8ffac16b4.webp\" alt=\"\" class=\"wp-image-8860\"  \/><\/a><\/p>\n","protected":false},"excerpt":{"rendered":"Tambi\u00e9n se fueron Lagartijo y El Guerra, m\u00e1s tarde Juan Belmonte y Domingo Ortega, que fueron grandiosos y&hellip;\n","protected":false},"author":2,"featured_media":173844,"comment_status":"","ping_status":"","sticky":false,"template":"","format":"standard","meta":{"footnotes":""},"categories":[277],"tags":[373,168,25,24,23,167,374],"class_list":{"0":"post-173843","1":"post","2":"type-post","3":"status-publish","4":"format-standard","5":"has-post-thumbnail","7":"category-toreo","8":"tag-bullfighting","9":"tag-deportes","10":"tag-es","11":"tag-espana","12":"tag-spain","13":"tag-sports","14":"tag-toreo"},"share_on_mastodon":{"url":"","error":""},"_links":{"self":[{"href":"https:\/\/www.europesays.com\/es\/wp-json\/wp\/v2\/posts\/173843","targetHints":{"allow":["GET"]}}],"collection":[{"href":"https:\/\/www.europesays.com\/es\/wp-json\/wp\/v2\/posts"}],"about":[{"href":"https:\/\/www.europesays.com\/es\/wp-json\/wp\/v2\/types\/post"}],"author":[{"embeddable":true,"href":"https:\/\/www.europesays.com\/es\/wp-json\/wp\/v2\/users\/2"}],"replies":[{"embeddable":true,"href":"https:\/\/www.europesays.com\/es\/wp-json\/wp\/v2\/comments?post=173843"}],"version-history":[{"count":0,"href":"https:\/\/www.europesays.com\/es\/wp-json\/wp\/v2\/posts\/173843\/revisions"}],"wp:featuredmedia":[{"embeddable":true,"href":"https:\/\/www.europesays.com\/es\/wp-json\/wp\/v2\/media\/173844"}],"wp:attachment":[{"href":"https:\/\/www.europesays.com\/es\/wp-json\/wp\/v2\/media?parent=173843"}],"wp:term":[{"taxonomy":"category","embeddable":true,"href":"https:\/\/www.europesays.com\/es\/wp-json\/wp\/v2\/categories?post=173843"},{"taxonomy":"post_tag","embeddable":true,"href":"https:\/\/www.europesays.com\/es\/wp-json\/wp\/v2\/tags?post=173843"}],"curies":[{"name":"wp","href":"https:\/\/api.w.org\/{rel}","templated":true}]}}