{"id":173850,"date":"2025-10-13T12:01:15","date_gmt":"2025-10-13T12:01:15","guid":{"rendered":"https:\/\/www.europesays.com\/es\/173850\/"},"modified":"2025-10-13T12:01:15","modified_gmt":"2025-10-13T12:01:15","slug":"san-antonio-lider-y-bosco-merida-los-dos-extremenos-invictos","status":"publish","type":"post","link":"https:\/\/www.europesays.com\/es\/173850\/","title":{"rendered":"San Antonio, l\u00edder, y Bosco M\u00e9rida, los dos extreme\u00f1os invictos"},"content":{"rendered":"<p class=\"ft-text\">Acab\u00f3 la segunda jornada del subgrupo D-B de la Tercera FEB y <strong>dos conjuntos extreme\u00f1os, el San Antonio C\u00e1ceres y el Bosco M\u00e9rida Patrimonio de la Humanidad, marchan en el grupo de cabeza con dos victorias en dos encuentros.<\/strong> <strong>El filial del C\u00e1ceres, segundo, va por delante gracias al \u2018average\u2019 general. <\/strong>Ambos ganaron respectivamente a Baublock Gymn\u00e1stica (82-96) y V\u00edtaly La Mar BCBadajoz (87-84).<\/p>\n<p class=\"ft-text\">En el otro polo est\u00e1 <strong>el Lithium Iberia Sagrado<\/strong>, derrotado en casa por el Huelva Comercio (80-96) y que todav\u00eda no ha ganado, ocupando el duod\u00e9cimo puesto.<\/p>\n<p class=\"ft-mol-related__header\">Noticias relacionadas y m\u00e1s<\/p>\n<p class=\"ft-text\">En zona templada con un balance de 1-1 est\u00e1n <strong>Hache Publicidad Moraleja y CBA Spain,<\/strong> que se impusieron a San Fernando (67-74) y Alcal\u00e1 Caja 87 (75-71).<\/p>\n<p><a id=\"comments\" name=\"comments\" title=\"\" class=\"ft-anchor ft-anchor--absolute ft-helper-spacer-voffset-xlg\" rel=\"\"><\/a><\/p>\n","protected":false},"excerpt":{"rendered":"Acab\u00f3 la segunda jornada del subgrupo D-B de la Tercera FEB y dos conjuntos extreme\u00f1os, el San Antonio&hellip;\n","protected":false},"author":2,"featured_media":173851,"comment_status":"","ping_status":"","sticky":false,"template":"","format":"standard","meta":{"footnotes":""},"categories":[269],"tags":[1247,299,298,39505,168,25,24,5564,7236,2228,23,167,12270],"class_list":{"0":"post-173850","1":"post","2":"type-post","3":"status-publish","4":"format-standard","5":"has-post-thumbnail","7":"category-baloncesto","8":"tag-antonio","9":"tag-baloncesto","10":"tag-basketball","11":"tag-bosco","12":"tag-deportes","13":"tag-es","14":"tag-espana","15":"tag-lider","16":"tag-merida","17":"tag-san","18":"tag-spain","19":"tag-sports","20":"tag-tercera-feb"},"share_on_mastodon":{"url":"","error":""},"_links":{"self":[{"href":"https:\/\/www.europesays.com\/es\/wp-json\/wp\/v2\/posts\/173850","targetHints":{"allow":["GET"]}}],"collection":[{"href":"https:\/\/www.europesays.com\/es\/wp-json\/wp\/v2\/posts"}],"about":[{"href":"https:\/\/www.europesays.com\/es\/wp-json\/wp\/v2\/types\/post"}],"author":[{"embeddable":true,"href":"https:\/\/www.europesays.com\/es\/wp-json\/wp\/v2\/users\/2"}],"replies":[{"embeddable":true,"href":"https:\/\/www.europesays.com\/es\/wp-json\/wp\/v2\/comments?post=173850"}],"version-history":[{"count":0,"href":"https:\/\/www.europesays.com\/es\/wp-json\/wp\/v2\/posts\/173850\/revisions"}],"wp:featuredmedia":[{"embeddable":true,"href":"https:\/\/www.europesays.com\/es\/wp-json\/wp\/v2\/media\/173851"}],"wp:attachment":[{"href":"https:\/\/www.europesays.com\/es\/wp-json\/wp\/v2\/media?parent=173850"}],"wp:term":[{"taxonomy":"category","embeddable":true,"href":"https:\/\/www.europesays.com\/es\/wp-json\/wp\/v2\/categories?post=173850"},{"taxonomy":"post_tag","embeddable":true,"href":"https:\/\/www.europesays.com\/es\/wp-json\/wp\/v2\/tags?post=173850"}],"curies":[{"name":"wp","href":"https:\/\/api.w.org\/{rel}","templated":true}]}}