{"id":173854,"date":"2025-10-13T12:03:17","date_gmt":"2025-10-13T12:03:17","guid":{"rendered":"https:\/\/www.europesays.com\/es\/173854\/"},"modified":"2025-10-13T12:03:17","modified_gmt":"2025-10-13T12:03:17","slug":"el-emotivo-homenaje-de-michael-douglas-a-diane-keaton-guardo-recuerdos-maravillosos","status":"publish","type":"post","link":"https:\/\/www.europesays.com\/es\/173854\/","title":{"rendered":"El emotivo homenaje de Michael Douglas a Diane Keaton: \u00abGuardo recuerdos maravillosos\u00bb"},"content":{"rendered":"<p id=\"esAr-TCQS5\" data-wc=\"66\">Michael Douglas ha compartido un sentido homenaje en sus redes sociales tras conocerse la triste noticia de <a class=\"hm-link ho-link\" href=\"https:\/\/www.hola.com\/actualidad\/20251011861061\/muere-la-actriz-diane-keaton-a-los-79-anos-de-edad\/\" data-mrf-recirculation=\"article-body-link\" rel=\"nofollow noopener\" target=\"_blank\">la muerte de Diane Keaton<\/a>. En su perfil de Instagram, el actor y productor de cine estadounidense, de 81 a\u00f1os, public\u00f3 esta foto de los dos en el set de rodaje de la pel\u00edcula que hicieron juntos, <strong>As\u00ed nos va<\/strong>, sentados uno junto al otro y sonriendo a c\u00e1mara.<\/p>\n<p> <img src=\"https:\/\/www.europesays.com\/es\/wp-content\/uploads\/2025\/10\/57172fd48959-saveclipapp565096525181880681113324332503062082129290164n.jpg\"   width=\"1024\" height=\"768\" loading=\"lazy\" decoding=\"async\" alt=\"Michael Douglas rinde homenaje a Diane Keaton tras su muerte\" fetchpriority=\"auto\" class=\"image ho-image\"\/>\u00a9 michaelkirkdouglas<\/p>\n<p id=\"ezCYAwYtOT\" data-wc=\"58\">\u00abDescansa en paz, mi amiga Diane Keaton. <strong>Una p\u00e9rdida desgarradora de uno de los mayores iconos de nuestra industria<\/strong>. Guardo recuerdos maravillosos del tiempo que compartimos durante el rodaje de As\u00ed nos va, hace ya casi doce a\u00f1os. Env\u00edo mis m\u00e1s sinceras condolencias a la familia Keaton en estos momentos tan dif\u00edciles\u00bb, es el mensaje que ha compartido.<\/p>\n<p> <img src=\"https:\/\/www.europesays.com\/es\/wp-content\/uploads\/2025\/10\/44b14d9aea3e-dlu561718006.jpg\"   width=\"1080\" height=\"1080\" loading=\"lazy\" decoding=\"async\" alt=\"Michael Douglas en la Atlantida Film Festival en Mallorca el 28 de julio de 2024\" fetchpriority=\"auto\" class=\"image ho-image\"\/>\u00a9 GTRES<\/p>\n<p id=\"e1KTw1wDEps\" data-wc=\"37\">En anteriores entrevistas, Michael ya hab\u00eda hablado de la \u00abqu\u00edmica\u00bb que tuvo con Diane durante el rodaje, y no dud\u00f3 en elogiar su faceta como cantante: \u00ab<strong>Tiene una voz preciosa<\/strong>\u00ab, asegur\u00f3. \u00abPero es muy humilde y discreta\u00bb.<\/p>\n<p id=\"eHwDKkGw4BD\" data-wc=\"58\">Por su parte, Diane tambi\u00e9n se refiri\u00f3 en su d\u00eda al actor estadounidense, afirmando que en su madurez le parec\u00eda \u00ab<strong>m\u00e1s atractivo que nunca<\/strong>\u00ab. \u00abPara m\u00ed, nunca ha estado m\u00e1s guapo\u00bb, confes\u00f3 a en una entrevista que concedi\u00f3 a Los Angeles Times\u00a0en 2015. \u00abHa crecido mucho como persona\u00bb, a\u00f1adi\u00f3 sobre el que fuera su compa\u00f1ero de reparto.<\/p>\n<p> <img src=\"https:\/\/www.europesays.com\/es\/wp-content\/uploads\/2025\/10\/3205d188c1f2-gettyimages-1033982190.jpg\"   width=\"1080\" height=\"1080\" loading=\"lazy\" decoding=\"async\" alt=\"Diane Keaton, Michael Douglas, Netflix Chief Content Officer Ted Sarandos y Carol Kane en un evento de Netflix en 2018 en Los Angeles\" fetchpriority=\"auto\" class=\"image ho-image\"\/>\u00a9 Getty ImagesDiane Keaton y Michael Douglas, en 2018<\/p>\n<p id=\"e4VyExEjRGX\" data-wc=\"98\">Diane Keaton falleci\u00f3 el 11 de octubre, a los 79 a\u00f1os. Aunque no se han dado a conocer las causas de su muerte, la actriz hab\u00eda hablado en varias ocasiones de sus problemas de salud, entre ellos el <strong>c\u00e1ncer de piel y un trastorno alimentario<\/strong>. \u00abEs algo que viene de familia\u00bb, revel\u00f3 a Los Angeles Times. \u00abRecuerdo que a mi t\u00eda Martha le tuvieron que extirpar la nariz por un c\u00e1ncer de piel muy agresivo. Mi padre tuvo c\u00e1ncer de piel basal, y mi hermano tambi\u00e9n. Es algo complicado. Por eso hay que usar protector solar siempre\u00bb, afirm\u00f3.<\/p>\n<p id=\"emn8_X15ws2\" data-wc=\"64\">En sus memorias Then Again, Diane confes\u00f3 que hab\u00eda sufrido bulimia en sus veinte a\u00f1os: \u00ab<strong>Dije la verdad. No tengo nada que ocultar<\/strong>. Puede que no sea relevante, pero para m\u00ed fue liberador. Me siento hermana de todas las mujeres \u2014y seguro que tambi\u00e9n de hombres\u2014 que han tenido alg\u00fan trastorno alimentario. Formo parte del mismo equipo\u00bb, explic\u00f3 en 2011 a The Huffington Post.<\/p>\n<p> <img src=\"https:\/\/www.europesays.com\/es\/wp-content\/uploads\/2025\/10\/6486255141a9-gettyimages-451782782.jpg\"   width=\"693\" height=\"1024\" loading=\"lazy\" decoding=\"async\" alt=\"Michael Douglas, Diane Keaton y Rob Reiner en el estreno de &quot;And So It Goes&quot; en East Hampton, New York, el 6 de julio de 2014\" fetchpriority=\"auto\" class=\"image ho-image\"\/>\u00a9 Getty ImagesMichael Douglas, Diane Keaton y Rob Reiner en el estreno de \u00abAs\u00ed nos va\u00bb en Nueva York, el 6 de julio de 2014<\/p>\n<p id=\"eQcEpe90_ju\" data-wc=\"62\">Por el momento, no se han ofrecido m\u00e1s detalles sobre su fallecimiento y su familia ha pedido privacidad. Numerosas celebridades han querido rendirle homenaje. <strong>Reese Witherspoon<\/strong> se emocion\u00f3 al recordarla durante el festival Hello Sunshine Shine Away, celebrado precisamente el s\u00e1bado 11 de octubre. Reese trabaj\u00f3 junto a Diane en la pel\u00edcula Una flor salvaje (1991) y quiso rendirle su particular homenaje.\u00a0<\/p>\n<p id=\"eZ7WsrBTBQmn\" data-wc=\"91\">\u00abDiane fue muy importante para m\u00ed, fue una de mis primeras mentoras en este negocio. Ten\u00eda 15 a\u00f1os y era una chica de Nashville que no conoc\u00eda a nadie. Fue uno de los veranos m\u00e1s importantes de mi vida\u00bb, confes\u00f3 con <strong>la voz entrecortada y los ojos llenos de l\u00e1grimas<\/strong>. \u00abLo que m\u00e1s me gustaba de ella era que era aut\u00e9ntica. Si cierras los ojos y piensas en Diane Keaton, te vienen a la cabeza Annie Hall, El Padrino, Cuando menos te lo esperas\u2026 Era incre\u00edble, inolvidable y, sobre todo, \u00fanica\u00bb.<\/p>\n<p> <img src=\"https:\/\/www.europesays.com\/es\/wp-content\/uploads\/2025\/10\/f306f408db60-gettyimages-693942042.jpg\"   width=\"1080\" height=\"1080\" loading=\"lazy\" decoding=\"async\" alt=\"Reese Witherspoon en el homenaje a Diane Keaton en el Dolby Theatre de Hollywood el 8 de junio de 2017\" fetchpriority=\"auto\" class=\"image ho-image\"\/>\u00a9 Getty ImagesReese Witherspoon en el homenaje a Diane Keaton en el Dolby Theatre de Hollywood el 8 de junio de 2017<\/p>\n<p id=\"eGbWz3s-EIO\" data-wc=\"83\">Tambi\u00e9n la han homenajeado Bette Midler, quien comparti\u00f3 pantalla con Keaton en El club de las primeras esposas (1996); Mia Farrow, que la ha definido como \u00abuna actriz absolutamente maravillosa y una persona excepcional y fascinante\u00bb; Clint Eastwood, Ben Stiller, Kate Hudson, Sofia Bush, Sarah Hyland, Ashley Tisdale, Vanessa Hudgens, Melissa Joan Hart o <strong>Mandy Moore<\/strong>, que tuvo la suerte de trabajar con ella en la pel\u00edcula\u00a0\u00a1Porque lo digo yo!, en 2007, y utiliz\u00f3 sus redes sociales para escribir un cari\u00f1oso mensaje.\u00a0<\/p>\n<p> <img src=\"https:\/\/www.europesays.com\/es\/wp-content\/uploads\/2025\/10\/3cf49372bbc3-screenshot6.jpg\"   width=\"1024\" height=\"800\" loading=\"lazy\" decoding=\"async\" alt=\"Mandy Moore recuerda a Diane Keaton\" fetchpriority=\"auto\" class=\"image ho-image\"\/>\u00a9 mandymooremm<\/p>\n<p id=\"eXdXpocTeU6\" data-wc=\"83\">\u00ab<strong>Dicen que no hay que conocer a tus h\u00e9roes, pero pude trabajar con uno de los m\u00edos e incluso llamarla \u2018mam\u00e1\u2019 durante unos meses<\/strong>. Fue un honor. Qu\u00e9 ser humano tan brillante fuiste y eres, Di&#8230; Estoy tan triste por tu partida&#8230; tambi\u00e9n porque sent\u00ed que estar\u00edas aqu\u00ed para siempre, deslumbr\u00e1ndonos con tu talento y tu encanto (y tu estilo, \u00a1por supuesto!). Una de las mejores de la historia. Todo mi amor para sus hijos y seres queridos\u00bb, escribi\u00f3 la cantante y actriz.<\/p>\n","protected":false},"excerpt":{"rendered":"Michael Douglas ha compartido un sentido homenaje en sus redes sociales tras conocerse la triste noticia de la&hellip;\n","protected":false},"author":2,"featured_media":173855,"comment_status":"","ping_status":"","sticky":false,"template":"","format":"standard","meta":{"footnotes":""},"categories":[174],"tags":[517,255,146,147,25,24,256,15149,23],"class_list":{"0":"post-173854","1":"post","2":"type-post","3":"status-publish","4":"format-standard","5":"has-post-thumbnail","7":"category-famosos","8":"tag-actualidad","9":"tag-celebrities","10":"tag-entertainment","11":"tag-entretenimiento","12":"tag-es","13":"tag-espana","14":"tag-famosos","15":"tag-michael-douglas","16":"tag-spain"},"share_on_mastodon":{"url":"","error":""},"_links":{"self":[{"href":"https:\/\/www.europesays.com\/es\/wp-json\/wp\/v2\/posts\/173854","targetHints":{"allow":["GET"]}}],"collection":[{"href":"https:\/\/www.europesays.com\/es\/wp-json\/wp\/v2\/posts"}],"about":[{"href":"https:\/\/www.europesays.com\/es\/wp-json\/wp\/v2\/types\/post"}],"author":[{"embeddable":true,"href":"https:\/\/www.europesays.com\/es\/wp-json\/wp\/v2\/users\/2"}],"replies":[{"embeddable":true,"href":"https:\/\/www.europesays.com\/es\/wp-json\/wp\/v2\/comments?post=173854"}],"version-history":[{"count":0,"href":"https:\/\/www.europesays.com\/es\/wp-json\/wp\/v2\/posts\/173854\/revisions"}],"wp:featuredmedia":[{"embeddable":true,"href":"https:\/\/www.europesays.com\/es\/wp-json\/wp\/v2\/media\/173855"}],"wp:attachment":[{"href":"https:\/\/www.europesays.com\/es\/wp-json\/wp\/v2\/media?parent=173854"}],"wp:term":[{"taxonomy":"category","embeddable":true,"href":"https:\/\/www.europesays.com\/es\/wp-json\/wp\/v2\/categories?post=173854"},{"taxonomy":"post_tag","embeddable":true,"href":"https:\/\/www.europesays.com\/es\/wp-json\/wp\/v2\/tags?post=173854"}],"curies":[{"name":"wp","href":"https:\/\/api.w.org\/{rel}","templated":true}]}}