{"id":173858,"date":"2025-10-13T12:05:11","date_gmt":"2025-10-13T12:05:11","guid":{"rendered":"https:\/\/www.europesays.com\/es\/173858\/"},"modified":"2025-10-13T12:05:11","modified_gmt":"2025-10-13T12:05:11","slug":"la-feria-del-libro-de-cartagena-vuelve-con-30-casetas-e-invitados-como-javier-cercas-juan-gomez-jurado-y-carlota-perez-reverte","status":"publish","type":"post","link":"https:\/\/www.europesays.com\/es\/173858\/","title":{"rendered":"La Feria del Libro de Cartagena vuelve con 30 casetas e invitados como Javier Cercas, Juan G\u00f3mez Jurado y Carlota P\u00e9rez Reverte"},"content":{"rendered":"<p>MURCIA. <strong>Cartagena<\/strong>\u00a0volver\u00e1 a reunir a reconocidos\u00a0escritores regionales y nacionales\u00a0en la\u00a0<strong>32 edici\u00f3n de la Feria del Libro<\/strong>,\u00a0que se celebrar\u00e1 <strong>del\u00a015 al 19 de octubre\u00a0en la\u00a0Plaza Juan XXIII<\/strong>. Escritores como<strong>\u00a0Javier Cercas, Juan G\u00f3mez Jurado, Inma Rubiales\u00a0o el cantante\u00a0Andr\u00e9s Su\u00e1rez\u00a0<\/strong>participar\u00e1n en el evento impulsado por el\u00a0Ayuntamiento,\u00a0que contar\u00e1 con\u00a0actividades para todos los p\u00fablicos.\u00a0T<\/p>\n<p>La\u00a0nueva edici\u00f3n\u00a0ha sido presentada en el\u00a0Centro Cultural Ram\u00f3n Alonso Luzzy\u00a0por el concejal delegado de Cultura,\u00a0<strong>Ignacio J\u00e1udenes<\/strong>;\u00a0quien ha estado acompa\u00f1ado por el director general de Patrimonio Cultural de la Regi\u00f3n,<strong>\u00a0Patricio S\u00e1nchez<\/strong>;\u00a0\u00a0la presidenta de UNICEF de la Regi\u00f3n de Murcia,\u00a0<strong>Carolina Olivares<\/strong>; as\u00ed como\u00a0t\u00e9cnicos municipales y otros organizadores\u00a0de la feria.<\/p>\n<p>Bajo<strong> el lema &#8216;\u00bfQu\u00e9 es leer para ti?<\/strong>&#8216;, la feria invita este a\u00f1o a\u00a0descubrir la lectura como una experiencia \u00fanica y personal.\u00a0Para ello, el recinto contar\u00e1 con\u00a0<strong>m\u00e1s de 30 casetas<\/strong> en\u00a0las que se dar\u00e1n cita\u00a0editoriales, librer\u00edas y autores, con\u00a0actividades paralelas\u00a0pensadas para todos los p\u00fablicos. De esta manera, durante todo el fin de semana se han organizado presentaciones, firmas, encuentros literarios, talleres y propuestas dirigidas especialmente a los m\u00e1s j\u00f3venes, con el objetivo de\u00a0cultivar nuevos lectores.<\/p>\n<p>Traducido a m\u00e1s de treinta lenguas,\u00a0<strong>Javier Cercas<\/strong> ser\u00e1 uno de los invitados m\u00e1s destacados.\u00a0Est\u00e1 considerado uno de los\u00a0autores m\u00e1s influyentes de la narrativa contempor\u00e1nea.\u00a0Su obra incluye t\u00edtulos como Soldados de Salamina, Anatom\u00eda de un instante\u00a0o\u00a0El impostor.\u00a0El escritor estar\u00e1 en\u00a0Cartagena\u00a0el pr\u00f3ximo\u00a017 de octubre, a las\u00a019:00 horas, y estar\u00e1 presentado por el tambi\u00e9n escritor <strong>Antonio Lucas.<\/strong><\/p>\n<p>La ilustraci\u00f3n tambi\u00e9n estar\u00e1 presente de la mano de la mule\u00f1a\u00a0Ilu Ros, quien visitar\u00e1 el evento el\u00a016 de octubre, el mismo d\u00eda que lo har\u00e1 el <strong>cantante\u00a0Andr\u00e9s Su\u00e1rez<\/strong>. Por la feria tambi\u00e9n pasar\u00e1n\u00a0<strong>Pepe P\u00e9rez Muelas,\u00a0Carlota P\u00e9rez-Reverte, Antonio Parra, Eloy Moreno, Juan G\u00f3mez Jurado, Inma Rubiales, Luis Leante\u00a0o\u00a0Ignacio Borgo\u00f1\u00f3s<\/strong>, entre otros creadores.<\/p>\n<p>La Feria del Libro de Cartagena est\u00e1 organizada por el\u00a0Ayuntamiento de Cartagena,\u00a0que la\u00a0recuper\u00f3 en 2022, despu\u00e9s de\u00a013 a\u00f1os sin celebrarse. \u00abLa\u00a0Feria del Libro\u00a0ya se ha consolidado como un\u00a0referente en nuestro municipio.\u00a0Por ella,\u00a0miles de personas pasean por sus casetas\u00a0a curiosear y a comprar alguna novela, alg\u00fan c\u00f3mic o alg\u00fan ensayo\u00bb, ha explicado el edil. De esta manera, \u00abla recuperaci\u00f3n de la Feria hace apenas unos a\u00f1os marc\u00f3, sin duda,\u00a0uno de los hitos del nuevo impulso cultural\u00a0que hemos querido dar a Cartagena\u00bb, ha a\u00f1adido J\u00e1udenes.<\/p>\n<p>Toda la\u00a0informaci\u00f3n detallada por d\u00edas\u00a0est\u00e1 disponible en\u00a0www.feriadellibro.cartagena.es.<\/p>\n","protected":false},"excerpt":{"rendered":"MURCIA. Cartagena\u00a0volver\u00e1 a reunir a reconocidos\u00a0escritores regionales y nacionales\u00a0en la\u00a032 edici\u00f3n de la Feria del Libro,\u00a0que se celebrar\u00e1&hellip;\n","protected":false},"author":2,"featured_media":173859,"comment_status":"","ping_status":"","sticky":false,"template":"","format":"standard","meta":{"footnotes":""},"categories":[172],"tags":[224,146,147,25,24,225,23],"class_list":{"0":"post-173858","1":"post","2":"type-post","3":"status-publish","4":"format-standard","5":"has-post-thumbnail","7":"category-libros","8":"tag-books","9":"tag-entertainment","10":"tag-entretenimiento","11":"tag-es","12":"tag-espana","13":"tag-libros","14":"tag-spain"},"share_on_mastodon":{"url":"","error":""},"_links":{"self":[{"href":"https:\/\/www.europesays.com\/es\/wp-json\/wp\/v2\/posts\/173858","targetHints":{"allow":["GET"]}}],"collection":[{"href":"https:\/\/www.europesays.com\/es\/wp-json\/wp\/v2\/posts"}],"about":[{"href":"https:\/\/www.europesays.com\/es\/wp-json\/wp\/v2\/types\/post"}],"author":[{"embeddable":true,"href":"https:\/\/www.europesays.com\/es\/wp-json\/wp\/v2\/users\/2"}],"replies":[{"embeddable":true,"href":"https:\/\/www.europesays.com\/es\/wp-json\/wp\/v2\/comments?post=173858"}],"version-history":[{"count":0,"href":"https:\/\/www.europesays.com\/es\/wp-json\/wp\/v2\/posts\/173858\/revisions"}],"wp:featuredmedia":[{"embeddable":true,"href":"https:\/\/www.europesays.com\/es\/wp-json\/wp\/v2\/media\/173859"}],"wp:attachment":[{"href":"https:\/\/www.europesays.com\/es\/wp-json\/wp\/v2\/media?parent=173858"}],"wp:term":[{"taxonomy":"category","embeddable":true,"href":"https:\/\/www.europesays.com\/es\/wp-json\/wp\/v2\/categories?post=173858"},{"taxonomy":"post_tag","embeddable":true,"href":"https:\/\/www.europesays.com\/es\/wp-json\/wp\/v2\/tags?post=173858"}],"curies":[{"name":"wp","href":"https:\/\/api.w.org\/{rel}","templated":true}]}}