{"id":173862,"date":"2025-10-13T12:07:08","date_gmt":"2025-10-13T12:07:08","guid":{"rendered":"https:\/\/www.europesays.com\/es\/173862\/"},"modified":"2025-10-13T12:07:08","modified_gmt":"2025-10-13T12:07:08","slug":"beast-in-black-vuelven-en-noviembre-de-2026-con-sonata-arctica-y-frozen-crown","status":"publish","type":"post","link":"https:\/\/www.europesays.com\/es\/173862\/","title":{"rendered":"BEAST IN BLACK vuelven en NOVIEMBRE DE 2026 con SONATA ARCTICA y FROZEN CROWN"},"content":{"rendered":"<p>\u00a0<\/p>\n<p><strong>BEAST IN BLACK vuelven en NOVIEMBRE DE 2026 con SONATA ARCTICA y FROZEN CROWN <\/strong><br \/>\n<img fetchpriority=\"high\" decoding=\"async\" src=\"https:\/\/www.europesays.com\/es\/wp-content\/uploads\/2025\/10\/gira_nov26_500x267.jpg\" alt=\"BEAST IN BLACK\" width=\"500\" height=\"267\"\/><\/p>\n<p>Los finlandeses <strong><a href=\"https:\/\/beastinblack.com\/\" target=\"_blank\" rel=\"noopener nofollow\">BEAST IN BLACK<\/a><\/strong> regresan como cabeza de cartel, acompa\u00f1ados por los invitados especiales <strong>SONATA ARCTICA<\/strong> y los italianos <strong>FROZEN CROWN <\/strong>como banda de apertura. D<\/p>\n<p><strong>11 de noviembre en la Razzmatazz 1 de Barcelona y 13 de noviembre en la Santana 27 de Bilbao.<\/strong> En el cartel, aparece la fecha de 12 de noviembre por confirmar.<\/p>\n<p><img loading=\"lazy\" decoding=\"async\" src=\"https:\/\/www.europesays.com\/es\/wp-content\/uploads\/2025\/10\/gira_nov26.jpg\" alt=\"BEAST IN BLACK\" width=\"500\" height=\"706\"\/><\/p>\n<p style=\"text-align: center;\">Entradas a la venta el 15 de octubre a las 12:00 en <a href=\"https:\/\/www.madnesslive.es\/es\/pagina\/337-beast-in-black-regresan-este-2026-con-nuevo-trabajo\" target=\"_blank\" rel=\"noopener nofollow\">madnesslive.es<\/a><\/p>\n<p><a href=\"https:\/\/beastinblack.com\/tour\" target=\"_blank\" rel=\"noopener nofollow\">Todas las fechas europeas, aqui<\/a><\/p>\n<p>La banda comenta: \u00abEstamos encantados de anunciar nuestra gira para finales de 2026, que ser\u00e1 la presentaci\u00f3n en vivo del cuarto \u00e1lbum de Beast In Black. Sonata Arctica como invitados especiales y Frozen Crown como teloneros nos acompa\u00f1ar\u00e1n en este viaje; estamos encantados de compartir escenario con estas incre\u00edbles bandas. Les prometemos un espect\u00e1culo inigualable de Beast In Black y les garantizamos una noche que siempre recordar\u00e1n\u00bb.<\/p>\n<p>\u00a0<\/p>\n<p>\u00a0<\/p>\n","protected":false},"excerpt":{"rendered":"\u00a0 BEAST IN BLACK vuelven en NOVIEMBRE DE 2026 con SONATA ARCTICA y FROZEN CROWN Los finlandeses BEAST&hellip;\n","protected":false},"author":2,"featured_media":173863,"comment_status":"","ping_status":"","sticky":false,"template":"","format":"standard","meta":{"footnotes":""},"categories":[170],"tags":[50085,146,147,25,24,50086,184,185,50087,23],"class_list":{"0":"post-173862","1":"post","2":"type-post","3":"status-publish","4":"format-standard","5":"has-post-thumbnail","7":"category-musica","8":"tag-beast-in-black","9":"tag-entertainment","10":"tag-entretenimiento","11":"tag-es","12":"tag-espana","13":"tag-frozen-crown","14":"tag-music","15":"tag-musica","16":"tag-sonata-arctica","17":"tag-spain"},"share_on_mastodon":{"url":"","error":""},"_links":{"self":[{"href":"https:\/\/www.europesays.com\/es\/wp-json\/wp\/v2\/posts\/173862","targetHints":{"allow":["GET"]}}],"collection":[{"href":"https:\/\/www.europesays.com\/es\/wp-json\/wp\/v2\/posts"}],"about":[{"href":"https:\/\/www.europesays.com\/es\/wp-json\/wp\/v2\/types\/post"}],"author":[{"embeddable":true,"href":"https:\/\/www.europesays.com\/es\/wp-json\/wp\/v2\/users\/2"}],"replies":[{"embeddable":true,"href":"https:\/\/www.europesays.com\/es\/wp-json\/wp\/v2\/comments?post=173862"}],"version-history":[{"count":0,"href":"https:\/\/www.europesays.com\/es\/wp-json\/wp\/v2\/posts\/173862\/revisions"}],"wp:featuredmedia":[{"embeddable":true,"href":"https:\/\/www.europesays.com\/es\/wp-json\/wp\/v2\/media\/173863"}],"wp:attachment":[{"href":"https:\/\/www.europesays.com\/es\/wp-json\/wp\/v2\/media?parent=173862"}],"wp:term":[{"taxonomy":"category","embeddable":true,"href":"https:\/\/www.europesays.com\/es\/wp-json\/wp\/v2\/categories?post=173862"},{"taxonomy":"post_tag","embeddable":true,"href":"https:\/\/www.europesays.com\/es\/wp-json\/wp\/v2\/tags?post=173862"}],"curies":[{"name":"wp","href":"https:\/\/api.w.org\/{rel}","templated":true}]}}