{"id":173875,"date":"2025-10-13T12:14:08","date_gmt":"2025-10-13T12:14:08","guid":{"rendered":"https:\/\/www.europesays.com\/es\/173875\/"},"modified":"2025-10-13T12:14:08","modified_gmt":"2025-10-13T12:14:08","slug":"hamas-libera-a-los-20-rehenes-y-trump-celebra-un-nuevo-comienzo","status":"publish","type":"post","link":"https:\/\/www.europesays.com\/es\/173875\/","title":{"rendered":"Ham\u00e1s libera a los 20 rehenes y Trump celebra \u00abun nuevo comienzo\u00bb"},"content":{"rendered":"<p>          <img decoding=\"async\" class=\"c-ad__placeholder__logo\" src=\"https:\/\/static.euronews.com\/website\/images\/logos\/logo-euronews-stacked-outlined-72x72-grey-9.svg\" width=\"72\" height=\"72\" alt=\"\" loading=\"lazy\"\/><br \/>\n          PUBLICIDAD<\/p>\n<p>Ham\u00e1s liber\u00f3 el lunes por la ma\u00f1ana a<a href=\"https:\/\/es.euronews.com\/2025\/10\/09\/estos-son-los-rehenes-secuestrados-por-hamas-de-origen-latinoamericano\" rel=\"nofollow noopener\" target=\"_blank\"> los 20 rehenes vivos<\/a> que a\u00fan manten\u00eda retenidos y los puso bajo custodia de la Cruz Roja, como parte del alto el fuego acordado para poner fin a la guerra entre Israel y Ham\u00e1s. El acuerdo implica el intercambio de los \u00faltimos retenidos en Gaza, as\u00ed como de <strong>los cuerpos de otros 28 rehenes fallecidos a lo largo de estos dos a\u00f1os de cautiverio<\/strong>, mientras que Israel liberar\u00e1 a m\u00e1s de 1.900 prisioneros palestinos.<\/p>\n<p>Mientras tanto, el presidente de Estados Unidos, Donald Trump, <strong>aterriz\u00f3 en Israel el lunes, luego fue al Knesset<\/strong>, el Parlamento del pa\u00eds, a dar un discurso. Posteriormente, se trasladar\u00e1 a Egipto para reunirse con otros l\u00edderes mundiales y discutir <a href=\"https:\/\/es.euronews.com\/2025\/09\/27\/estos-son-los-21-puntos-del-plan-de-trump-para-poner-fin-a-la-guerra-de-gaza\" rel=\"nofollow noopener\" target=\"_blank\">el plan de paz propuesto por Estados Unidos<\/a>, que result\u00f3 en un alto el fuego entre Hamas e Israel y el intercambio de rehenes por prisioneros palestinos. <a href=\"https:\/\/x.com\/IsraeliPM\/status\/1977681134030061903\" target=\"_blank\" rel=\"noreferrer nofollow\">Netanyahu no ir\u00e1 a la cumbre en Egipto.<\/a><\/p>\n<p>\u00abEste es un gran honor para m\u00ed, un gran y hermoso d\u00eda\u00bb, <strong>escribi\u00f3 Trump en el libro de visitas del Parlamento israel\u00ed<\/strong>, al que lleg\u00f3 acompa\u00f1ado del primer ministro Benjam\u00edn Netanyahu. \u00abUn nuevo comienzo\u00bb. <\/p>\n<p>Todo forma parte del acuerdo de paz impulsado por Trump, que tiene como objetivo poner fin a la guerra en Gaza, <strong>que ha dejado m\u00e1s de 67.000 palestinos muertos<\/strong>. El conflicto actual se inici\u00f3 tras el ataque terrorista de Ham\u00e1s a Israel el<a href=\"https:\/\/es.euronews.com\/2025\/10\/07\/7-de-octubre-de-2023-el-dia-mas-sangriento-de-la-historia-de-israel\" rel=\"nofollow noopener\" target=\"_blank\"> 7 de octubre de 2023<\/a><strong>.<\/strong><\/p>\n<p>Se espera que sean <strong>liberados 250 palestinos<\/strong> que cumplen cadena perpetua o largas condenas en c\u00e1rceles israel\u00edes, as\u00ed como <strong>otros 1.700 que fueron detenidos en la Franja de Gaza<\/strong> durante la guerra. Esta ma\u00f1ana se pudo ver a familiares y amigos de los cautivos vitoreando cuando los canales de televisi\u00f3n israel\u00edes anunciaron que los <strong>rehenes hab\u00edan sido entregados a la Cruz Roja<\/strong>. Decenas de miles de israel\u00edes se reunieron por todo el pa\u00eds para compartir el momento.<\/p>\n<p>La Cruz Roja y la \u00aboperaci\u00f3n multifase\u00bb<\/p>\n<p>A primera hora del lunes, el Comit\u00e9 Internacional de la Cruz Roja declar\u00f3 que hab\u00eda iniciado una <strong>\u00aboperaci\u00f3n multifase\u00bb para supervisar la liberaci\u00f3n de rehenes y prisioneros.<\/strong> Tras ser recogidos por la Cruz Roja, los rehenes vivos ser\u00e1n <strong>transferidos al Ej\u00e9rcito israel\u00ed<\/strong> y trasladados a la base militar de Reim, donde se reunir\u00e1n con sus familias.<\/p>\n<p>No se espera que los <strong>restos sin vida de otros 28 rehenes sean devueltos al mismo tiempo.<\/strong> Se formar\u00e1 un grupo de trabajo internacional para <strong>localizar los cuerpos<\/strong> de los rehenes que no sean recuperados en un plazo de 72 horas, explic\u00f3 Gal Hirsch, coordinador israel\u00ed para los rehenes y los desaparecidos. El intercambio supone un gran avance despu\u00e9s de que se acordara un <strong>alto el fuego tras algo m\u00e1s de dos a\u00f1os de guerra.<\/strong><\/p>\n<p>Los principales canales de televisi\u00f3n israel\u00edes emitieron una cobertura especial durante la noche antes de la liberaci\u00f3n de los rehenes, a medida que aumentaba la expectaci\u00f3n. Antes del amanecer, la multitud comenz\u00f3 a congregarse en torno a una gran pantalla en la <strong>Plaza de los Rehenes de Tel Aviv.<\/strong><\/p>\n<p>En Gaza, se espera una <strong>oleada de<\/strong><a href=\"https:\/\/es.euronews.com\/2025\/10\/12\/aumenta-el-envio-de-ayuda-a-gaza-antes-de-la-cumbre-por-la-paz-en-egipto\" rel=\"nofollow noopener\" target=\"_blank\"> <strong>camiones de ayuda<\/strong><\/a> <strong>de la ONU<\/strong> para entrar en el enclave donde cientos de miles de personas se han quedado sin hogar despu\u00e9s de dos a\u00f1os de ofensiva militar israel\u00ed.<\/p>\n","protected":false},"excerpt":{"rendered":"PUBLICIDAD Ham\u00e1s liber\u00f3 el lunes por la ma\u00f1ana a los 20 rehenes vivos que a\u00fan manten\u00eda retenidos y&hellip;\n","protected":false},"author":2,"featured_media":173876,"comment_status":"","ping_status":"","sticky":false,"template":"","format":"standard","meta":{"footnotes":""},"categories":[42],"tags":[17,18,10813,13,14,1258,75,11,61,62,63,64,74,19,20,9,10,15,16,12651,12,21,22,65,66,67],"class_list":{"0":"post-173875","1":"post","2":"type-post","3":"status-publish","4":"format-standard","5":"has-post-thumbnail","7":"category-internacional","8":"tag-breaking-news","9":"tag-breakingnews","10":"tag-conflicto-palestino-israeli","11":"tag-featured-news","12":"tag-featurednews","13":"tag-guerra-israel-hamas","14":"tag-hamas","15":"tag-headlines","16":"tag-internacional","17":"tag-international","18":"tag-international-news","19":"tag-internationalnews","20":"tag-israel","21":"tag-latest-news","22":"tag-latestnews","23":"tag-news","24":"tag-noticias","25":"tag-noticias-destacadas","26":"tag-noticiasdestacadas","27":"tag-rehenes","28":"tag-titulares","29":"tag-ultimas-noticias","30":"tag-ultimasnoticias","31":"tag-world","32":"tag-world-news","33":"tag-worldnews"},"share_on_mastodon":{"url":"","error":""},"_links":{"self":[{"href":"https:\/\/www.europesays.com\/es\/wp-json\/wp\/v2\/posts\/173875","targetHints":{"allow":["GET"]}}],"collection":[{"href":"https:\/\/www.europesays.com\/es\/wp-json\/wp\/v2\/posts"}],"about":[{"href":"https:\/\/www.europesays.com\/es\/wp-json\/wp\/v2\/types\/post"}],"author":[{"embeddable":true,"href":"https:\/\/www.europesays.com\/es\/wp-json\/wp\/v2\/users\/2"}],"replies":[{"embeddable":true,"href":"https:\/\/www.europesays.com\/es\/wp-json\/wp\/v2\/comments?post=173875"}],"version-history":[{"count":0,"href":"https:\/\/www.europesays.com\/es\/wp-json\/wp\/v2\/posts\/173875\/revisions"}],"wp:featuredmedia":[{"embeddable":true,"href":"https:\/\/www.europesays.com\/es\/wp-json\/wp\/v2\/media\/173876"}],"wp:attachment":[{"href":"https:\/\/www.europesays.com\/es\/wp-json\/wp\/v2\/media?parent=173875"}],"wp:term":[{"taxonomy":"category","embeddable":true,"href":"https:\/\/www.europesays.com\/es\/wp-json\/wp\/v2\/categories?post=173875"},{"taxonomy":"post_tag","embeddable":true,"href":"https:\/\/www.europesays.com\/es\/wp-json\/wp\/v2\/tags?post=173875"}],"curies":[{"name":"wp","href":"https:\/\/api.w.org\/{rel}","templated":true}]}}