{"id":173888,"date":"2025-10-13T12:23:13","date_gmt":"2025-10-13T12:23:13","guid":{"rendered":"https:\/\/www.europesays.com\/es\/173888\/"},"modified":"2025-10-13T12:23:13","modified_gmt":"2025-10-13T12:23:13","slug":"mi-contribucion-es-cero-as-com","status":"publish","type":"post","link":"https:\/\/www.europesays.com\/es\/173888\/","title":{"rendered":"\u201cMi contribuci\u00f3n es cero\u201d &#8211; AS.com"},"content":{"rendered":"<p class=\"\">Desde que se anunci\u00f3 <a href=\"https:\/\/as.com\/motor\/formula_1\/red-bull-despide-a-horner-n\/\" target=\"_blank\" rel=\"noreferrer nofollow noopener\" title=\"https:\/\/as.com\/motor\/formula_1\/red-bull-despide-a-horner-n\/\">el despido fulminante de Christian Horner<\/a> el pasado 9 de julio, <b>Laurent Mekies <\/b>lleva seis grandes premios con las riendas de <b>Red Bull<\/b> y en los cuatro \u00faltimos han sumado dos victorias (Monza y Bak\u00fa) y dos segundos puestos (Zandvoort y Singapur), pero el jefe de Milton Keynes <b>no quiere asumir ning\u00fan cr\u00e9dito de esta racha de resultados. <\/b>Al contrario, lo descarga todo en el equipo y, en especial, en un <b>Max Verstappen<\/b> que siempre que puede demuestra su inagotable talento.<\/p>\n<p class=\"\"><b>\u201cMi contribuci\u00f3n sigue siendo cero, s\u00ed. Sigue siendo cero, y lo digo completamente en serio\u201d, <\/b>asegura el franc\u00e9s <a href=\"https:\/\/es.motorsport.com\/f1\/news\/mekies-explica-papel-decisivo-verstappen-aporte-nulo\/10765690\/\" target=\"_blank\" rel=\"noreferrer nofollow noopener\" title=\"https:\/\/es.motorsport.com\/f1\/news\/mekies-explica-papel-decisivo-verstappen-aporte-nulo\/10765690\/\">en declaraciones que recoge Motorsport,<\/a> y se explica: \u201cLa mejora en el rendimiento se debe al trabajo de todos: tras cada carrera analizamos nuestras limitaciones, el por qu\u00e9 no logramos extraer todo nuestro potencial y c\u00f3mo podemos hacerlo m\u00e1s r\u00e1pido. <b>Todo ese trabajo est\u00e1 dando sus frutos, junto con las aportaciones tan s\u00f3lidas de Max\u201d.<\/b><\/p>\n<p class=\"\">Aunque no pudieron hacer frente al gran ritmo de Russell que <a href=\"https:\/\/s1.richmediastudio.com\/assets\/img\/trans.png\" target=\"_blank\" rel=\"noreferrer nofollow noopener\" title=\"https:\/\/s1.richmediastudio.com\/assets\/img\/trans.png\">sorprendi\u00f3 incluso a Mercedes,<\/a> Mekies se\u00f1ala la importancia de ese segundo puesto en Singapur por delante de los McLaren: \u201cQue hayamos podido luchar aqu\u00ed significa mucho. Monza y Bak\u00fa eran muy diferentes, as\u00ed que hasta que no llegas aqu\u00ed, no lo puedes saber. Acabamos a pocos segundos de Russell y eso ya es una buena noticia. <b>Significa que lo que hemos encontrado en el coche no es algo exclusivo de circuitos con baja carga aerodin\u00e1mica\u201d.<\/b><\/p>\n<p><b>\u201cLaurent es demasiado correcto\u201d<\/b><\/p>\n<p class=\"\">\u201cMax hizo un gran trabajo resistiendo la presi\u00f3n de Norris, aunque hab\u00eda un par de cosas que le molestaban\u201d, dice el team principal en referencia a unos problemas recurrentes con la caja de cambios. Verstappen le devuelve el elogio: <b>\u201c\u00a1Laurent quiz\u00e1 sea demasiado correcto! Pero est\u00e1 muy bien que enfoquemos esto como un esfuerzo de equipo. <\/b>Siempre intentamos fijarnos en los detalles y en tratar de entender d\u00f3nde est\u00e1n nuestras debilidades. En las \u00faltimas carreras, eso ha mejorado mucho\u201d.<\/p>\n<p>Noticias relacionadas<a href=\"https:\/\/as.com\/motor\/formula_1\/gp-de-estados-unidos-de-f1-tv-horarios-y-donde-ver-las-carreras-en-austin-en-directo-online-f202510-n\/\" class=\"s_m_w\" title=\"Conoce la fecha, hora, d\u00f3nde ver en directo por televisi\u00f3n y c\u00f3mo seguir en vivo online el GP de Estados Unidos 2025 de F\u00f3rmula 1 en Austin, 19\u00aa cita del a\u00f1o.\" data-tb-link=\"\" rel=\"nofollow noopener\" target=\"_blank\"><img decoding=\"async\" src=\"https:\/\/www.europesays.com\/es\/wp-content\/uploads\/2025\/10\/1760358190_420_2HQ25KQFUNGZ7G4WNHKURST6BY.jpg\" alt=\"GP de Estados Unidos de F1: TV, horarios y d\u00f3nde ver las carreras en Austin en directo online\" class=\"\" height=\"1\" width=\"1\"   loading=\"lazy\" data-tb-thumbnail=\"\"\/><\/a><a href=\"https:\/\/as.com\/motor\/formula_1\/mclaren-debe-apoyar-a-piastri-f202510-n\/\" class=\"s_m_w\" title=\"El exjefe de Haas anima a los de Woking a apostar ya por el l\u00edder: \u201cEl a\u00f1o pasado no ganaron el t\u00edtulo de pilotos y este a\u00f1o si siguen as\u00ed, como en Singapur, no se puede dar por hecho\u201d.\" data-tb-link=\"\" rel=\"nofollow noopener\" target=\"_blank\"><img decoding=\"async\" src=\"https:\/\/www.europesays.com\/es\/wp-content\/uploads\/2025\/10\/1760358191_219_2ILBJ7MX5VPD7LP76C7L6SE4CY.jpg\" alt=\"McLaren debe \u201capoyar a Piastri\u201d\" class=\"\" height=\"1\" width=\"1\"   loading=\"lazy\" data-tb-thumbnail=\"\"\/><\/a><\/p>\n<p class=\"\">As\u00ed, ambos coinciden en se\u00f1alar una labor equipo fundamental que Verstappen complementa en la pista a falta de que Tsunoda encuentre por fin el camino. \u201cEsto confirma que tenemos a las mejores personas con las que podr\u00edamos so\u00f1ar. Vamos a seguir trabajando, no nos pararemos aqu\u00ed. <b>Vamos carrera a carrera y tenemos que ver si todav\u00eda podemos sacar m\u00e1s\u201d, <\/b>concluye Mekies. Con seis citas por delante, Max est\u00e1 a 63 puntos de Piastri y a 41 de Norris. Dif\u00edcil, pero a\u00fan no imposible.<\/p>\n<p><a href=\"https:\/\/as.com\/resultados\/ficha\/equipo\/red_bull\/4145\/\" rel=\"nofollow noopener\" target=\"_blank\"><img decoding=\"async\" src=\"https:\/\/www.europesays.com\/es\/wp-content\/uploads\/2025\/10\/4145.png\" alt=\"\u201cMi contribuci\u00f3n es cero\u201d\" height=\"80\" width=\"80\"  loading=\"lazy\" data-error-image=\"https:\/\/static.as.com\/dist\/resources\/images\/placeholder-team.png\"\/><\/a><\/p>\n<p class=\"\"><b>\u00a1Tus opiniones importan!<\/b> Comenta en los art\u00edculos y suscr\u00edbete gratis a nuestra <a href=\"https:\/\/asfan.as.com\/newsletters\/\" target=\"_blank\" rel=\"nofollow noopener\" title=\"https:\/\/asfan.as.com\/newsletters\/\">newsletter<\/a> y a las alertas informativas en la <a href=\"https:\/\/as.com\/aplicacion-de-as-n\/\" target=\"_blank\" rel=\"nofollow noopener\" title=\"https:\/\/as.com\/aplicacion-de-as-n\/\">App<\/a> o el canal de <a href=\"https:\/\/www.whatsapp.com\/channel\/0029VaAasdA7j6g745nz9M10\" target=\"_blank\" rel=\"nofollow noopener\" title=\"https:\/\/www.whatsapp.com\/channel\/0029VaAasdA7j6g745nz9M10\">WhatsApp<\/a>. \u00bfBuscas licenciar contenido? Haz clic <a href=\"https:\/\/profesional.elpais.com\/soluciones-sindicacion?utm_medium=interno&amp;utm_source=crosslinking&amp;utm_campaign=sindicacion_as_pie_articulos\" target=\"_blank\" rel=\"nofollow noopener\" title=\"https:\/\/profesional.elpais.com\/soluciones-sindicacion?utm_medium=interno&amp;utm_source=crosslinking&amp;utm_campaign=sindicacion_as_pie_articulos\">aqu\u00ed<\/a><\/p>\n","protected":false},"excerpt":{"rendered":"Desde que se anunci\u00f3 el despido fulminante de Christian Horner el pasado 9 de julio, Laurent Mekies lleva&hellip;\n","protected":false},"author":2,"featured_media":173889,"comment_status":"","ping_status":"","sticky":false,"template":"","format":"standard","meta":{"footnotes":""},"categories":[270],"tags":[168,25,24,306,271,272,23,167],"class_list":{"0":"post-173888","1":"post","2":"type-post","3":"status-publish","4":"format-standard","5":"has-post-thumbnail","7":"category-formula-1","8":"tag-deportes","9":"tag-es","10":"tag-espana","11":"tag-f1","12":"tag-formula-1","13":"tag-formula1","14":"tag-spain","15":"tag-sports"},"share_on_mastodon":{"url":"","error":""},"_links":{"self":[{"href":"https:\/\/www.europesays.com\/es\/wp-json\/wp\/v2\/posts\/173888","targetHints":{"allow":["GET"]}}],"collection":[{"href":"https:\/\/www.europesays.com\/es\/wp-json\/wp\/v2\/posts"}],"about":[{"href":"https:\/\/www.europesays.com\/es\/wp-json\/wp\/v2\/types\/post"}],"author":[{"embeddable":true,"href":"https:\/\/www.europesays.com\/es\/wp-json\/wp\/v2\/users\/2"}],"replies":[{"embeddable":true,"href":"https:\/\/www.europesays.com\/es\/wp-json\/wp\/v2\/comments?post=173888"}],"version-history":[{"count":0,"href":"https:\/\/www.europesays.com\/es\/wp-json\/wp\/v2\/posts\/173888\/revisions"}],"wp:featuredmedia":[{"embeddable":true,"href":"https:\/\/www.europesays.com\/es\/wp-json\/wp\/v2\/media\/173889"}],"wp:attachment":[{"href":"https:\/\/www.europesays.com\/es\/wp-json\/wp\/v2\/media?parent=173888"}],"wp:term":[{"taxonomy":"category","embeddable":true,"href":"https:\/\/www.europesays.com\/es\/wp-json\/wp\/v2\/categories?post=173888"},{"taxonomy":"post_tag","embeddable":true,"href":"https:\/\/www.europesays.com\/es\/wp-json\/wp\/v2\/tags?post=173888"}],"curies":[{"name":"wp","href":"https:\/\/api.w.org\/{rel}","templated":true}]}}