{"id":173890,"date":"2025-10-13T12:24:12","date_gmt":"2025-10-13T12:24:12","guid":{"rendered":"https:\/\/www.europesays.com\/es\/173890\/"},"modified":"2025-10-13T12:24:12","modified_gmt":"2025-10-13T12:24:12","slug":"la-locura-del-capo-galbiati-y-el-alivio-del-buesa-arena","status":"publish","type":"post","link":"https:\/\/www.europesays.com\/es\/173890\/","title":{"rendered":"La locura del &#8216;capo&#8217; Galbiati y el alivio del Buesa Arena"},"content":{"rendered":"<p>Qui\u00e9n pudiera ponerle un puls\u00f3metro a Paolo Galbiati. Aunque no haya datos, pocas dudas quedan de que su coraz\u00f3n lat\u00eda al galope en los instantes  &#8230; finales del partido contra el Real Madrid. Al fin ve\u00eda cerca su primera victoria como entrenador del <a href=\"https:\/\/www.elcorreo.com\/baskonia\/\" title=\"www.elcorreo.com\" data-voc-vtm-id=\"in-text-traffic\" data-mrf-link=\"www.elcorreo.com\" rel=\"nofollow noopener\" target=\"_blank\">Baskonia<\/a> tras cuarenta minutos que empezaron muy mal y terminaron con la fiesta del Buesa Arena. La locura del &#8216;capo&#8217; Galbiati y el alivio de la hinchada baskonista pudieron abrazarse de una vez por todas. <\/p>\n<p class=\"v-p\">Tal vez esos incontrolables nervios que apretaban el cuello de la camisa incluso m\u00e1s que la corbata -de la que no hubo ni rastro una vez finaliz\u00f3 el encuentro- fueron los que le llevaron a pedir la revisi\u00f3n de una falta a Forrest a nueve segundos para el final, cuando la victoria azulgrana era ya de cinco puntos (103-98). El t\u00e9cnico lombardo quer\u00eda asegurarse como fuera de que el triunfo cayera de su lado. Aunque la falta de su compatriota Procida sobre Forrest fue simple, los dos tiros libres anotados por el implacable Forrest le permitieron respirar. La canasta de Lyles sobre la bocina para situar el 105-100 final ya no le import\u00f3.<\/p>\n<p class=\"v-p\">Ah\u00ed pudo saludarse con Scariolo, al que derrot\u00f3 en el duelo de lombardos. Entre Vimercate, donde naci\u00f3 el azulgrana, y Brescia, tierra del madridista, apenas hay 85 kil\u00f3metros. La misma distancia que parec\u00eda separar a los dos conjuntos este domingo tras un primer cuarto desastroso. Los 34 puntos encajados auguraban otra noche de calvario y desesperaci\u00f3n ante los grav\u00edsimos problemas defensivos de la plantilla azulgrana. Pero las piezas empezaron a encajar. <\/p>\n<p class=\"v-p\">Alguna bronca tuvo que echar. Al descanso, en la breve entrevista televisiva, se limit\u00f3 en tono serio a recalcar que la clave era subir el nivel en defensa. Tras el encuentro, ya m\u00e1s relajado, se permiti\u00f3 incluso bromear con el tema y lanzarle un dardo a Cabarrot, que pasaba por ah\u00ed tambi\u00e9n para ser entrevistado. \u00abHas estado horrible en la primera parte y ahora estoy aqu\u00ed para ser entrevistado porque has escuchado. Bravo\u00bb, le espet\u00f3 con una sonrisa. \u00abEs una broma, pero le ped\u00ed que fuera un l\u00edder y lo ha demostrado. Necesitamos a todos\u00bb, a\u00f1adi\u00f3.<\/p>\n<p class=\"v-p\">Ah\u00ed mencion\u00f3 el t\u00e9cnico una de las claves de la remontada: que casi todos los jugadores aportaron. Fue un Baskonia coral, un imprescindible para afrontar una temporada de la exigencia de la actual. Las manos r\u00e1pidas de Nowell, los buenos minutos de Spagnolo, el paso adelante de Samanic&#8230; Y todo sin Markus Howard. El escolta estadounidense fue, no sin cierta sorpresa, el extracomunitario descartado por Galbiati. La jugada le sali\u00f3 bien, aunque ahora el t\u00e9cnico deber\u00e1 volver a darle encaje en una Euroliga sin limitaciones a ese respecto.<\/p>\n<p class=\"v-p\">Al final fue Forrest el que golpe\u00f3 el bombo de la victoria. Llevaba demasiado tiempo guardado en un almac\u00e9n. Tres derrotas seguidas en casa eran demasiado para una afici\u00f3n que, como demandaba el lema de la campa\u00f1a de abonados azulgrana, es creyente en su equipo. No perdi\u00f3 la fe. Tampoco Galbiati. Ambos se abrazaron camino del t\u00fanel de vestuarios. El primero de los muchos que vendr\u00e1n.<\/p>\n<p class=\"v-p\">Pero el baloncesto no para y el Baskonia afronta su primera semana doble de la temporada. Pendiente de un Kurucs que se march\u00f3 lesionado de su maltrecha planta del pie y con el partido del mi\u00e9rcoles en Par\u00eds en el horizonte. El viernes llegar\u00e1 el Partizan al Buesa Arena y el domingo los azulgranas jugar\u00e1n a los pies de la Alhambra. Ah\u00ed quiere Galbiati seguir construyendo su obra.<\/p>\n","protected":false},"excerpt":{"rendered":"Qui\u00e9n pudiera ponerle un puls\u00f3metro a Paolo Galbiati. Aunque no haya datos, pocas dudas quedan de que su&hellip;\n","protected":false},"author":2,"featured_media":173891,"comment_status":"","ping_status":"","sticky":false,"template":"","format":"standard","meta":{"footnotes":""},"categories":[269],"tags":[12754,3334,299,298,39305,7359,168,25,24,17490,1491,23,167],"class_list":{"0":"post-173890","1":"post","2":"type-post","3":"status-publish","4":"format-standard","5":"has-post-thumbnail","7":"category-baloncesto","8":"tag-alivio","9":"tag-arena","10":"tag-baloncesto","11":"tag-basketball","12":"tag-buesa","13":"tag-capo","14":"tag-deportes","15":"tag-es","16":"tag-espana","17":"tag-galbiati","18":"tag-locura","19":"tag-spain","20":"tag-sports"},"share_on_mastodon":{"url":"","error":""},"_links":{"self":[{"href":"https:\/\/www.europesays.com\/es\/wp-json\/wp\/v2\/posts\/173890","targetHints":{"allow":["GET"]}}],"collection":[{"href":"https:\/\/www.europesays.com\/es\/wp-json\/wp\/v2\/posts"}],"about":[{"href":"https:\/\/www.europesays.com\/es\/wp-json\/wp\/v2\/types\/post"}],"author":[{"embeddable":true,"href":"https:\/\/www.europesays.com\/es\/wp-json\/wp\/v2\/users\/2"}],"replies":[{"embeddable":true,"href":"https:\/\/www.europesays.com\/es\/wp-json\/wp\/v2\/comments?post=173890"}],"version-history":[{"count":0,"href":"https:\/\/www.europesays.com\/es\/wp-json\/wp\/v2\/posts\/173890\/revisions"}],"wp:featuredmedia":[{"embeddable":true,"href":"https:\/\/www.europesays.com\/es\/wp-json\/wp\/v2\/media\/173891"}],"wp:attachment":[{"href":"https:\/\/www.europesays.com\/es\/wp-json\/wp\/v2\/media?parent=173890"}],"wp:term":[{"taxonomy":"category","embeddable":true,"href":"https:\/\/www.europesays.com\/es\/wp-json\/wp\/v2\/categories?post=173890"},{"taxonomy":"post_tag","embeddable":true,"href":"https:\/\/www.europesays.com\/es\/wp-json\/wp\/v2\/tags?post=173890"}],"curies":[{"name":"wp","href":"https:\/\/api.w.org\/{rel}","templated":true}]}}