{"id":173896,"date":"2025-10-13T12:27:12","date_gmt":"2025-10-13T12:27:12","guid":{"rendered":"https:\/\/www.europesays.com\/es\/173896\/"},"modified":"2025-10-13T12:27:12","modified_gmt":"2025-10-13T12:27:12","slug":"una-preciosa-casa-de-380-metros-en-una-vieja-fabrica-de-corses-transformada-en-un-loft-elegante-decorado-con-muebles-vintage-y-a-medida","status":"publish","type":"post","link":"https:\/\/www.europesays.com\/es\/173896\/","title":{"rendered":"Una preciosa casa de 380 metros en una vieja f\u00e1brica de cors\u00e9s transformada en un loft elegante decorado con muebles vintage y a medida"},"content":{"rendered":"<p data-journey-content=\"true\" data-node-id=\"2\" class=\"body-dropcap css-z34acw emevuu60\">Cuando un joven profesional de finanzas buscaba mudarse del East Village de Nueva York al SoHo, sab\u00eda exactamente lo que le deparaba. \u00abPara m\u00ed, el SoHo personifica la esencia del Bajo Manhattan\u00bb, afirma. \u00abEs un barrio con una rica historia, pero que se reinventa continuamente como centro de arte, moda y cultura\u00bb. <strong data-node-id=\"2.1\">Encontr\u00f3 un loft<\/strong> en la calle Crosby, en un edificio que antiguamente hab\u00eda sido una f\u00e1brica de cors\u00e9s, y qued\u00f3 prendado: el espacio reflejaba a la perfecci\u00f3n la dicotom\u00eda que lo hizo enamorarse del barrio en un principio.<\/p>\n<p data-journey-content=\"true\" data-node-id=\"5\" class=\"css-6wxqfj emevuu60\">Aunque su cu\u00f1ada decor\u00f3 su apartamento en East Village, vio la residencia de Crosby Street como una oportunidad para colaborar de forma m\u00e1s formal con un dise\u00f1ador de interiores. Su cu\u00f1ada le present\u00f3 a <strong data-node-id=\"5.1\">Sebastian Zuchowicki<\/strong> y le dijo que ser\u00eda un idiota no colaborar con el joven estudio en el proyecto. \u00abLo que m\u00e1s admir\u00e9 del trabajo de Sebastian fue su originalidad\u00bb, dice el propietario. \u00abDesde el principio, qued\u00f3 claro que adopta un enfoque verdaderamente personalizado, creando algo \u00fanico y emocionante para cada cliente, en lugar de repetir una f\u00f3rmula\u00bb.<\/p>\n<p><img draggable=\"true\" alt=\"casa\" title=\"casa\" loading=\"lazy\" width=\"2500\" height=\"3125\" decoding=\"async\" data-nimg=\"1\" style=\"color:transparent;width:100%;height:auto;\"   src=\"https:\/\/www.europesays.com\/es\/wp-content\/uploads\/2025\/10\/6a45f7ed-7747-4c44-9b94-1398b40946a0-68de3f1678640.jpg\" class=\"css-0 e1g79fud0\"\/><a target=\"_blank\" rel=\"noopener nofollow\" data-theme-key=\"base-link\" href=\"https:\/\/pinterest.com\/pin\/create\/button\/?url=https:\/\/www.elledecor.com\/es\/casas\/a68126187\/sebastian-zuchowicki-soho-loft-home-tour\/&amp;description=elledecoresp&amp;media=https:\/\/hips.hearstapps.com\/hmg-prod\/images\/6a45f7ed-7747-4c44-9b94-1398b40946a0-68de3f1678640.jpg?resize=1600:*\" class=\"pinterest css-on9hn5 e1c1bym14\"><img decoding=\"async\" data-dynamic-svg=\"true\" src=\"https:\/\/www.elledecor.com\/_assets\/design-tokens\/fre\/static\/icons\/social\/pinterest.e8cf655.svg?primary=%2523ffffff\" loading=\"lazy\" data-testid=\"dynamic-svg-base\" height=\"auto\" width=\"auto\" alt=\"pinterest\" class=\"css-4lml0h e1mlxuuw1\"\/><\/a>Adri\u00e1n Gaut<\/p>\n<p>En el vest\u00edbulo, las paredes est\u00e1n encaladas de Ressource, el kilim vintage es de la galer\u00eda Double Knot, la consola y el banco son de Jean Prouv\u00e9 y los apliques son de 1stDibs.<\/p>\n<p><img draggable=\"true\" alt=\"casa\" title=\"casa\" loading=\"lazy\" width=\"3750\" height=\"2500\" decoding=\"async\" data-nimg=\"1\" style=\"color:transparent;width:100%;height:auto;\"   src=\"https:\/\/www.europesays.com\/es\/wp-content\/uploads\/2025\/10\/462ef754-dc68-4fa1-b103-10091ce31ebf-68de3f1520e17.jpg\" class=\"css-0 e1g79fud0\"\/><a target=\"_blank\" rel=\"noopener nofollow\" data-theme-key=\"base-link\" href=\"https:\/\/pinterest.com\/pin\/create\/button\/?url=https:\/\/www.elledecor.com\/es\/casas\/a68126187\/sebastian-zuchowicki-soho-loft-home-tour\/&amp;description=elledecoresp&amp;media=https:\/\/hips.hearstapps.com\/hmg-prod\/images\/462ef754-dc68-4fa1-b103-10091ce31ebf-68de3f1520e17.jpg?resize=1600:*\" class=\"pinterest css-on9hn5 e1c1bym14\"><img decoding=\"async\" data-dynamic-svg=\"true\" src=\"https:\/\/www.elledecor.com\/_assets\/design-tokens\/fre\/static\/icons\/social\/pinterest.e8cf655.svg?primary=%2523ffffff\" loading=\"lazy\" data-testid=\"dynamic-svg-base\" height=\"auto\" width=\"auto\" alt=\"pinterest\" class=\"css-4lml0h e1mlxuuw1\"\/><\/a>Adri\u00e1n Gaut<\/p>\n<p>Dos zonas de estar definen la sala de estar. La alfombra es de Beauvais, la l\u00e1mpara de pie de la izquierda es de Roger Fatus de Demisch Danant, los sillones rojos son de Marco Zanuso de 1stDibs y las obras de arte son de Creative Art Partners .<\/p>\n<p><img draggable=\"true\" alt=\"Modern living room featuring comfortable seating and large windows.\" title=\"Modern living room featuring comfortable seating and large windows.\" loading=\"lazy\" width=\"3000\" height=\"2000\" decoding=\"async\" data-nimg=\"1\" style=\"color:transparent;width:100%;height:auto;\"   src=\"https:\/\/www.europesays.com\/es\/wp-content\/uploads\/2025\/10\/20b723bf-9afe-4229-8bd7-e1c8ad82014b.jpg\" class=\"css-0 e1g79fud0\"\/><a target=\"_blank\" rel=\"noopener nofollow\" data-theme-key=\"base-link\" href=\"https:\/\/pinterest.com\/pin\/create\/button\/?url=https:\/\/www.elledecor.com\/es\/casas\/a68126187\/sebastian-zuchowicki-soho-loft-home-tour\/&amp;description=elledecoresp&amp;media=https:\/\/hips.hearstapps.com\/hmg-prod\/images\/20b723bf-9afe-4229-8bd7-e1c8ad82014b.jpg?resize=1600:*\" class=\"pinterest css-on9hn5 e1c1bym14\"><img decoding=\"async\" data-dynamic-svg=\"true\" src=\"https:\/\/www.elledecor.com\/_assets\/design-tokens\/fre\/static\/icons\/social\/pinterest.e8cf655.svg?primary=%2523ffffff\" loading=\"lazy\" data-testid=\"dynamic-svg-base\" height=\"auto\" width=\"auto\" alt=\"pinterest\" class=\"css-4lml0h e1mlxuuw1\"\/><\/a><\/p>\n<p>Adrian Gaut<\/p>\n<p><img draggable=\"true\" alt=\"Modern dining area featuring a long wooden table and upholstered chairs.\" title=\"Modern dining area featuring a long wooden table and upholstered chairs.\" loading=\"lazy\" width=\"2048\" height=\"2560\" decoding=\"async\" data-nimg=\"1\" style=\"color:transparent;width:100%;height:auto;\"   src=\"https:\/\/www.europesays.com\/es\/wp-content\/uploads\/2025\/10\/149c0680-afeb-4105-93b0-adbaabc15042.jpg\" class=\"css-0 e1g79fud0\"\/>Adrian Gaut<\/p>\n<p>La mesa de comedor a medida tuvo que introducirse con una gr\u00faa a trav\u00e9s de una ventana. Las sillas son de Ettore Sottsass de Raisonn\u00e9, la l\u00e1mpara de ara\u00f1a es de Santa &amp; Cole y la vasija de cer\u00e1mica es de Kathy Herteman de Hostler Burrows.<\/p>\n<p data-journey-content=\"true\" data-node-id=\"11\" class=\"css-6wxqfj emevuu60\">Zuchowicki, de familia argentina, creci\u00f3 en Miami. Su madre trabajaba en interiores por aquel entonces y vio en su hijo el potencial para hacer lo mismo. \u00abSiempre me dec\u00eda: &#8216;Deber\u00edas ser decorador, eres sensible a tu entorno'\u00bb, dice, aunque al joven Zuchowicki no le entusiasmaba. Estudi\u00f3 administraci\u00f3n hotelera antes de dejarla para dedicarse a trabajos espor\u00e1dicos, viviendo una etapa algo rebelde para quiz\u00e1s retrasar lo inevitable: matricularse en la Escuela de Dise\u00f1o de Interiores de Nueva York, siguiendo tard\u00edamente los pasos de su madre. \u00abAhora, no me imagino haciendo otra cosa que no sea lo que hago\u00bb.<\/p>\n<p data-journey-content=\"true\" data-node-id=\"15\" class=\"css-6wxqfj emevuu60\">\u00c9l atribuye su ojo a una \u00absanta trinidad\u00bb de mentores: Charlie Ferrer , quien le ense\u00f1\u00f3 a editar; el dise\u00f1ador Andre Mellone , de quien aprendi\u00f3 a apreciar las referencias hist\u00f3ricas; y Bill Sofield, quien le ense\u00f1\u00f3 a dirigir un negocio. Fue durante su tiempo en la firma Titan Studio Sofield que surgi\u00f3 la oportunidad de emprender su propio camino, dise\u00f1ando un \u00abpeque\u00f1o joyero de una habitaci\u00f3n\u00bb para el novio de un amigo en Miami. A eso le sigui\u00f3 r\u00e1pidamente otra residencia para un amigo en el edificio Jardim dise\u00f1ado por Isay Weinfeld en West Chelsea. Zuchowicki capitaliz\u00f3 el impulso, convirtiendo su negocio en el equipo de seis personas que es hoy.<\/p>\n<p><img draggable=\"true\" alt=\"Modern kitchen with minimalist design and floral arrangement.\" title=\"Modern kitchen with minimalist design and floral arrangement.\" loading=\"lazy\" width=\"2048\" height=\"2560\" decoding=\"async\" data-nimg=\"1\" style=\"color:transparent;width:100%;height:auto;\"   src=\"https:\/\/www.europesays.com\/es\/wp-content\/uploads\/2025\/10\/532939f4-f4f7-4f65-8d42-f8db5bcb5449.jpg\" class=\"css-0 e1g79fud0\"\/>Adrian Gaut<\/p>\n<p>The kitchen cabinets feature patinated metal fronts that extend to the appliances as well. The refrigerator is by SubZero.<\/p>\n<p data-journey-content=\"true\" data-node-id=\"18\" class=\"css-6wxqfj emevuu60\">El <strong data-node-id=\"18.1\">loft del SoHo, de 380 metros cuadrados<\/strong>, cuenta con dos dormitorios, una oficina y un sal\u00f3n. \u00abQuer\u00eda que fuera un espacio elegante\u00bb, dice Zuchowicki. \u00abPens\u00e9 que quiz\u00e1s la atm\u00f3sfera de la vida francesa de los a\u00f1os 60, o la de la Italia de los 70, era la adecuada\u00bb. Adem\u00e1s, se dise\u00f1\u00f3 con la mirada puesta en el futuro: \u00e9l y el cliente coincidieron en una <a href=\"https:\/\/www.elledecor.com\/es\/decoracion\/a65344779\/reforma-cocina-abierta-salon-comedor\/\" target=\"_blank\" data-vars-ga-outbound-link=\"https:\/\/www.elledecor.com\/es\/decoracion\/a65344779\/reforma-cocina-abierta-salon-comedor\/\" data-vars-ga-ux-element=\"Hyperlink\" data-vars-ga-call-to-action=\"distribuci\u00f3n abierta para el espacio\" data-node-id=\"18.3\" class=\"body-link css-15fjk10 emevuu60\" rel=\"nofollow noopener\">distribuci\u00f3n abierta para el espacio<\/a>, optimizada para la flexibilidad. \u00abNada tiene que estar en un mismo sitio para siempre. Podemos poner una l\u00e1mpara aqu\u00ed y otra all\u00e1\u00bb.<\/p>\n<p><img draggable=\"true\" alt=\"casa\" title=\"casa\" loading=\"lazy\" width=\"2500\" height=\"3125\" decoding=\"async\" data-nimg=\"1\" style=\"color:transparent;width:100%;height:auto;\"   src=\"https:\/\/www.europesays.com\/es\/wp-content\/uploads\/2025\/10\/cbf4bedd-c4d1-4be1-ac19-a01306928e5f-68de3f1520a86.jpg\" class=\"css-0 e1g79fud0\"\/><a target=\"_blank\" rel=\"noopener nofollow\" data-theme-key=\"base-link\" href=\"https:\/\/pinterest.com\/pin\/create\/button\/?url=https:\/\/www.elledecor.com\/es\/casas\/a68126187\/sebastian-zuchowicki-soho-loft-home-tour\/&amp;description=elledecoresp&amp;media=https:\/\/hips.hearstapps.com\/hmg-prod\/images\/cbf4bedd-c4d1-4be1-ac19-a01306928e5f-68de3f1520a86.jpg?resize=1600:*\" class=\"pinterest css-on9hn5 e1c1bym14\"><img decoding=\"async\" data-dynamic-svg=\"true\" src=\"https:\/\/www.elledecor.com\/_assets\/design-tokens\/fre\/static\/icons\/social\/pinterest.e8cf655.svg?primary=%2523ffffff\" loading=\"lazy\" data-testid=\"dynamic-svg-base\" height=\"auto\" width=\"auto\" alt=\"pinterest\" class=\"css-4lml0h e1mlxuuw1\"\/><\/a>Adri\u00e1n Gaut<\/p>\n<p>Un tapiz de Phillip Jeffries cuelga en el dormitorio principal. La colcha es de Cultiver y John Derian, las almohadas de la galer\u00eda Dobrinka Salzman, el banco de Jean Prouv\u00e9, la mesita de noche de Karl Andersson de Hostler Burrows y la l\u00e1mpara de Jean-Pierre Vitrac de Demisch Danant.<\/p>\n<p><img draggable=\"true\" alt=\"casa\" title=\"casa\" loading=\"lazy\" width=\"2500\" height=\"3125\" decoding=\"async\" data-nimg=\"1\" style=\"color:transparent;width:100%;height:auto;\"   src=\"https:\/\/www.europesays.com\/es\/wp-content\/uploads\/2025\/10\/172f1a32-4989-4fd7-b2b5-5542e1e08b63-68de3f1525b9e.jpg\" class=\"css-0 e1g79fud0\"\/><a target=\"_blank\" rel=\"noopener nofollow\" data-theme-key=\"base-link\" href=\"https:\/\/pinterest.com\/pin\/create\/button\/?url=https:\/\/www.elledecor.com\/es\/casas\/a68126187\/sebastian-zuchowicki-soho-loft-home-tour\/&amp;description=elledecoresp&amp;media=https:\/\/hips.hearstapps.com\/hmg-prod\/images\/172f1a32-4989-4fd7-b2b5-5542e1e08b63-68de3f1525b9e.jpg?resize=1600:*\" class=\"pinterest css-on9hn5 e1c1bym14\"><img decoding=\"async\" data-dynamic-svg=\"true\" src=\"https:\/\/www.elledecor.com\/_assets\/design-tokens\/fre\/static\/icons\/social\/pinterest.e8cf655.svg?primary=%2523ffffff\" loading=\"lazy\" data-testid=\"dynamic-svg-base\" height=\"auto\" width=\"auto\" alt=\"pinterest\" class=\"css-4lml0h e1mlxuuw1\"\/><\/a>Adri\u00e1n Gaut<\/p>\n<p>El armario de la habitaci\u00f3n de invitados se inspira en los bloques de color del vestidor de Dominique de Menil . La silla es de Jean Prouv\u00e9, la l\u00e1mpara de Santa &amp; Cole y la colcha de John Derian.<\/p>\n<p><img draggable=\"true\" alt=\"casa\" title=\"casa\" loading=\"lazy\" width=\"2500\" height=\"3142\" decoding=\"async\" data-nimg=\"1\" style=\"color:transparent;width:100%;height:auto;\"   src=\"https:\/\/www.europesays.com\/es\/wp-content\/uploads\/2025\/10\/d2d0bc2d-70f4-40c6-8cdd-a557dd81b0c0-68de3f151f37a.jpg\" class=\"css-0 e1g79fud0\"\/><a target=\"_blank\" rel=\"noopener nofollow\" data-theme-key=\"base-link\" href=\"https:\/\/pinterest.com\/pin\/create\/button\/?url=https:\/\/www.elledecor.com\/es\/casas\/a68126187\/sebastian-zuchowicki-soho-loft-home-tour\/&amp;description=elledecoresp&amp;media=https:\/\/hips.hearstapps.com\/hmg-prod\/images\/d2d0bc2d-70f4-40c6-8cdd-a557dd81b0c0-68de3f151f37a.jpg?resize=1600:*\" class=\"pinterest css-on9hn5 e1c1bym14\"><img decoding=\"async\" data-dynamic-svg=\"true\" src=\"https:\/\/www.elledecor.com\/_assets\/design-tokens\/fre\/static\/icons\/social\/pinterest.e8cf655.svg?primary=%2523ffffff\" loading=\"lazy\" data-testid=\"dynamic-svg-base\" height=\"auto\" width=\"auto\" alt=\"pinterest\" class=\"css-4lml0h e1mlxuuw1\"\/><\/a>Adri\u00e1n Gaut<\/p>\n<p>En un tocador, los accesorios son de Henry Chronos para Waterworks. Los apliques son de Urban Electric, el espejo vintage es de 1stDibs y la bandeja es de Jean Dunand de la galer\u00eda Dobrinka Salzman.<\/p>\n<p data-journey-content=\"true\" data-node-id=\"23\" class=\"css-6wxqfj emevuu60\">Al propietario le gusta socializar y recibir invitados, as\u00ed que, si bien Zuchowicki y su equipo <a href=\"https:\/\/www.elledecor.com\/es\/decoracion\/a66139773\/expertos-decoracion-muebles-vintage-antiguedades-otono\/\" target=\"_blank\" data-vars-ga-outbound-link=\"https:\/\/www.elledecor.com\/es\/decoracion\/a66139773\/expertos-decoracion-muebles-vintage-antiguedades-otono\/\" data-vars-ga-ux-element=\"Hyperlink\" data-vars-ga-call-to-action=\"eligieron principalmente muebles vintage\" data-node-id=\"23.1\" class=\"body-link css-15fjk10 emevuu60\" rel=\"nofollow noopener\">eligieron principalmente muebles vintage<\/a>, las piezas de tapicer\u00eda m\u00e1s grandes se fabricaron a medida para minimizar los problemas de tama\u00f1o y durabilidad. Uno de los cambios m\u00e1s importantes en la distribuci\u00f3n fue la decisi\u00f3n de crear <a href=\"https:\/\/www.elledecor.com\/es\/decoracion\/g35019247\/ideas-recibidores-pequenos-tendencia-decoracion\/\" target=\"_blank\" data-vars-ga-outbound-link=\"https:\/\/www.elledecor.com\/es\/decoracion\/g35019247\/ideas-recibidores-pequenos-tendencia-decoracion\/\" data-vars-ga-ux-element=\"Hyperlink\" data-vars-ga-call-to-action=\"un gran recibidor\" data-node-id=\"23.3\" class=\"body-link css-15fjk10 emevuu60\" rel=\"nofollow noopener\">un gran recibidor<\/a> exclusivo en la amplia <a href=\"https:\/\/www.elledecor.com\/es\/decoracion\/g34445340\/salon-comedor-elegante-moderno-distribucion\/\" target=\"_blank\" data-vars-ga-outbound-link=\"https:\/\/www.elledecor.com\/es\/decoracion\/g34445340\/salon-comedor-elegante-moderno-distribucion\/\" data-vars-ga-ux-element=\"Hyperlink\" data-vars-ga-call-to-action=\"sala de estar y comedor\" data-node-id=\"23.5\" class=\"body-link css-15fjk10 emevuu60\" rel=\"nofollow noopener\">sala de estar y comedor<\/a>. Al principio, el propietario dud\u00f3, pero Zuchowicki lo convenci\u00f3 al trazar la transformaci\u00f3n con cinta de pintor. \u00abNo hay nada peor que cuando te despides de alguien y de repente est\u00e1s de cara a la pared, esperando el ascensor; parece que est\u00e1s en un rinc\u00f3n de descanso\u00bb, dice Zuchowicki. \u00abSi vas a recibir invitados, necesitas un espacio donde la gente pueda reunirse\u00bb. <\/p>\n<p><img draggable=\"true\" alt=\"casa\" title=\"casa\" loading=\"lazy\" width=\"2500\" height=\"3125\" decoding=\"async\" data-nimg=\"1\" style=\"color:transparent;width:100%;height:auto;\"   src=\"https:\/\/www.europesays.com\/es\/wp-content\/uploads\/2025\/10\/1b9f08b4-c963-426e-b0ce-c75e2f4bfad4-68de3f16684e4.jpg\" class=\"css-0 e1g79fud0\"\/><a target=\"_blank\" rel=\"noopener nofollow\" data-theme-key=\"base-link\" href=\"https:\/\/pinterest.com\/pin\/create\/button\/?url=https:\/\/www.elledecor.com\/es\/casas\/a68126187\/sebastian-zuchowicki-soho-loft-home-tour\/&amp;description=elledecoresp&amp;media=https:\/\/hips.hearstapps.com\/hmg-prod\/images\/1b9f08b4-c963-426e-b0ce-c75e2f4bfad4-68de3f16684e4.jpg?resize=1600:*\" class=\"pinterest css-on9hn5 e1c1bym14\"><img decoding=\"async\" data-dynamic-svg=\"true\" src=\"https:\/\/www.elledecor.com\/_assets\/design-tokens\/fre\/static\/icons\/social\/pinterest.e8cf655.svg?primary=%2523ffffff\" loading=\"lazy\" data-testid=\"dynamic-svg-base\" height=\"auto\" width=\"auto\" alt=\"pinterest\" class=\"css-4lml0h e1mlxuuw1\"\/><\/a><\/p>\n<p>Adri\u00e1n Gaut<\/p>\n<p data-journey-content=\"true\" data-node-id=\"26\" class=\"css-6wxqfj emevuu60\">Se a\u00f1adieron frentes met\u00e1licos a los<a href=\"https:\/\/www.elledecor.com\/es\/decoracion\/g43693101\/armarios-estanterias-cocina-ideas-orden-estilo\/\" target=\"_blank\" data-vars-ga-outbound-link=\"https:\/\/www.elledecor.com\/es\/decoracion\/g43693101\/armarios-estanterias-cocina-ideas-orden-estilo\/\" data-vars-ga-ux-element=\"Hyperlink\" data-vars-ga-call-to-action=\" armarios de la cocina\" data-node-id=\"26.1\" class=\"body-link css-15fjk10 emevuu60\" rel=\"nofollow noopener\"> armarios de la cocina<\/a> para conservar el aire de \u00abSoHo\u00bb, que tambi\u00e9n se extiende a los electrodom\u00e9sticos: el frigor\u00edfico SubZero e incluso el lavavajillas tienen frentes patinados. La elecci\u00f3n de la pintura tambi\u00e9n aporta profundidad y una sensaci\u00f3n de progreso al espacio. Los invitados salen del oscuro vest\u00edbulo a las luminosas y espaciosas zonas comunes, mientras que el<a href=\"https:\/\/www.elledecor.com\/es\/decoracion\/g32446814\/dormitorios-ideas-decoracion-estilos-colores-distribucion\/\" target=\"_blank\" data-vars-ga-outbound-link=\"https:\/\/www.elledecor.com\/es\/decoracion\/g32446814\/dormitorios-ideas-decoracion-estilos-colores-distribucion\/\" data-vars-ga-ux-element=\"Hyperlink\" data-vars-ga-call-to-action=\" dormitorio principal\" data-node-id=\"26.3\" class=\"body-link css-15fjk10 emevuu60\" rel=\"nofollow noopener\"> dormitorio principal<\/a>, en la parte trasera de la casa, es un agradable respiro con un tapiz de hierba Philip Jeffries en tonos tierra. \u00abCreo que tenemos una f\u00f3rmula para trabajar con la escala, la textura y la composici\u00f3n\u00bb, afirma Zuchowicki. \u00abPero lo que realmente distingue a nuestros proyectos son los clientes\u00bb. <\/p>\n<p data-journey-content=\"true\" data-node-id=\"28\" class=\"css-6wxqfj emevuu60\"><a href=\"https:\/\/sebastianzuchowicki.com\/\" target=\"_blank\" rel=\"nofollow noopener\" data-vars-ga-outbound-link=\"https:\/\/sebastianzuchowicki.com\/\" data-vars-ga-ux-element=\"Hyperlink\" data-vars-ga-call-to-action=\"www.sebastianzuchowicki.com\" data-node-id=\"28.0.0\" class=\"body-link css-15fjk10 emevuu60\">www.sebastianzuchowicki.com<\/a><\/p>\n<p>Lo m\u00e1s visto<img src=\"https:\/\/www.europesays.com\/es\/wp-content\/uploads\/2025\/10\/454322e0-fd1c-4017-9e8c-5f5c49a6ce16_1664998521.file\" alt=\"Headshot of Sean Santiago\" title=\"Headshot of Sean Santiago\" width=\"100%\" height=\"100%\" decoding=\"async\" loading=\"lazy\" class=\"css-o0wq4v ev8dhu53\"\/><\/p>\n<p>Sean Santiago is ELLE Decor&#8217;s Deputy Editor, covering news, trends and talents in interior design, <a href=\"https:\/\/www.elledecor.com\/life-culture\/travel\/\" rel=\"nofollow noopener\" target=\"_blank\">hospitality and travel<\/a>, <a href=\"https:\/\/www.elledecor.com\/life-culture\/\" rel=\"nofollow noopener\" target=\"_blank\">culture<\/a>, and <a href=\"https:\/\/www.elledecor.com\/jewelry\/\" rel=\"nofollow noopener\" target=\"_blank\">luxury shopping<\/a>. Since starting his career at an interior design firm in 2011, he has gone on to cover the industry for Vogue, Architectural Digest, Sight Unseen, PIN-UP and Domino. He is the author of <a href=\"https:\/\/www.simonandschuster.com\/books\/The-Lonny-Home\/Sean-Santiago\/9781681883243\" rel=\"noopener noreferrer nofollow\" target=\"_blank\">The Lonny Home<\/a> (Weldon Owens, 2018), has produced scripted social content for brands including West Elm and Streeteasy, and is sometimes recognized on the street for his <a href=\"https:\/\/www.instagram.com\/sean_santiago\/reels\/\" rel=\"nofollow noopener\" target=\"_blank\">Instagram Reels<\/a> series, #DanceToDecor<\/p>\n<p><script async src=\"\/\/www.instagram.com\/embed.js\"><\/script><\/p>\n","protected":false},"excerpt":{"rendered":"Cuando un joven profesional de finanzas buscaba mudarse del East Village de Nueva York al SoHo, sab\u00eda exactamente&hellip;\n","protected":false},"author":2,"featured_media":173897,"comment_status":"","ping_status":"","sticky":false,"template":"","format":"standard","meta":{"footnotes":""},"categories":[173],"tags":[229,233,231,230,232,253,234,1180,146,147,25,24,254,23],"class_list":{"0":"post-173896","1":"post","2":"type-post","3":"status-publish","4":"format-standard","5":"has-post-thumbnail","7":"category-arte-y-diseno","8":"tag-arte","9":"tag-arte-y-diseno","10":"tag-arts","11":"tag-arts-and-design","12":"tag-design","13":"tag-discover","14":"tag-diseno","15":"tag-editorial","16":"tag-entertainment","17":"tag-entretenimiento","18":"tag-es","19":"tag-espana","20":"tag-sindicado","21":"tag-spain"},"share_on_mastodon":{"url":"","error":""},"_links":{"self":[{"href":"https:\/\/www.europesays.com\/es\/wp-json\/wp\/v2\/posts\/173896","targetHints":{"allow":["GET"]}}],"collection":[{"href":"https:\/\/www.europesays.com\/es\/wp-json\/wp\/v2\/posts"}],"about":[{"href":"https:\/\/www.europesays.com\/es\/wp-json\/wp\/v2\/types\/post"}],"author":[{"embeddable":true,"href":"https:\/\/www.europesays.com\/es\/wp-json\/wp\/v2\/users\/2"}],"replies":[{"embeddable":true,"href":"https:\/\/www.europesays.com\/es\/wp-json\/wp\/v2\/comments?post=173896"}],"version-history":[{"count":0,"href":"https:\/\/www.europesays.com\/es\/wp-json\/wp\/v2\/posts\/173896\/revisions"}],"wp:featuredmedia":[{"embeddable":true,"href":"https:\/\/www.europesays.com\/es\/wp-json\/wp\/v2\/media\/173897"}],"wp:attachment":[{"href":"https:\/\/www.europesays.com\/es\/wp-json\/wp\/v2\/media?parent=173896"}],"wp:term":[{"taxonomy":"category","embeddable":true,"href":"https:\/\/www.europesays.com\/es\/wp-json\/wp\/v2\/categories?post=173896"},{"taxonomy":"post_tag","embeddable":true,"href":"https:\/\/www.europesays.com\/es\/wp-json\/wp\/v2\/tags?post=173896"}],"curies":[{"name":"wp","href":"https:\/\/api.w.org\/{rel}","templated":true}]}}