{"id":173898,"date":"2025-10-13T12:28:09","date_gmt":"2025-10-13T12:28:09","guid":{"rendered":"https:\/\/www.europesays.com\/es\/173898\/"},"modified":"2025-10-13T12:28:09","modified_gmt":"2025-10-13T12:28:09","slug":"juan-rodenas-presenta-en-llibreria-ali-i-truc-su-libro-canto-trazos-de-la-venida-de-la-virgen-a-elche-y-su-ciudad","status":"publish","type":"post","link":"https:\/\/www.europesays.com\/es\/173898\/","title":{"rendered":"Juan Rodenas presenta en Llibrer\u00eda Ali i Truc su libro &#8216;Cant\u00f3, trazos de la Venida de la Virgen a Elche y su ciudad&#8217;"},"content":{"rendered":"<p class=\"articleParagraph\">Este lunes en el Rinc\u00f3n Literario de M\u00e1s de uno Elche-Comarcas del Vinalop\u00f3, David Reche nos lee los cinco cuentos finalistas de la \u00faltima edici\u00f3n del Concurso de Microrrelatos de Ali i Truc. Adem\u00e1s, en las propuestas de agenda cultural y literaria de la semana nos invita a compartir charla con la ilicitana <b>Paola Yenay<\/b> que el viernes firmar\u00e1 ejemplares de sus libros;<b> Carmen Malvi<\/b> presenta el martes a las 11 de la ma\u00f1ana su libro &#8216;Me comparto contigo&#8217; y el s\u00e1bado estar\u00e1 en la librer\u00eda<b> Manuel S\u00e1nchez<\/b> para firmar un numero n\u00famero de su revista sat\u00edrica &#8216;El soci\u00f3logo psic\u00f3pata&#8217;.<\/p>\n<p class=\"articleParagraph\">Otra invitaci\u00f3n literaria nos llega desde el Colegio de Abogados donde <b>Juan Rodenas<\/b> presenta este jueves d\u00eda 16 a las 19:00 horas su libro &#8216;Cant\u00f3. Trazos de la Venida de la Virgen a Elche y su ciudad&#8217;.<\/p>\n","protected":false},"excerpt":{"rendered":"Este lunes en el Rinc\u00f3n Literario de M\u00e1s de uno Elche-Comarcas del Vinalop\u00f3, David Reche nos lee los&hellip;\n","protected":false},"author":2,"featured_media":173899,"comment_status":"","ping_status":"","sticky":false,"template":"","format":"standard","meta":{"footnotes":""},"categories":[172],"tags":[224,146,147,25,24,225,23],"class_list":{"0":"post-173898","1":"post","2":"type-post","3":"status-publish","4":"format-standard","5":"has-post-thumbnail","7":"category-libros","8":"tag-books","9":"tag-entertainment","10":"tag-entretenimiento","11":"tag-es","12":"tag-espana","13":"tag-libros","14":"tag-spain"},"share_on_mastodon":{"url":"","error":""},"_links":{"self":[{"href":"https:\/\/www.europesays.com\/es\/wp-json\/wp\/v2\/posts\/173898","targetHints":{"allow":["GET"]}}],"collection":[{"href":"https:\/\/www.europesays.com\/es\/wp-json\/wp\/v2\/posts"}],"about":[{"href":"https:\/\/www.europesays.com\/es\/wp-json\/wp\/v2\/types\/post"}],"author":[{"embeddable":true,"href":"https:\/\/www.europesays.com\/es\/wp-json\/wp\/v2\/users\/2"}],"replies":[{"embeddable":true,"href":"https:\/\/www.europesays.com\/es\/wp-json\/wp\/v2\/comments?post=173898"}],"version-history":[{"count":0,"href":"https:\/\/www.europesays.com\/es\/wp-json\/wp\/v2\/posts\/173898\/revisions"}],"wp:featuredmedia":[{"embeddable":true,"href":"https:\/\/www.europesays.com\/es\/wp-json\/wp\/v2\/media\/173899"}],"wp:attachment":[{"href":"https:\/\/www.europesays.com\/es\/wp-json\/wp\/v2\/media?parent=173898"}],"wp:term":[{"taxonomy":"category","embeddable":true,"href":"https:\/\/www.europesays.com\/es\/wp-json\/wp\/v2\/categories?post=173898"},{"taxonomy":"post_tag","embeddable":true,"href":"https:\/\/www.europesays.com\/es\/wp-json\/wp\/v2\/tags?post=173898"}],"curies":[{"name":"wp","href":"https:\/\/api.w.org\/{rel}","templated":true}]}}