{"id":17390,"date":"2025-08-01T00:05:11","date_gmt":"2025-08-01T00:05:11","guid":{"rendered":"https:\/\/www.europesays.com\/es\/17390\/"},"modified":"2025-08-01T00:05:11","modified_gmt":"2025-08-01T00:05:11","slug":"el-malaga-firma-el-fichaje-del-defensa-javi-montero-por-una-temporada-con-opcion-a-otra-mas","status":"publish","type":"post","link":"https:\/\/www.europesays.com\/es\/17390\/","title":{"rendered":"El M\u00e1laga firma el fichaje del defensa Javi Montero por una temporada con opci\u00f3n a otra m\u00e1s"},"content":{"rendered":"<p>Para ofrecer las mejores experiencias, nosotros y nuestros socios utilizamos tecnolog\u00edas como cookies para almacenar y\/o acceder a la informaci\u00f3n del dispositivo. La aceptaci\u00f3n de estas tecnolog\u00edas nos permitir\u00e1 a nosotros y a nuestros socios procesar datos personales como el comportamiento de navegaci\u00f3n o identificaciones \u00fanicas (IDs) en este sitio y mostrar anuncios (no-) personalizados. No consentir o retirar el consentimiento, puede afectar negativamente a ciertas caracter\u00edsticas y funciones.<\/p>\n<p>Haz clic a continuaci\u00f3n para aceptar lo anterior o realizar elecciones m\u00e1s detalladas.\u00a0Tus elecciones se aplicar\u00e1n solo en este sitio.\u00a0Puedes cambiar tus ajustes en cualquier momento, incluso retirar tu consentimiento, utilizando los botones de la Pol\u00edtica de cookies o haciendo clic en el icono de Privacidad situado en la parte inferior de la pantalla.<\/p>\n<p>\n\t\t\t\t\tEl almacenamiento o acceso t\u00e9cnico es estrictamente necesario para el prop\u00f3sito leg\u00edtimo de permitir el uso de un servicio espec\u00edfico expl\u00edcitamente solicitado por el abonado o usuario, o con el \u00fanico prop\u00f3sito de llevar a cabo la transmisi\u00f3n de una comunicaci\u00f3n a trav\u00e9s de una red de comunicaciones electr\u00f3nicas.\n\t\t\t\t<\/p>\n<p>\n\t\t\t\t\tEl almacenamiento o acceso t\u00e9cnico es necesario para la finalidad leg\u00edtima de almacenar preferencias no solicitadas por el abonado o usuario.\n\t\t\t\t<\/p>\n<p>\n\t\t\t\t\tEl almacenamiento o acceso t\u00e9cnico que es utilizado exclusivamente con fines estad\u00edsticos.<br \/>\n\t\t\t\t\tEl almacenamiento o acceso t\u00e9cnico que se utiliza exclusivamente con fines estad\u00edsticos an\u00f3nimos. Sin un requerimiento, el cumplimiento voluntario por parte de tu proveedor de servicios de Internet, o los registros adicionales de un tercero, la informaci\u00f3n almacenada o recuperada s\u00f3lo para este prop\u00f3sito no se puede utilizar para identificarte.\n\t\t\t\t<\/p>\n<p>\n\t\t\t\t\tEl almacenamiento o acceso t\u00e9cnico es necesario para crear perfiles de usuario para enviar publicidad, o para rastrear al usuario en una web o en varias web con fines de marketing similares.\n\t\t\t\t<\/p>\n","protected":false},"excerpt":{"rendered":"Para ofrecer las mejores experiencias, nosotros y nuestros socios utilizamos tecnolog\u00edas como cookies para almacenar y\/o acceder a&hellip;\n","protected":false},"author":2,"featured_media":17391,"comment_status":"","ping_status":"","sticky":false,"template":"","format":"standard","meta":{"footnotes":""},"categories":[268],"tags":[168,25,24,285,280,282,281,23,167],"class_list":{"0":"post-17390","1":"post","2":"type-post","3":"status-publish","4":"format-standard","5":"has-post-thumbnail","7":"category-futbol","8":"tag-deportes","9":"tag-es","10":"tag-espana","11":"tag-fichajes","12":"tag-football","13":"tag-futbol","14":"tag-soccer","15":"tag-spain","16":"tag-sports"},"share_on_mastodon":{"url":"","error":""},"_links":{"self":[{"href":"https:\/\/www.europesays.com\/es\/wp-json\/wp\/v2\/posts\/17390","targetHints":{"allow":["GET"]}}],"collection":[{"href":"https:\/\/www.europesays.com\/es\/wp-json\/wp\/v2\/posts"}],"about":[{"href":"https:\/\/www.europesays.com\/es\/wp-json\/wp\/v2\/types\/post"}],"author":[{"embeddable":true,"href":"https:\/\/www.europesays.com\/es\/wp-json\/wp\/v2\/users\/2"}],"replies":[{"embeddable":true,"href":"https:\/\/www.europesays.com\/es\/wp-json\/wp\/v2\/comments?post=17390"}],"version-history":[{"count":0,"href":"https:\/\/www.europesays.com\/es\/wp-json\/wp\/v2\/posts\/17390\/revisions"}],"wp:featuredmedia":[{"embeddable":true,"href":"https:\/\/www.europesays.com\/es\/wp-json\/wp\/v2\/media\/17391"}],"wp:attachment":[{"href":"https:\/\/www.europesays.com\/es\/wp-json\/wp\/v2\/media?parent=17390"}],"wp:term":[{"taxonomy":"category","embeddable":true,"href":"https:\/\/www.europesays.com\/es\/wp-json\/wp\/v2\/categories?post=17390"},{"taxonomy":"post_tag","embeddable":true,"href":"https:\/\/www.europesays.com\/es\/wp-json\/wp\/v2\/tags?post=17390"}],"curies":[{"name":"wp","href":"https:\/\/api.w.org\/{rel}","templated":true}]}}